{"id":218079,"date":"2026-01-28T21:41:23","date_gmt":"2026-01-29T01:41:23","guid":{"rendered":"https:\/\/www.elsinodaldetamaulipas.com.mx\/?p=218079"},"modified":"2026-01-28T21:41:23","modified_gmt":"2026-01-29T01:41:23","slug":"morena-si-ira-en-alianza-con-verde-y-pt","status":"publish","type":"post","link":"https:\/\/www.elsinodaldetamaulipas.com.mx\/?p=218079","title":{"rendered":"MORENA SI IR\u00c1 EN ALIANZA CON VERDE Y PT"},"content":{"rendered":"<div class=\"post-content\">\n<p>\u201c ENTRE LINEAS \u201c<br \/>\nPOR: LIC. JORGE ARANO<\/p>\n<p>LA ALIANZA DE LA UNIDAD OFICIALISTA DE APOYO A LA<br \/>\nPRESIDENTA CLAUDIA SHEINBAUM PARDO FUE FIRMADA ESTA TARDE POR<br \/>\nEL PARTIDO MORENA, PARTIDO VERDE ECOLOGISTA Y PARTIDO DEL<br \/>\nTRABAJO, SUS LIDERES NACIONALES OFRECIERON UNA CONFERENCIA DE<br \/>\nPRENSA, para reafirmar que seguir\u00e1n trabajando en la transformaci\u00f3n de<br \/>\nM\u00e9xico que est\u00e1 m\u00e1s fuerte que nunca.<br \/>\nDEFINITIVAMENTE LAS ULTIMAS PALABRAS LAS DAN LOS<br \/>\nCOMIT\u00c9S EJECUTIVOS NACIONALES EN LA CIUDAD DE MEXICA, LUISA<br \/>\nMAR\u00cdA ALCALDE PRESIDENTA NACIONAL DE MORENA, KAREN CASTRENSE<br \/>\nL\u00cdDER NACIONAL DEL PARTIDO VERDE Y ALBERTO ANAYA L\u00cdDER NACIONAL<br \/>\nDEL PARTIDO DEL TRABAJO, despejaron toda duda, se necesitan en alianza<br \/>\npara consolidar la unidad de las y los mexicanos ante los procesos<br \/>\nelectorales siguientes.<br \/>\nDURANTE LA CONFERENCIA DE PRENSA NO BRINDARON<br \/>\nDETALLES SOBRE LA REFORMA ELECTORAL, PERO VENTILARON QUE LA<br \/>\nOPOSICI\u00d3N NO TIENE AGENDA NI RUMBO, SE FROTAN LAS MANOS DE<br \/>\nNERVIOSISMO EL PAN-PRI, ESPERABAN UNA DIVISI\u00d3N, PERO HOY SE<br \/>\nDESPEJO EL TEL\u00d3N, HOY LA alianza pol\u00edtica est\u00e1 m\u00e1s fuerte que nunca<br \/>\nrumbo al 2027, aseguro Luisa Mar\u00eda Alcalde custodiada por los lideres<br \/>\nnacional del partido Verde y del PT.<br \/>\nESTA ALIANZA TIENE EL FIRME OBJETIVO DE CONTINUAR<br \/>\nTRABAJANDO CON LA TRANSFORMACI\u00d3N POR EL BIENESTAR DE M\u00c9XICO,<br \/>\nCON ACUERDOS, RESPONSABILIDAD, DIALOGO Y VISI\u00d3N A LARGO PLAZO,<br \/>\nEL SEGUNDO PISO DE LA TRANSFORMACI\u00d3N SE CONSTRUYE con resultados<br \/>\nconcretos de la alianza con la presidenta de M\u00e9xico Claudia Sheinbaum<br \/>\nPardo.<\/p>\n<p>ACTUALMENTE ESTA ALIANZA DE LOS TRES PARTIDOS<br \/>\nPOLITICOS HA CRECIDO EN APROBACION CIUDADANA, PRINCIPALMENTE<br \/>\nPOR LOS GOBIERNO Y POLITICOS DE MORENA A NIVEL FEDERAL, ESTATAL Y<br \/>\nMUNICIPAL, IGUALMENTE POR EL PARTIDO VERDE QUE SIGUE CRECIENDO,<br \/>\nel Partido del Trabajo le aporta pocos votos porque a nivel Estados no les<br \/>\ninteresan la militancia, trabajar en afiliaci\u00f3n, solo el financiamiento p\u00fablico<br \/>\ndel INE, al menos en Tamaulipas es la realidad esperan las prerrogativas.<br \/>\nEN TAMAULIPAS IRAN EN ALIANZA PARTIDO MORENA \u2013<br \/>\nVERDE Y PT, ES LA DECISION VALORADA POR LOS COMITES EJECUTIVOS<br \/>\nNACIONALES, SIGUEN SIENDO EL PARTIDO MAS FUERTE POLITICA,<br \/>\nELECTORAL Y ECONOMICAMENTE, SIN DUDA EN LAS ENTIDADES DONDE<br \/>\nLOS GOBERNADORES SE HAN APLICADO CON ALCALDES, f\u00e1cilmente tendr\u00e1<br \/>\nun proceso electoral en el 2027 con resultados positivos.<br \/>\nA NIVEL NACIONAL ACLARO LA PRESIDENTA CLAUDIA<br \/>\nSHEINBAUM PARDO LOS ENVIOS DE PETROLEO CRUDO A CUBA,<br \/>\nEXPLICANDO EXISTEN DOS VIAS COMO LO HACEN ACTUALMENTE EL<br \/>\nGOBIERNO DE LA CUARTA TRANSFORMACION, UNA ES A TRAVES DE<br \/>\nCONTRATOS DE PEMEX CON GOBIERNO CUBANO Y EN ESE CONTRATO<br \/>\nPEMEX DETERMINA CUANDO LO HACE, LA SEGUNDA VIA ES POR AYUDA<br \/>\nHUMANITARIA, como otros pa\u00edses han enviado ayuda humanitaria a la<br \/>\nIsla, esta continuara tanto a Cuba como a otros Pa\u00edses, M\u00e9xico es solidario<br \/>\ncon todo el mundo, son decisiones soberana, esto se determina a trav\u00e9s de<br \/>\nla solicitud, respondi\u00f3 Sheinbaum Pardo cuando se le cuestion\u00f3 si seguir\u00eda<br \/>\nenviando petr\u00f3leo crudo, delicado el tema por la presi\u00f3n del Pa\u00eds vecino<br \/>\nque pr\u00e1cticamente no lo avala.<br \/>\nTAMAULIPAS REGISTRA UNA FUERTE INVERSION EN OBRAS<br \/>\nDE MATERIA H\u00cdDRICA CON EL GOBIERNO DEL DR. AMERICO VILLARREAL<br \/>\nANAYA, RESPALDADO POR EL GOBIERNO DE LA REP\u00daBLICA QUE DIRIGE LA<br \/>\nPRESIDENTA CLAUDIA SHEINBAUM PARDO, EN LA SEGUNDA LINEA DEL<br \/>\nACUEDUCTO GUADALUPE VICTORIA SE APLICA UNA INVERSI\u00d3N DE 2,600<br \/>\nMILLONES DE PESOS, MISMA QUE ESTAR\u00c1 concluida en el primer trimestre<br \/>\ndel pr\u00f3ximo a\u00f1o 2027, en apoyo agr\u00edcola se destinaron 6,000 millones para<br \/>\nla tecnificaci\u00f3n, modernizaci\u00f3n de los distritos de riego 025 y 026,<br \/>\nincluyendo revestimiento de canales, mejoramiento y conservaci\u00f3n de la<\/p>\n<p>red de drenaje, lo que permitir\u00e1 recuperar 260 millones de metros c\u00fabicos<br \/>\nde agua que garantizan el derecho humano al agua en los municipios de la<br \/>\nfrontera norte de Tamaulipas, gestiones del gobernador Dr. Am\u00e9rico<br \/>\nVillarreal con resultados a la vista de todos.<br \/>\nEL ALCALDE CARLOS PE\u00d1A ORTIZ TOCO EL TEMA DE LAS<br \/>\nMAQUILADORAS EN REYNOSA, HOY SIGUEN LAS INVERSIONES TANTO<br \/>\nEXTRANJERAS COMO NACIONALES, A DIFERENCIA DE OTRAS CIUDADES<br \/>\nEXISTEN PROBLEMAS, AQU\u00cd SE TRABAJA CON LA VISION DE SEGUIR<br \/>\nFOMENTANDO LAS FUENTES DE EMPLEO EN ARMONIA Y UNIDAD,<br \/>\nconstantemente se anuncian ampliaciones de las plantas que existen en<br \/>\nReynosa pero adem\u00e1s de la llegada no solo de maquiladoras sino de tiendas<br \/>\nque son cadenas internacionales con diferentes productos y servicios, dijo<br \/>\nel gobernante Carlos Pe\u00f1a Ortiz que esto se ha logrado con la sinergia<br \/>\nrealizada con el gobierno federal que preside la presidenta Claudia<br \/>\nSheinbaum Pardo y el gobernador del Estado Dr. Am\u00e9rico Villarreal Anaya.<br \/>\nMATAMOROS CELEBRA SUS 200 A\u00d1OS DE FUNDACION, POR<br \/>\nELLO SE REALIZO SESION SOLMENTE DE CABILDO PRESIDIO EL ALCALDE<br \/>\nBETO GRANADOS FAVILA, CONTANDOSE CON LA PRESENCIA DEL<br \/>\nSECRETARIO DE FINANZAS DEL GOBIERNO DEL ESTADO CARLOS IRAN<br \/>\nRAMIREZ CON LA REPRESENTACION del gobernador del Estado Dr. Am\u00e9rico<br \/>\nVillarreal Anaya, el alcalde Beto Granados presento la propuesta destinar<br \/>\nespacio p\u00fablico en avenida Canales y Universidad para construir muro de<br \/>\nHonor, plasmando los nombres de los tres bomberos ca\u00eddos de Matamoros<br \/>\nen cumplimiento de su deber la semana pasado que ser\u00eda inaugurado el<br \/>\npr\u00f3ximo 22 de agosto.<br \/>\nEVIDENCIAN AL DIPUTADO ISMAEL GARCIA CABEZA DE VACA<br \/>\nHABER INVENTADO LA DESAPARICION- SECUESTRO- DE 8 TRAILEROS EN<br \/>\nTAMAULIPAS, LO CUAL FUE DESMENTIDO POR LAS AUTORIDADES DEL<br \/>\nESTADO FUE UNA FANTASIA DEL LEGISLADOR TEXANO NO HAY DENUNCIAS<br \/>\nNI PRUEBAS ALGUNAS, UTILIZANDO MEDIOS DE INFORMACION de Nuevo<br \/>\nLe\u00f3n y de la entidad para crear una noticia falsa amarillista, la finalidad<br \/>\ntratar de manchar el trabajo de las autoridades de guardia nacional,<br \/>\nSedena, Secretaria de Marina, guardia estatal que han obtenido resultados<\/p>\n<p>mejorables en rubro de seguridad en las carreteras, aseguran que esto es<br \/>\nmaquinado desde Texas por su hermano pr\u00f3fugo Francisco \u201cN\u201d.<br \/>\nCONTINUAN ANUNCIANDO DESCENSO DE TEMPERATURA<br \/>\nPARA EL FIN DE SEMANA, EL GOBIERNO DE RIO BRAVO DIRIGIDO POR EL<br \/>\nALCALDE MIGUEL ANGEL ALMARAZ MALDONADO EXHORTA A LAS<br \/>\nFAMILIAS PARA PROTEGERSE, EVITAR ENFERMEDADES PRINCIPALMENTE<br \/>\nDE NI\u00d1OS Y PERSONAS DE LA TERCERA EDAD, igualmente la protecci\u00f3n de<br \/>\nlas mascotas del hogar, pueden llamar al 911 en caso de emergencias o<br \/>\nacudir a la estaci\u00f3n de bomberos y protecci\u00f3n civil donde es habilitado<br \/>\ncomo albergue seguro.<\/p>\n<\/div>\n","protected":false},"excerpt":{"rendered":"<p>\u201c ENTRE LINEAS \u201c POR: LIC. JORGE ARANO LA ALIANZA DE LA UNIDAD OFICIALISTA DE APOYO A LA PRESIDENTA CLAUDIA SHEINBAUM PARDO FUE FIRMADA ESTA TARDE POR EL PARTIDO MORENA, PARTIDO VERDE ECOLOGISTA Y PARTIDO DEL TRABAJO, SUS LIDERES NACIONALES OFRECIERON UNA CONFERENCIA DE PRENSA, para reafirmar que seguir\u00e1n trabajando en la transformaci\u00f3n de M\u00e9xico [&hellip;]<\/p>\n","protected":false},"author":1,"featured_media":217856,"comment_status":"closed","ping_status":"closed","sticky":false,"template":"","format":"standard","meta":{"footnotes":""},"categories":[16],"tags":[],"class_list":["post-218079","post","type-post","status-publish","format-standard","has-post-thumbnail","hentry","category-opinion"],"_links":{"self":[{"href":"https:\/\/www.elsinodaldetamaulipas.com.mx\/index.php?rest_route=\/wp\/v2\/posts\/218079","targetHints":{"allow":["GET"]}}],"collection":[{"href":"https:\/\/www.elsinodaldetamaulipas.com.mx\/index.php?rest_route=\/wp\/v2\/posts"}],"about":[{"href":"https:\/\/www.elsinodaldetamaulipas.com.mx\/index.php?rest_route=\/wp\/v2\/types\/post"}],"author":[{"embeddable":true,"href":"https:\/\/www.elsinodaldetamaulipas.com.mx\/index.php?rest_route=\/wp\/v2\/users\/1"}],"replies":[{"embeddable":true,"href":"https:\/\/www.elsinodaldetamaulipas.com.mx\/index.php?rest_route=%2Fwp%2Fv2%2Fcomments&post=218079"}],"version-history":[{"count":1,"href":"https:\/\/www.elsinodaldetamaulipas.com.mx\/index.php?rest_route=\/wp\/v2\/posts\/218079\/revisions"}],"predecessor-version":[{"id":218080,"href":"https:\/\/www.elsinodaldetamaulipas.com.mx\/index.php?rest_route=\/wp\/v2\/posts\/218079\/revisions\/218080"}],"wp:featuredmedia":[{"embeddable":true,"href":"https:\/\/www.elsinodaldetamaulipas.com.mx\/index.php?rest_route=\/wp\/v2\/media\/217856"}],"wp:attachment":[{"href":"https:\/\/www.elsinodaldetamaulipas.com.mx\/index.php?rest_route=%2Fwp%2Fv2%2Fmedia&parent=218079"}],"wp:term":[{"taxonomy":"category","embeddable":true,"href":"https:\/\/www.elsinodaldetamaulipas.com.mx\/index.php?rest_route=%2Fwp%2Fv2%2Fcategories&post=218079"},{"taxonomy":"post_tag","embeddable":true,"href":"https:\/\/www.elsinodaldetamaulipas.com.mx\/index.php?rest_route=%2Fwp%2Fv2%2Ftags&post=218079"}],"curies":[{"name":"wp","href":"https:\/\/api.w.org\/{rel}","templated":true}]}}