{"id":218084,"date":"2026-01-28T22:13:58","date_gmt":"2026-01-29T02:13:58","guid":{"rendered":"https:\/\/www.elsinodaldetamaulipas.com.mx\/?p=218084"},"modified":"2026-01-28T22:13:58","modified_gmt":"2026-01-29T02:13:58","slug":"brindan-conferencia-sobre-tercer-curso-parrillero","status":"publish","type":"post","link":"https:\/\/www.elsinodaldetamaulipas.com.mx\/?p=218084","title":{"rendered":"BRINDAN CONFERENCIA SOBRE TERCER CURSO PARRILLERO"},"content":{"rendered":"<p><em><strong>Por Gil Vicente Galindo\/EL SINODAL DE TAMAULIPAS<\/strong><\/em><\/p>\n<p>Reynosa, Tam.- Este viernes en punto de las dos y media de la tarde, se convoca a rueda de prensa en las instalaciones de la plaza \u201cEngrei\u201d para dar detalles del 3er curso a parrilleros, que ser\u00e1 al d\u00eda siguiente.<\/p>\n<p>El Sindicato de Trabajadores y Empleados en Comercios, SITECO, que encabeza Juan Salvador Portillo Mart\u00ednez, de manera conjunta con el Club Rotario y en beneficio de la casa hogar \u201cSan Francisco\u201d, lo promocionan.<\/p>\n<p>-Sera un curso muy interesante para quienes gustan de hacer parrilladas en casa, reuniones o quienes son profesionales, este tercer curso lo impartir\u00e1 el chef. Alejandro Guti\u00e9rrez, presidente de la Sociedad Mexicana de Parrilleros-, coment\u00f3 Portillo Mart\u00ednez.<\/p>\n<p>Durante el curso de parrilleros se estar\u00e1 asando una vaca, as\u00ed como dos cerdos de 100 kilos cada uno, el costo por mesa para seis personas, 25 mil pesos, que incluye acceso al evento, degustaci\u00f3n y mandil conmemorativo.<\/p>\n","protected":false},"excerpt":{"rendered":"<p>Por Gil Vicente Galindo\/EL SINODAL DE TAMAULIPAS Reynosa, Tam.- Este viernes en punto de las dos y media de la tarde, se convoca a rueda de prensa en las instalaciones de la plaza \u201cEngrei\u201d para dar detalles del 3er curso a parrilleros, que ser\u00e1 al d\u00eda siguiente. El Sindicato de Trabajadores y Empleados en Comercios, [&hellip;]<\/p>\n","protected":false},"author":1,"featured_media":218085,"comment_status":"closed","ping_status":"closed","sticky":false,"template":"","format":"standard","meta":{"footnotes":""},"categories":[2],"tags":[],"class_list":["post-218084","post","type-post","status-publish","format-standard","has-post-thumbnail","hentry","category-reynosa"],"_links":{"self":[{"href":"https:\/\/www.elsinodaldetamaulipas.com.mx\/index.php?rest_route=\/wp\/v2\/posts\/218084","targetHints":{"allow":["GET"]}}],"collection":[{"href":"https:\/\/www.elsinodaldetamaulipas.com.mx\/index.php?rest_route=\/wp\/v2\/posts"}],"about":[{"href":"https:\/\/www.elsinodaldetamaulipas.com.mx\/index.php?rest_route=\/wp\/v2\/types\/post"}],"author":[{"embeddable":true,"href":"https:\/\/www.elsinodaldetamaulipas.com.mx\/index.php?rest_route=\/wp\/v2\/users\/1"}],"replies":[{"embeddable":true,"href":"https:\/\/www.elsinodaldetamaulipas.com.mx\/index.php?rest_route=%2Fwp%2Fv2%2Fcomments&post=218084"}],"version-history":[{"count":1,"href":"https:\/\/www.elsinodaldetamaulipas.com.mx\/index.php?rest_route=\/wp\/v2\/posts\/218084\/revisions"}],"predecessor-version":[{"id":218086,"href":"https:\/\/www.elsinodaldetamaulipas.com.mx\/index.php?rest_route=\/wp\/v2\/posts\/218084\/revisions\/218086"}],"wp:featuredmedia":[{"embeddable":true,"href":"https:\/\/www.elsinodaldetamaulipas.com.mx\/index.php?rest_route=\/wp\/v2\/media\/218085"}],"wp:attachment":[{"href":"https:\/\/www.elsinodaldetamaulipas.com.mx\/index.php?rest_route=%2Fwp%2Fv2%2Fmedia&parent=218084"}],"wp:term":[{"taxonomy":"category","embeddable":true,"href":"https:\/\/www.elsinodaldetamaulipas.com.mx\/index.php?rest_route=%2Fwp%2Fv2%2Fcategories&post=218084"},{"taxonomy":"post_tag","embeddable":true,"href":"https:\/\/www.elsinodaldetamaulipas.com.mx\/index.php?rest_route=%2Fwp%2Fv2%2Ftags&post=218084"}],"curies":[{"name":"wp","href":"https:\/\/api.w.org\/{rel}","templated":true}]}}