{"id":218088,"date":"2026-01-28T22:32:39","date_gmt":"2026-01-29T02:32:39","guid":{"rendered":"https:\/\/www.elsinodaldetamaulipas.com.mx\/?p=218088"},"modified":"2026-01-28T22:32:39","modified_gmt":"2026-01-29T02:32:39","slug":"fracasa-diputado-de-tula-francisco-hernandez","status":"publish","type":"post","link":"https:\/\/www.elsinodaldetamaulipas.com.mx\/?p=218088","title":{"rendered":"FRACASA DIPUTADO DE TULA, FRANCISCO HERN\u00c1NDEZ"},"content":{"rendered":"<p><em><strong>Por Julio Manuel Loya Guzm\u00e1n\/EL SINODAL DE TAMAULIPAS<\/strong><\/em><\/p>\n<p>Cd. Victoria, Tamaulipas.\u2014 El diputado local Francisco Hern\u00e1ndez Ni\u00f1o fue duramente cuestionado por habitantes de comunidades rurales de Tula, quienes lo acusaron de abandonar durante m\u00e1s de un a\u00f1o las gestiones para rehabilitar el camino ejidal hacia Mamale\u00f3n, obra que finalmente fue resuelta por la propia organizaci\u00f3n comunitaria en apenas una semana.<\/p>\n<p>&nbsp;<\/p>\n<p>La inconformidad ciudadana se intensific\u00f3 luego de que el legislador, tras recientes actividades en Reynosa, regresara a su distrito para reivindicar su v\u00ednculo con \u201cel pueblo\u201d, un mensaje que, para los habitantes, contrasta con la falta de resultados concretos durante su periodo como representante popular.<\/p>\n<p>&nbsp;<\/p>\n<p>De acuerdo con pobladores, en un a\u00f1o y tres meses el diputado no logr\u00f3 gestionar soluciones para una demanda b\u00e1sica de infraestructura, mientras que la comunidad, cansada de esperar, decidi\u00f3 actuar por cuenta propia para mejorar el acceso a la localidad.<\/p>\n<p>&nbsp;<\/p>\n<p>En declaraciones p\u00fablicas, Hern\u00e1ndez Ni\u00f1o reconoci\u00f3 su inter\u00e9s por contender por la presidencia municipal de Tula en 2027, al afirmar: \u201cHay tres poderes: el Ejecutivo, Legislativo y Judicial; yo solo quiero ser su pr\u00f3ximo presidente municipal de Tula\u201d.<\/p>\n<p>&nbsp;<\/p>\n<p>Para sectores sociales y actores pol\u00edticos locales, estas expresiones reflejan una estrategia anticipada de posicionamiento electoral, basada m\u00e1s en el discurso que en resultados verificables.<\/p>\n<p>&nbsp;<\/p>\n<p>Analistas advierten que el caso de Mamale\u00f3n se ha convertido en un s\u00edmbolo del distanciamiento entre la clase pol\u00edtica y las comunidades rurales, donde la organizaci\u00f3n social ha tenido que suplir la ausencia de gesti\u00f3n institucional.<\/p>\n<p>&nbsp;<\/p>\n<p>La pol\u00e9mica ha reabierto el debate sobre la responsabilidad de los legisladores frente a las demandas ciudadanas y el uso del discurso populista como plataforma de aspiraciones pol\u00edticas, en un contexto en el que la credibilidad de los representantes p\u00fablicos enfrenta un creciente desgaste<\/p>\n","protected":false},"excerpt":{"rendered":"<p>Por Julio Manuel Loya Guzm\u00e1n\/EL SINODAL DE TAMAULIPAS Cd. Victoria, Tamaulipas.\u2014 El diputado local Francisco Hern\u00e1ndez Ni\u00f1o fue duramente cuestionado por habitantes de comunidades rurales de Tula, quienes lo acusaron de abandonar durante m\u00e1s de un a\u00f1o las gestiones para rehabilitar el camino ejidal hacia Mamale\u00f3n, obra que finalmente fue resuelta por la propia organizaci\u00f3n [&hellip;]<\/p>\n","protected":false},"author":1,"featured_media":218089,"comment_status":"closed","ping_status":"closed","sticky":false,"template":"","format":"standard","meta":{"footnotes":""},"categories":[1,3],"tags":[],"class_list":["post-218088","post","type-post","status-publish","format-standard","has-post-thumbnail","hentry","category-portada","category-tamaulipas"],"_links":{"self":[{"href":"https:\/\/www.elsinodaldetamaulipas.com.mx\/index.php?rest_route=\/wp\/v2\/posts\/218088","targetHints":{"allow":["GET"]}}],"collection":[{"href":"https:\/\/www.elsinodaldetamaulipas.com.mx\/index.php?rest_route=\/wp\/v2\/posts"}],"about":[{"href":"https:\/\/www.elsinodaldetamaulipas.com.mx\/index.php?rest_route=\/wp\/v2\/types\/post"}],"author":[{"embeddable":true,"href":"https:\/\/www.elsinodaldetamaulipas.com.mx\/index.php?rest_route=\/wp\/v2\/users\/1"}],"replies":[{"embeddable":true,"href":"https:\/\/www.elsinodaldetamaulipas.com.mx\/index.php?rest_route=%2Fwp%2Fv2%2Fcomments&post=218088"}],"version-history":[{"count":1,"href":"https:\/\/www.elsinodaldetamaulipas.com.mx\/index.php?rest_route=\/wp\/v2\/posts\/218088\/revisions"}],"predecessor-version":[{"id":218090,"href":"https:\/\/www.elsinodaldetamaulipas.com.mx\/index.php?rest_route=\/wp\/v2\/posts\/218088\/revisions\/218090"}],"wp:featuredmedia":[{"embeddable":true,"href":"https:\/\/www.elsinodaldetamaulipas.com.mx\/index.php?rest_route=\/wp\/v2\/media\/218089"}],"wp:attachment":[{"href":"https:\/\/www.elsinodaldetamaulipas.com.mx\/index.php?rest_route=%2Fwp%2Fv2%2Fmedia&parent=218088"}],"wp:term":[{"taxonomy":"category","embeddable":true,"href":"https:\/\/www.elsinodaldetamaulipas.com.mx\/index.php?rest_route=%2Fwp%2Fv2%2Fcategories&post=218088"},{"taxonomy":"post_tag","embeddable":true,"href":"https:\/\/www.elsinodaldetamaulipas.com.mx\/index.php?rest_route=%2Fwp%2Fv2%2Ftags&post=218088"}],"curies":[{"name":"wp","href":"https:\/\/api.w.org\/{rel}","templated":true}]}}