{"id":219014,"date":"2026-02-17T18:55:21","date_gmt":"2026-02-17T22:55:21","guid":{"rendered":"https:\/\/www.elsinodaldetamaulipas.com.mx\/?p=219014"},"modified":"2026-02-17T18:55:21","modified_gmt":"2026-02-17T22:55:21","slug":"riobravense-por-presidencia-universal-de-leones","status":"publish","type":"post","link":"https:\/\/www.elsinodaldetamaulipas.com.mx\/?p=219014","title":{"rendered":"RIOBRAVENSE POR PRESIDENCIA UNIVERSAL DE LEONES"},"content":{"rendered":"<p><em><strong>Por Juan Carlos Rodr\u00edguez Terrazas\/EL SINODAL DE TAMAULIPAS<\/strong><\/em><\/p>\n<p>Reynosa, Tam.- Ramiro Vela Villarreal, nacido en Rio Bravo, Tamaulipas, pero radicado desde hace muchos en el estado de Nuevo Le\u00f3n, con una trayectoria de 40 a\u00f1os como socio activista del Club de Leones Internacional, se ha lanzado ya en la persecuci\u00f3n de la presidencia absoluta del organismo de ayuda humanitaria m\u00e1s grande del mundo.<\/p>\n<p>Por lo pronto, lo primero que debe hacer para proyectarse hacia el m\u00e1s importante cargo dentro de la agrupaci\u00f3n social con 108 a\u00f1os de existencia, que aglutina a m\u00e1s de un mill\u00f3n y medio de socios que viven en 200 pa\u00edses del mundo, es ganar la vicepresidencia internacional para de ah\u00ed escalar buscando ser el l\u00edder internacional.<\/p>\n<p>Con motivo de la toma de protesta de Miriam God\u00ednez De Cant\u00fa, como presidenta del Club de Leones \u201cDejando Huella\u201d en Reynosa, el aspirante estuvo en esta ciudad, haciendo saber a los socios asistentes a la ceremonia sobre su intenci\u00f3n de ir al cargo m\u00e1ximo en el organigrama.<\/p>\n<p><img loading=\"lazy\" decoding=\"async\" class=\"aligncenter wp-image-219016 size-full\" src=\"https:\/\/www.elsinodaldetamaulipas.com.mx\/wp-content\/uploads\/2026\/02\/ramiro-vela-2.jpg\" alt=\"\" width=\"894\" height=\"487\" srcset=\"https:\/\/www.elsinodaldetamaulipas.com.mx\/wp-content\/uploads\/2026\/02\/ramiro-vela-2.jpg 894w, https:\/\/www.elsinodaldetamaulipas.com.mx\/wp-content\/uploads\/2026\/02\/ramiro-vela-2-300x163.jpg 300w, https:\/\/www.elsinodaldetamaulipas.com.mx\/wp-content\/uploads\/2026\/02\/ramiro-vela-2-768x418.jpg 768w\" sizes=\"auto, (max-width: 894px) 100vw, 894px\" \/><\/p>\n<p>Ramiro Vela, en entrevista con <em><strong>EL SINODAL DE TAMAULIPAS<\/strong><\/em>, consider\u00f3 que tiene la capacidad para ir a buscar el m\u00e1s alto rango, pues su trayectoria marca una condicionante de su superaci\u00f3n constante que inici\u00f3 como presidente del movimiento juvenil leonista (cachorro), despu\u00e9s fue presidente de Club; Gobernador del Distrito B3 que incluye los estados de Nuevo Le\u00f3n, Coahuila, San Luis Potos\u00ed y Tamaulipas; Presidente Nacional; Director Internacional representante de Latinoam\u00e9rica y finalmente primer sindico de habla hispana participante de la fundaci\u00f3n.<\/p>\n<p>El entrevistado, dijo a este medio que. de acuerdo a las fechas marcadas por el calendario de organizaci\u00f3n de eventos, de llegar a la vice presidencia internacional tendr\u00eda tres oportunidades para ir por el m\u00e1ximo cargo en elecciones de los a\u00f1os 2028, 2029 o 2030.<\/p>\n<p>A trav\u00e9s de este medio Vela quien es un exitoso hombre de empresa en Nuevo Le\u00f3n, refrend\u00f3 que su primera acci\u00f3n en caso de llegar al liderazgo de alta gama ser\u00e1 visitar su pueblo natal de Rio Bravo, donde estudi\u00f3 desde el jard\u00edn de ni\u00f1os hasta los primeros dos a\u00f1os de preparatoria.<\/p>\n<p>Despu\u00e9s, junto a su familia emigr\u00f3 a Nuevo Le\u00f3n, pero jam\u00e1s ha olvidado su feliz ni\u00f1ez, su adolescencia y parte de su juventud en el municipio vecino de Rio Bravo que colinda con Reynosa.<\/p>\n<p>El destacado fil\u00e1ntropo, dijo que el activismo social es una carrera que no tiene fin, porque las necesidades siempre existir\u00e1n, pero se puede construir un mejor entorno a partir de una labor donde siembras y cosechas bendiciones.<\/p>\n<p>El hoy aspirante a la vice presidencia internacional antes de despedirse, reiter\u00f3 su cari\u00f1o inconmensurable a su natal, expresando su orgullo de ser tamaulipeco por haber abrasado este apostolado de servicio, que piensa continuar por los a\u00f1os que le queden de existencia<\/p>\n","protected":false},"excerpt":{"rendered":"<p>Por Juan Carlos Rodr\u00edguez Terrazas\/EL SINODAL DE TAMAULIPAS Reynosa, Tam.- Ramiro Vela Villarreal, nacido en Rio Bravo, Tamaulipas, pero radicado desde hace muchos en el estado de Nuevo Le\u00f3n, con una trayectoria de 40 a\u00f1os como socio activista del Club de Leones Internacional, se ha lanzado ya en la persecuci\u00f3n de la presidencia absoluta del [&hellip;]<\/p>\n","protected":false},"author":1,"featured_media":219015,"comment_status":"closed","ping_status":"closed","sticky":false,"template":"","format":"standard","meta":{"footnotes":""},"categories":[1,2],"tags":[],"class_list":["post-219014","post","type-post","status-publish","format-standard","has-post-thumbnail","hentry","category-portada","category-reynosa"],"_links":{"self":[{"href":"https:\/\/www.elsinodaldetamaulipas.com.mx\/index.php?rest_route=\/wp\/v2\/posts\/219014","targetHints":{"allow":["GET"]}}],"collection":[{"href":"https:\/\/www.elsinodaldetamaulipas.com.mx\/index.php?rest_route=\/wp\/v2\/posts"}],"about":[{"href":"https:\/\/www.elsinodaldetamaulipas.com.mx\/index.php?rest_route=\/wp\/v2\/types\/post"}],"author":[{"embeddable":true,"href":"https:\/\/www.elsinodaldetamaulipas.com.mx\/index.php?rest_route=\/wp\/v2\/users\/1"}],"replies":[{"embeddable":true,"href":"https:\/\/www.elsinodaldetamaulipas.com.mx\/index.php?rest_route=%2Fwp%2Fv2%2Fcomments&post=219014"}],"version-history":[{"count":1,"href":"https:\/\/www.elsinodaldetamaulipas.com.mx\/index.php?rest_route=\/wp\/v2\/posts\/219014\/revisions"}],"predecessor-version":[{"id":219017,"href":"https:\/\/www.elsinodaldetamaulipas.com.mx\/index.php?rest_route=\/wp\/v2\/posts\/219014\/revisions\/219017"}],"wp:featuredmedia":[{"embeddable":true,"href":"https:\/\/www.elsinodaldetamaulipas.com.mx\/index.php?rest_route=\/wp\/v2\/media\/219015"}],"wp:attachment":[{"href":"https:\/\/www.elsinodaldetamaulipas.com.mx\/index.php?rest_route=%2Fwp%2Fv2%2Fmedia&parent=219014"}],"wp:term":[{"taxonomy":"category","embeddable":true,"href":"https:\/\/www.elsinodaldetamaulipas.com.mx\/index.php?rest_route=%2Fwp%2Fv2%2Fcategories&post=219014"},{"taxonomy":"post_tag","embeddable":true,"href":"https:\/\/www.elsinodaldetamaulipas.com.mx\/index.php?rest_route=%2Fwp%2Fv2%2Ftags&post=219014"}],"curies":[{"name":"wp","href":"https:\/\/api.w.org\/{rel}","templated":true}]}}