{"id":219018,"date":"2026-02-17T19:02:12","date_gmt":"2026-02-17T23:02:12","guid":{"rendered":"https:\/\/www.elsinodaldetamaulipas.com.mx\/?p=219018"},"modified":"2026-02-17T19:02:12","modified_gmt":"2026-02-17T23:02:12","slug":"parecen-diputados","status":"publish","type":"post","link":"https:\/\/www.elsinodaldetamaulipas.com.mx\/?p=219018","title":{"rendered":"PARECEN DIPUTADOS"},"content":{"rendered":"<div class=\"post-content\">\n<p>CENA DE NEGROS<\/p>\n<p>Marco Antonio V\u00e1zquez Villanueva<\/p>\n<p>&nbsp;<\/p>\n<p>En las redes sociales la tendencia de hoy son los therians, personas (sobre todo j\u00f3venes) que se identifican con animales, que andan en cuatro patas, en el colmo de la locura, que pretenden que en sus enfermedades los diagnostique un veterinario, esto \u00faltimo no es broma, casos documentados existen.<\/p>\n<p>Obvio que muchos pensaran que es la estupidez humana manifest\u00e1ndose antes de la extinci\u00f3n, otros dir\u00e1n que se trata de chavos enfermos mentalmente, de personas que son m\u00e1s carne de psiquiatras que otra cosa y, por supuesto, sobrar\u00e1n los que como ellos se identifiquen plenamente libres de percibirse como quieran, por fortuna usted igual tendr\u00e1 la libertad de colocarlos donde mejor le parezca.<\/p>\n<p>En lo personal la preocupaci\u00f3n es m\u00e1s profunda que un simple gusto o tendencia de redes, como mi tocayo, El Buky, no hago otra cosa que preguntarme, \u00bfA d\u00f3nde vamos a parar, con esta necia y absurda actitud?, digo, como para pasar el rato eso de sentirse animal est\u00e1 bien, pero no para estar todo el d\u00eda en lo mismo, es lo que preocupa, ver a la juventud volcada en temas que nada de aportan a la naci\u00f3n, que rayan en la locura pues mientras el pa\u00eds se derrumba en algunos aspectos, ellos, los chavos, parecen lejanos, discutiendo su libertad de sentirse perros o gatos, zorros o zorras, pero nunca comprendiendo que en cuatro patas hay pocas cosas que se sienten bien, m\u00e1s a\u00fan, sin siquiera interesarse por los problemas de todos.<\/p>\n<p>Le reitero, ellos y ellas, Therians en general, pueden sentirse como quieran, pero que no la chinguen poniendo en riesgo su vida trat\u00e1ndose por capricho con un veterinario, m\u00e1s a\u00fan, que no se olviden que est\u00e1n moralmente obligados a hacer un M\u00e9xico mejor, a trabajar, estudiar, a participar en nuestra pol\u00edtica con esa misma pasi\u00f3n con la que se meten a sus temas personales.<\/p>\n<p>Exacto, los chavos en este momento deber\u00edan estar discutiendo el futuro de M\u00e9xico, del mundo, observado y actuando con pasi\u00f3n para resolver los temas torales de la patria, para no dejarse avasallar por los intereses los pol\u00edticos trampas, de esos que distraen, que les ponen en charola de plata su \u201clibertad\u201d de sentirse perros o gatos, zorros o lobos, burros o tigres, v\u00edboras o alima\u00f1as al tiempo que disponen de los presupuestos y se despachan con la cuchara grande.<\/p>\n<p>Es en esa tesitura que se hace urgente comentarles a los j\u00f3venes que sentirse un animal no los convierte en tales, tampoco los exime de sus responsabilidades, que, si est\u00e1 padre eso de jugar, disfrazarse, sentirse libres, pero hasta ah\u00ed debe terminar esa situaci\u00f3n porque hay cosas m\u00e1s importantes que hacer hoy, como el ir promocionando las mejores opciones para los futuros gobiernos, como el ir preparando la defensa en contra de quienes se preparan para el agandalle.<\/p>\n<p>Hay un secreto m\u00e1s que contarle a la chaviza, eso de vestirse o sentirse animales no es nada nuevo, en el pasado hemos atraves\u00f3 por cientos casos, eso s\u00ed, algunos por lo menos sacaban una lana con ellos porque se publicitaban en revistas amarillistas o de plano los exhib\u00edan en un circo.<\/p>\n<p>Conste, soy de quienes prefieren el libertinaje que la censura o el amarrar actitudes personales, pero tambi\u00e9n consciente de que el tema va m\u00e1s all\u00e1, da la impresi\u00f3n de que hoy se trata de alentar algo que parece m\u00e1s una distracci\u00f3n, un intento de sacar a los j\u00f3venes de la pol\u00edtica llev\u00e1ndoles a temas tan triviales como los therians, digo, no ha de negar que es una locura alejarlos de la vida pol\u00edtica o los intereses nacionales.<\/p>\n<p>Vaya pues, quiz\u00e1 sea tiempo de comentarle a los therians que en lugar de andar en cuatro patas pueden identificarse con alg\u00fan legislador, total, igual act\u00faan como animales, tampoco hacen nada, pero eso s\u00ed, si le pusieran la pasi\u00f3n de la chaviza por lo menos podr\u00edan intentar mejorar nuestros entornos\u2026<\/p>\n<p>GESTIONA AM\u00c9RICO RECURSOS PARA PROYECTOS ESTRAT\u00c9GICOS DE TAMAULIPAS\u2026 Ciudad de M\u00e9xico.- El gobernador Am\u00e9rico Villarreal Anaya inici\u00f3 la semana con una gira de trabajo en la Ciudad de M\u00e9xico, en donde se reuni\u00f3 este lunes con el secretario de Hacienda y Cr\u00e9dito P\u00fablico, Edgar Amador Zamora, a fin de evaluar los esquemas financieros que impulsar\u00e1n los proyectos estrat\u00e9gicos de infraestructura productiva para Tamaulipas, en un marco de coordinaci\u00f3n con el gobierno de la presidenta Claudia Sheinbaum.<\/p>\n<p>Durante la reuni\u00f3n de trabajo, en la que estuvo acompa\u00f1ado del secretario de Finanzas del Estado, Carlos Ir\u00e1n Ram\u00edrez Gonz\u00e1lez, el mandatario tamaulipeco recibi\u00f3 el reconocimiento del Gobierno Federal por el buen comportamiento de las finanzas de Tamaulipas y por las acciones emprendidas que han permitido las mejores calificaciones para el Estado de parte de instituciones financieras y crediticias.<\/p>\n<p>Adem\u00e1s de evaluar los modelos financieros para respaldar proyectos estrat\u00e9gicos como el Sistema BRT que modernizar\u00e1 la movilidad en la zona conurbada y el Puerto del Norte en Matamoros, el titular de Hacienda tambi\u00e9n destac\u00f3 el esquema de reducci\u00f3n de la deuda del Estado y el respaldo que ha otorgado a Tamaulipas el NADBank.<\/p>\n<p>Villarreal Anaya continuar\u00e1 este martes sus actividades en la capital del pa\u00eds participando en diferentes reuniones con las y los secretarios del gabinete federal.<\/p>\n<p>FESTEJA RADIO UAT 34 A\u00d1OS DE SER LA VOZ DEL QUEHACER UNIVERSITARIO\u2026 La estaci\u00f3n de radio de la Universidad Aut\u00f3noma de Tamaulipas (Radio UAT) conmemora, en este mes, su 34 aniversario, consolid\u00e1ndose como un medio institucional que ha acompa\u00f1ado el crecimiento acad\u00e9mico, cultural y social de la m\u00e1xima casa de estudios.<\/p>\n<p>Fue el 19 de febrero de 1992, cuando Radio UAT realiz\u00f3 su primera transmisi\u00f3n en vivo, marcando el inicio de un proyecto radiof\u00f3nico comprometido con la educaci\u00f3n, la divulgaci\u00f3n del conocimiento y el servicio a la comunidad universitaria.<\/p>\n<p>Actualmente, la estaci\u00f3n XHUNI 102.5 FM, con sede en Ciudad Victoria, ha ampliado su alcance tras obtener, recientemente, una nueva concesi\u00f3n en la zona sur del estado a trav\u00e9s de XHCPAZ 105.1 FM, fortaleciendo as\u00ed su presencia y cobertura.<\/p>\n<p>Radio UAT cuenta hoy con m\u00e1s de 30 producciones propias, ofreciendo una programaci\u00f3n plural que integra contenidos culturales, deportivos, informativos, musicales y de revista. En la presente administraci\u00f3n se han realizado tambi\u00e9n m\u00e1s de 500 entrevistas de divulgaci\u00f3n cient\u00edfica, acercando a la sociedad el conocimiento generado en la Universidad.<\/p>\n<p>Adem\u00e1s, la emisora brinda espacios a las y los estudiantes, permiti\u00e9ndoles expresar sus ideas, inquietudes y proyectos, mediante propuestas radiof\u00f3nicas que enriquecen la vida universitaria. A lo largo de m\u00e1s de tres d\u00e9cadas, Radio UAT ha permanecido como un v\u00ednculo fundamental para difundir el quehacer universitario a trav\u00e9s de la onda sonora, reafirmando su vocaci\u00f3n de servicio y su compromiso con la formaci\u00f3n integral.<\/p>\n<p>Como parte de esta celebraci\u00f3n, se llevar\u00e1 a cabo un concierto gratuito, el pr\u00f3ximo 19 de febrero, a las 19:00 h, en el Teatro de la UAT, ubicado en el edificio de Rector\u00eda, con la presentaci\u00f3n del grupo Todo Bohemia, invitando a la comunidad universitaria, y al p\u00fablico en general, a ser parte de este aniversario.<\/p>\n<p>DIF VICTORIA INICIA REGISTRO PARA LA CAMPA\u00d1A DE MATRIMONIOS COLECTIVOS 2026\u2026 Con el objetivo de fortalecer la uni\u00f3n familiar y brindar certeza jur\u00eddica a las parejas victorenses, el Sistema DIF Victoria informa el inicio del registro para la campa\u00f1a de Matrimonios Colectivos.<\/p>\n<p>Esta campa\u00f1a tiene como finalidad ofrecer a las parejas la oportunidad de formalizar legalmente su uni\u00f3n civil, obteniendo su acta de matrimonio y los beneficios jur\u00eddicos que ello implica, como seguridad patrimonial, derechos sucesorios y reconocimiento legal ante cualquier instituci\u00f3n.<\/p>\n<p>Es importante destacar que el tr\u00e1mite y la celebraci\u00f3n del matrimonio dentro de esta campa\u00f1a son totalmente gratuitos, representando un apoyo directo a la econom\u00eda de las familias.<\/p>\n<p>En esta primera etapa se estar\u00e1 realizando \u00fanicamente la recepci\u00f3n de documentos en la Procuradur\u00eda de Atenci\u00f3n a Ni\u00f1as, Ni\u00f1os y Adolescentes, donde las parejas interesadas podr\u00e1n acudir para iniciar su tr\u00e1mite y entregar la documentaci\u00f3n correspondiente.<\/p>\n<p>Es importante se\u00f1alar que la fecha del evento de Matrimonios Colectivos ser\u00e1 anunciada pr\u00f3ximamente, por lo que se invita a las y los interesados a realizar su registro con anticipaci\u00f3n.<\/p>\n<p>A trav\u00e9s de esta campa\u00f1a, DIF Victoria refrenda su compromiso de promover la estabilidad familiar, el respeto y la certeza legal, facilitando a las parejas la oportunidad de formalizar su uni\u00f3n.<\/p>\n<p>Para mayores informes, las personas interesadas pueden acudir directamente a la Procuradur\u00eda ubicada en el segundo piso del edificio DIF Victoria en el 16 Berriozabal en un horario de 8:00 am a 2:30 pm o comunicarse a los tel\u00e9fonos (834) 185 41 63 y (834) 185 41 60<\/p>\n<p>Coloque en el buscador de facebok @CENADeNegros1 y le agradecer\u00e9 que me regale un Me Gusta, adem\u00e1s nos puede seguir en la cuenta de X @gatovaliente y, como siempre, le dejo el correo electr\u00f3nico a sus \u00f3rdenes para lo que guste y mande\u2026\u00a0<a href=\"mailto:marcovazquez20001@hotmail.com\" target=\"_blank\" rel=\"noreferrer noopener\">marcovazquez20001@hotmail.com<\/a><\/p>\n<\/div>\n","protected":false},"excerpt":{"rendered":"<p>CENA DE NEGROS Marco Antonio V\u00e1zquez Villanueva &nbsp; En las redes sociales la tendencia de hoy son los therians, personas (sobre todo j\u00f3venes) que se identifican con animales, que andan en cuatro patas, en el colmo de la locura, que pretenden que en sus enfermedades los diagnostique un veterinario, esto \u00faltimo no es broma, casos [&hellip;]<\/p>\n","protected":false},"author":1,"featured_media":217831,"comment_status":"closed","ping_status":"closed","sticky":false,"template":"","format":"standard","meta":{"footnotes":""},"categories":[16],"tags":[],"class_list":["post-219018","post","type-post","status-publish","format-standard","has-post-thumbnail","hentry","category-opinion"],"_links":{"self":[{"href":"https:\/\/www.elsinodaldetamaulipas.com.mx\/index.php?rest_route=\/wp\/v2\/posts\/219018","targetHints":{"allow":["GET"]}}],"collection":[{"href":"https:\/\/www.elsinodaldetamaulipas.com.mx\/index.php?rest_route=\/wp\/v2\/posts"}],"about":[{"href":"https:\/\/www.elsinodaldetamaulipas.com.mx\/index.php?rest_route=\/wp\/v2\/types\/post"}],"author":[{"embeddable":true,"href":"https:\/\/www.elsinodaldetamaulipas.com.mx\/index.php?rest_route=\/wp\/v2\/users\/1"}],"replies":[{"embeddable":true,"href":"https:\/\/www.elsinodaldetamaulipas.com.mx\/index.php?rest_route=%2Fwp%2Fv2%2Fcomments&post=219018"}],"version-history":[{"count":1,"href":"https:\/\/www.elsinodaldetamaulipas.com.mx\/index.php?rest_route=\/wp\/v2\/posts\/219018\/revisions"}],"predecessor-version":[{"id":219025,"href":"https:\/\/www.elsinodaldetamaulipas.com.mx\/index.php?rest_route=\/wp\/v2\/posts\/219018\/revisions\/219025"}],"wp:featuredmedia":[{"embeddable":true,"href":"https:\/\/www.elsinodaldetamaulipas.com.mx\/index.php?rest_route=\/wp\/v2\/media\/217831"}],"wp:attachment":[{"href":"https:\/\/www.elsinodaldetamaulipas.com.mx\/index.php?rest_route=%2Fwp%2Fv2%2Fmedia&parent=219018"}],"wp:term":[{"taxonomy":"category","embeddable":true,"href":"https:\/\/www.elsinodaldetamaulipas.com.mx\/index.php?rest_route=%2Fwp%2Fv2%2Fcategories&post=219018"},{"taxonomy":"post_tag","embeddable":true,"href":"https:\/\/www.elsinodaldetamaulipas.com.mx\/index.php?rest_route=%2Fwp%2Fv2%2Ftags&post=219018"}],"curies":[{"name":"wp","href":"https:\/\/api.w.org\/{rel}","templated":true}]}}