{"id":220086,"date":"2026-03-06T19:58:01","date_gmt":"2026-03-06T23:58:01","guid":{"rendered":"https:\/\/www.elsinodaldetamaulipas.com.mx\/?p=220086"},"modified":"2026-03-06T19:58:55","modified_gmt":"2026-03-06T23:58:55","slug":"ftr-organiza-exposicion-dirigida-a-las-obreras","status":"publish","type":"post","link":"https:\/\/www.elsinodaldetamaulipas.com.mx\/?p=220086","title":{"rendered":"FTR, ORGANIZA EXPOSICI\u00d3N DIRIGIDA A LAS OBRERAS"},"content":{"rendered":"<p><em>Por Gil Vicente Galindo\/<strong>EL SINODAL DE TAMAULIPAS<\/strong><\/em><br \/>\n<strong>Reynosa, Tam.-<\/strong> Bajo el marco del \u201cD\u00eda Internacional de la Mujer\u201d, la Federaci\u00f3n de Trabajadores de Reynosa, invita a todas las damitas de la ciudad a la conferencia magistral que disertara la doctora Mar\u00eda Taid\u00e9 Garza Guerra.<br \/>\n\u00abEl tema de la conferencia magistral de la presidenta de la Comisi\u00f3n de Derechos Humanos del Estado de Tamaulipas, ser\u00e1 el nueve de este mes de marzo en las instalaciones del sindicato de la COMAPA\u00bb, comento el secretario de organizaci\u00f3n de la CTM Reynosa, Juan Salvador Portillo Mart\u00ednez.<\/p>\n<p><img loading=\"lazy\" decoding=\"async\" class=\"aligncenter wp-image-220088 size-full\" src=\"https:\/\/www.elsinodaldetamaulipas.com.mx\/wp-content\/uploads\/2026\/03\/CTM.jpg\" alt=\"\" width=\"903\" height=\"1600\" srcset=\"https:\/\/www.elsinodaldetamaulipas.com.mx\/wp-content\/uploads\/2026\/03\/CTM.jpg 903w, https:\/\/www.elsinodaldetamaulipas.com.mx\/wp-content\/uploads\/2026\/03\/CTM-169x300.jpg 169w, https:\/\/www.elsinodaldetamaulipas.com.mx\/wp-content\/uploads\/2026\/03\/CTM-578x1024.jpg 578w, https:\/\/www.elsinodaldetamaulipas.com.mx\/wp-content\/uploads\/2026\/03\/CTM-768x1361.jpg 768w, https:\/\/www.elsinodaldetamaulipas.com.mx\/wp-content\/uploads\/2026\/03\/CTM-867x1536.jpg 867w\" sizes=\"auto, (max-width: 903px) 100vw, 903px\" \/><br \/>\nLa doctora Mar\u00eda Taid\u00e9 Garza Guerra se presentar\u00e1 en el recinto sindical de la COMAPA, por lo que se agradece las facilidades a la l\u00edder, Norma Delia Gonz\u00e1lez Salinas, dijo Portillo Mart\u00ednez.<br \/>\n-Invitamos a todas las mujeres sindicalizadas a que asistan a esta magistral conferencia con el tema \u201cDerechos de la Mujer\u201d, as\u00ed que, sin lugar a dudas, ser\u00e1 por dem\u00e1s interesante, as\u00ed que no faltes amiga trabajadora-, apunto el l\u00edder obrero.<br \/>\nSer\u00e1 en punto de las cinco de la tarde del pr\u00f3ximo lunes 9 de marzo en el citado lugar, donde asistir\u00e1n mujeres profesionistas, dirigentes sindicales, trabajadoras, las esperamos, reitero Juan Salvador Portillo Mart\u00ednez.<\/p>\n","protected":false},"excerpt":{"rendered":"<p>Por Gil Vicente Galindo\/EL SINODAL DE TAMAULIPAS Reynosa, Tam.- Bajo el marco del \u201cD\u00eda Internacional de la Mujer\u201d, la Federaci\u00f3n de Trabajadores de Reynosa, invita a todas las damitas de la ciudad a la conferencia magistral que disertara la doctora Mar\u00eda Taid\u00e9 Garza Guerra. \u00abEl tema de la conferencia magistral de la presidenta de la [&hellip;]<\/p>\n","protected":false},"author":1,"featured_media":220087,"comment_status":"closed","ping_status":"closed","sticky":false,"template":"","format":"standard","meta":{"footnotes":""},"categories":[1,2],"tags":[],"class_list":["post-220086","post","type-post","status-publish","format-standard","has-post-thumbnail","hentry","category-portada","category-reynosa"],"_links":{"self":[{"href":"https:\/\/www.elsinodaldetamaulipas.com.mx\/index.php?rest_route=\/wp\/v2\/posts\/220086","targetHints":{"allow":["GET"]}}],"collection":[{"href":"https:\/\/www.elsinodaldetamaulipas.com.mx\/index.php?rest_route=\/wp\/v2\/posts"}],"about":[{"href":"https:\/\/www.elsinodaldetamaulipas.com.mx\/index.php?rest_route=\/wp\/v2\/types\/post"}],"author":[{"embeddable":true,"href":"https:\/\/www.elsinodaldetamaulipas.com.mx\/index.php?rest_route=\/wp\/v2\/users\/1"}],"replies":[{"embeddable":true,"href":"https:\/\/www.elsinodaldetamaulipas.com.mx\/index.php?rest_route=%2Fwp%2Fv2%2Fcomments&post=220086"}],"version-history":[{"count":2,"href":"https:\/\/www.elsinodaldetamaulipas.com.mx\/index.php?rest_route=\/wp\/v2\/posts\/220086\/revisions"}],"predecessor-version":[{"id":220090,"href":"https:\/\/www.elsinodaldetamaulipas.com.mx\/index.php?rest_route=\/wp\/v2\/posts\/220086\/revisions\/220090"}],"wp:featuredmedia":[{"embeddable":true,"href":"https:\/\/www.elsinodaldetamaulipas.com.mx\/index.php?rest_route=\/wp\/v2\/media\/220087"}],"wp:attachment":[{"href":"https:\/\/www.elsinodaldetamaulipas.com.mx\/index.php?rest_route=%2Fwp%2Fv2%2Fmedia&parent=220086"}],"wp:term":[{"taxonomy":"category","embeddable":true,"href":"https:\/\/www.elsinodaldetamaulipas.com.mx\/index.php?rest_route=%2Fwp%2Fv2%2Fcategories&post=220086"},{"taxonomy":"post_tag","embeddable":true,"href":"https:\/\/www.elsinodaldetamaulipas.com.mx\/index.php?rest_route=%2Fwp%2Fv2%2Ftags&post=220086"}],"curies":[{"name":"wp","href":"https:\/\/api.w.org\/{rel}","templated":true}]}}