{"id":220142,"date":"2026-03-10T03:36:22","date_gmt":"2026-03-10T07:36:22","guid":{"rendered":"https:\/\/www.elsinodaldetamaulipas.com.mx\/?p=220142"},"modified":"2026-03-10T03:36:22","modified_gmt":"2026-03-10T07:36:22","slug":"constructores-contentos","status":"publish","type":"post","link":"https:\/\/www.elsinodaldetamaulipas.com.mx\/?p=220142","title":{"rendered":"CONSTRUCTORES CONTENTOS"},"content":{"rendered":"<p>Ahora s\u00ed que los constructores de Nuevo Laredo andan contentos. Y no es para menos. Cuando el sector de la construcci\u00f3n sonr\u00ede, es se\u00f1al de que la ciudad se est\u00e1 moviendo, que hay inversi\u00f3n y que el dinero empieza a circular como sangre fresca por las venas de la econom\u00eda local.<\/p>\n<p>La raz\u00f3n tiene nombre y cifra, el Plan de Obra P\u00fablica 2026, aprobado recientemente, que contempla una inversi\u00f3n hist\u00f3rica cercana a los mil 300 millones de pesos. Una bolsa que, bien aplicada, no solo levanta calles, escuelas o drenajes, sino que tambi\u00e9n levanta empleos, negocios y expectativas.<\/p>\n<p>La alcaldesa Carmen Lilia\u00a0Canturosas\u00a0Villarreal vuelve a poner sobre la mesa algo que en pol\u00edtica municipal no siempre ocurre, obra p\u00fablica con visi\u00f3n de ciudad. No se trata de parches ni de ocurrencias, sino de un programa que toca pr\u00e1cticamente todos los frentes que una ciudad en crecimiento necesita, educaci\u00f3n, salud, drenaje pluvial, agua potable, espacios p\u00fablicos y, por supuesto, vialidades.<\/p>\n<p>El presidente de la Asociaci\u00f3n de Constructores de Nuevo Laredo, el ingeniero Ezequiel Estrada Mercado, lo dijo sin rodeos,\u00a0la obra p\u00fablica es el motor de la econom\u00eda local. Y tiene raz\u00f3n. Cada obra arranca con planos, pero termina moviendo cemento, acero, camiones, proveedores, trabajadores y familias que dependen de ese engranaje.<\/p>\n<p>Pero hay un detalle que merece subrayarse con tinta roja.<\/p>\n<p>M\u00e1s del 95 por ciento de las empresas que realizan obra p\u00fablica en Nuevo Laredo son locales.<\/p>\n<p>Eso significa que el dinero no se fuga, no se va a otros estados ni a grandes corporativos que llegan, cobran y desaparecen. Aqu\u00ed el recurso se queda en casa, en manos de constructores\u00a0neolaredenses\u00a0que pagan n\u00f3mina aqu\u00ed, compran materiales aqu\u00ed y generan empleo aqu\u00ed.<\/p>\n<p>Ese dato, reconocido por Gabriel de Jes\u00fas Jim\u00e9nez Centeno, representante de la CMIC en Nuevo Laredo, no es menor. Es una decisi\u00f3n pol\u00edtica y administrativa que fortalece la econom\u00eda de la ciudad. En pocas palabras,\u00a0la obra se construye aqu\u00ed y la riqueza tambi\u00e9n se queda aqu\u00ed.<\/p>\n<p>Por su parte, la presidenta del Colegio de Ingenieros Civiles de Nuevo Laredo, Luisa Ang\u00e9lica Mora Campos, pone el dedo en otro punto clave,\u00a0la movilidad urbana. Nuevo Laredo crece, el parque vehicular aumenta y las principales arterias empiezan a resentir la presi\u00f3n. Las nuevas vialidades y desfogues vehiculares no son un lujo, son una necesidad para evitar que la ciudad termine atrapada en su propio tr\u00e1fico.<\/p>\n<p>Y si alguien duda de la importancia de este plan, basta recordar una realidad que define a Nuevo Laredo,\u00a0es la aduana n\u00famero uno de Latinoam\u00e9rica. Por sus puentes y carreteras pasa una buena parte del comercio internacional entre M\u00e9xico y Estados Unidos. Una ciudad con ese peso econ\u00f3mico no puede darse el lujo de quedarse con infraestructura de ayer.<\/p>\n<p>Por eso, cuando se habla de mil 332 millones 555 mil 982 pesos en obra p\u00fablica, no se habla solo de concreto y maquinaria. Se habla de planeaci\u00f3n, desarrollo urbano y competitividad.<\/p>\n<p>MORENA MUEVE EL 2027<\/p>\n<p>En Morena ya decidieron que el reloj electoral empiece a correr desde ahora. La maquinaria guinda encendi\u00f3 motores este fin de semana al aprobar el calendario y las reglas para seleccionar a sus candidaturas rumbo al proceso electoral de 2027.<\/p>\n<p>Y no se trata de un proceso menor. En ese a\u00f1o estar\u00e1n en juego 17 gubernaturas, pero tambi\u00e9n miles de cargos en todo el pa\u00eds. Entre ellos, Tamaulipas, donde se renovar\u00e1n los 43 ayuntamientos, adem\u00e1s de diputaciones locales y federales. Dicho de otra manera, el tablero pol\u00edtico del estado se volver\u00e1 a sacudir de pies a cabeza.<\/p>\n<p>La decisi\u00f3n se tom\u00f3 durante la sesi\u00f3n del Consejo Nacional de Morena en la Ciudad de M\u00e9xico, donde la dirigencia present\u00f3 la ruta que seguir\u00e1 el partido para elegir a quienes, primero, ser\u00e1n llamados \u201ccoordinadores de la Defensa de la Transformaci\u00f3n\u201d y despu\u00e9s, en el momento electoral, candidatos oficiales.<\/p>\n<p>El calendario ya est\u00e1 marcado con tinta\u00a0guinda.<\/p>\n<p>El 22 de junio iniciar\u00e1 la primera gran etapa con la selecci\u00f3n de las coordinaciones estatales en las 17 entidades donde habr\u00e1 elecci\u00f3n de gobernador. Posteriormente vendr\u00e1n otras fases dentro de la estructura territorial del partido,\u00a0el 3 de agosto se definir\u00e1n las coordinaciones distritales federales,\u00a0el 21 de septiembre las coordinaciones municipales,\u00a0y el 8 de noviembre las coordinaciones distritales locales.<\/p>\n<p>Traducido al idioma de la grilla,\u00a0el proceso interno arrancar\u00e1 en verano y para noviembre ya habr\u00e1 se\u00f1ales claras de qui\u00e9nes llevan ventaja rumbo al 2027.<\/p>\n<p>Morena, adem\u00e1s, ratific\u00f3 su f\u00f3rmula favorita para elegir perfiles,\u00a0las encuestas. Un m\u00e9todo que ya se volvi\u00f3 marca registrada del partido y que, aunque a algunos les incomoda, sigue siendo el instrumento con el que definen qui\u00e9n tiene mayor reconocimiento y aceptaci\u00f3n entre la ciudadan\u00eda.<\/p>\n<p>El procedimiento incluye cuatro pasos,\u00a0convocatoria, filtro, encuestas y selecci\u00f3n. Si en una posici\u00f3n se registran m\u00e1s de seis aspirantes, primero habr\u00e1 un sondeo preliminar para reducir la lista. Despu\u00e9s vendr\u00e1 la encuesta definitiva que medir\u00e1 atributos como honestidad, cercan\u00eda con la gente, conocimiento y trabajo territorial.<\/p>\n<p>En otras palabras, no basta con levantar la mano\u2026 hay que tener estructura, presencia y nombre en la calle.<\/p>\n<p>Pero junto al calendario tambi\u00e9n llegaron las reglas, y aqu\u00ed es donde m\u00e1s de uno tendr\u00e1 que pisar el freno.<\/p>\n<p>Morena prohibi\u00f3 expresamente espectaculares, campa\u00f1as disfrazadas, uso de recursos p\u00fablicos, entrega de d\u00e1divas, eventos masivos ostentosos o guerra sucia en redes sociales. Tampoco se permitir\u00e1n noticias falsas, ataques entre aspirantes ni campa\u00f1as de linchamiento digital.<\/p>\n<p>La instrucci\u00f3n es clara,\u00a0quien quiera competir deber\u00e1 hacerlo con disciplina partidista y dentro de la ley\u2026 \u00bfQu\u00e9,\u00a0no?,\u00a0NOS LEEMOS.<\/p>\n<p>Comentarios:\u00a0<a href=\"mailto:pedropnatividad@gmail.com\" target=\"_blank\" rel=\"noreferrer noopener\">pedropnatividad@gmail.com<\/a><\/p>\n","protected":false},"excerpt":{"rendered":"<p>Ahora s\u00ed que los constructores de Nuevo Laredo andan contentos. Y no es para menos. Cuando el sector de la construcci\u00f3n sonr\u00ede, es se\u00f1al de que la ciudad se est\u00e1 moviendo, que hay inversi\u00f3n y que el dinero empieza a circular como sangre fresca por las venas de la econom\u00eda local. La raz\u00f3n tiene nombre [&hellip;]<\/p>\n","protected":false},"author":1,"featured_media":207086,"comment_status":"closed","ping_status":"closed","sticky":false,"template":"","format":"standard","meta":{"footnotes":""},"categories":[16],"tags":[],"class_list":["post-220142","post","type-post","status-publish","format-standard","has-post-thumbnail","hentry","category-opinion"],"_links":{"self":[{"href":"https:\/\/www.elsinodaldetamaulipas.com.mx\/index.php?rest_route=\/wp\/v2\/posts\/220142","targetHints":{"allow":["GET"]}}],"collection":[{"href":"https:\/\/www.elsinodaldetamaulipas.com.mx\/index.php?rest_route=\/wp\/v2\/posts"}],"about":[{"href":"https:\/\/www.elsinodaldetamaulipas.com.mx\/index.php?rest_route=\/wp\/v2\/types\/post"}],"author":[{"embeddable":true,"href":"https:\/\/www.elsinodaldetamaulipas.com.mx\/index.php?rest_route=\/wp\/v2\/users\/1"}],"replies":[{"embeddable":true,"href":"https:\/\/www.elsinodaldetamaulipas.com.mx\/index.php?rest_route=%2Fwp%2Fv2%2Fcomments&post=220142"}],"version-history":[{"count":1,"href":"https:\/\/www.elsinodaldetamaulipas.com.mx\/index.php?rest_route=\/wp\/v2\/posts\/220142\/revisions"}],"predecessor-version":[{"id":220143,"href":"https:\/\/www.elsinodaldetamaulipas.com.mx\/index.php?rest_route=\/wp\/v2\/posts\/220142\/revisions\/220143"}],"wp:featuredmedia":[{"embeddable":true,"href":"https:\/\/www.elsinodaldetamaulipas.com.mx\/index.php?rest_route=\/wp\/v2\/media\/207086"}],"wp:attachment":[{"href":"https:\/\/www.elsinodaldetamaulipas.com.mx\/index.php?rest_route=%2Fwp%2Fv2%2Fmedia&parent=220142"}],"wp:term":[{"taxonomy":"category","embeddable":true,"href":"https:\/\/www.elsinodaldetamaulipas.com.mx\/index.php?rest_route=%2Fwp%2Fv2%2Fcategories&post=220142"},{"taxonomy":"post_tag","embeddable":true,"href":"https:\/\/www.elsinodaldetamaulipas.com.mx\/index.php?rest_route=%2Fwp%2Fv2%2Ftags&post=220142"}],"curies":[{"name":"wp","href":"https:\/\/api.w.org\/{rel}","templated":true}]}}