{"id":220144,"date":"2026-03-10T03:39:43","date_gmt":"2026-03-10T07:39:43","guid":{"rendered":"https:\/\/www.elsinodaldetamaulipas.com.mx\/?p=220144"},"modified":"2026-03-10T03:39:43","modified_gmt":"2026-03-10T07:39:43","slug":"en-el-operativo-contra-motocilistas-resurgio-la-corrupcion","status":"publish","type":"post","link":"https:\/\/www.elsinodaldetamaulipas.com.mx\/?p=220144","title":{"rendered":"EN EL OPERATIVO CONTRA MOTOCILISTAS RESURGI\u00d3 LA CORRUPCI\u00d3N"},"content":{"rendered":"<p>Lo que naci\u00f3 como una estrategia de seguridad ciudadana en Ciudad Victoria se pudri\u00f3 en el camino.<\/p>\n<p>Los operativos contra motociclistas y autos \u00abchocolates\u00bb, dise\u00f1ados supuestamente para frenar a la delincuencia, se convirtieron en una\u00a0licencia oficial para el asalto.<\/p>\n<p>Hoy, los agentes de tr\u00e1nsito municipales y estatales no buscan criminales; buscan v\u00edctimas con casco.<\/p>\n<p>Hace d\u00edas por la noche la escena fue pat\u00e9tica: un humilde vendedor ambulante, de esos que recorren las calles con un triciclo motorizado adaptado, fue cercado por el ret\u00e9n.<\/p>\n<p>Su \u00abdelito\u00bb era no tener placas ni licencia, una falta administrativa que en manos de la autoridad se transforma en un drama humano.<\/p>\n<p>Mientras el comerciante imploraba piedad para sus vitrinas llenas de fruta y frituras, los agentes exhib\u00edan esa\u00a0insensibilidad burocr\u00e1tica\u00a0que solo aparece cuando hay una \u00abmordida\u00bb de por medio o una cuota que llenar.<\/p>\n<p>Es de una ingenuidad criminal pensar que en el corral\u00f3n de Tr\u00e1nsito se respetar\u00eda la mercanc\u00eda perecedera del vendedor.<\/p>\n<p>Si en esos patios \u00abvuelan\u00bb llantas, bater\u00edas y refacciones, \u00bfqu\u00e9 esperanza tienen unos tostitos o un vaso de fruta?<\/p>\n<p>El operativo perdi\u00f3 su br\u00fajula. Se supone que iban tras las bandas que usan motos sin placas para extorsionar y delinquir, pero terminaron \u00abatorando\u00bb a trabajadores como Jos\u00e9, un chal\u00e1n de taller que vive al d\u00eda y para quien recuperar su herramienta de trabajo significa empe\u00f1ar el salario de tres semanas.<\/p>\n<p>Entre placas, licencia y ex\u00e1menes, la factura asciende a los\u00a02 mil pesos, una cifra prohibitiva para miles de familias victorenses que hoy viven bajo una\u00a0campa\u00f1a de terror vial.<\/p>\n<p>Actualmente, los patios de la delegaci\u00f3n de Tr\u00e1nsito son un cementerio de m\u00e1s de dos mil motocicletas. Muchas jam\u00e1s saldr\u00e1n de ah\u00ed; el costo del rescate supera el valor de la unidad o la capacidad econ\u00f3mica de quienes a\u00fan las deben a Coppel o Elektra.<\/p>\n<p>Lo que deber\u00eda ser una acci\u00f3n de orden se ha degradado a un\u00a0mecanismo de cobranza coercitiva y extorsi\u00f3n descarada.<\/p>\n<p>\u00bfD\u00f3nde est\u00e1n los resultados de seguridad? \u00bfCu\u00e1ntos delincuentes con armas o drogas han ca\u00eddo en estos retenes? Las autoridades guardan silencio porque el \u00fanico dato que crece es el de la recaudaci\u00f3n. Sin embargo, se les olvida un factor en la ecuaci\u00f3n: el\u00a0costo pol\u00edtico.<\/p>\n<p>En tiempos de crisis, abusar del bolsillo del ciudadano m\u00e1s vulnerable tiene consecuencias. Si no hay una tregua, una campa\u00f1a de advertencia o un plazo real para el emplacamiento, el operativo pasar\u00e1 factura en las urnas.<\/p>\n<p>Las autoridades deber\u00edan evaluar si los millones recaudados valen la pena, porque al final del d\u00eda, lo que est\u00e1n sembrando son\u00a0votos contra las motos. Ciudad Victoria anda escasa de dinero y \u00abchimuela\u00bb de paciencia; no tiente m\u00e1s a la suerte.<\/p>\n<p>Hasta hoy no hemos escuchado a los diputados locales o los aspirantes salir en defensa de los motocilistas, dec\u00edamos que la corporaci\u00f3n de tr\u00e1nsito estatal fue creada para asaltar cuando fue aprobada en el Congreso del Estado y por desgracia no nos equivocamos.<\/p>\n<p>Los retenes en la entrada a ciudad Victoria s\u00f3lo buscan un poco de cari\u00f1o verde o de perdido un doscient\u00f3n.<\/p>\n<p>Ayer, la Direcci\u00f3n General de Asuntos Religiosos y Gobernabilidad Democr\u00e1tica para la Reconstrucci\u00f3n del Tejido Social, que dirige Arlet Fuentes Gallegos, llev\u00f3 a cabo la conferencia \u201cMinistras de Culto y su Rol Fundamental en las Asociaciones Religiosas\u201d, dirigida a mujeres que desempe\u00f1an funciones como ministras de culto, representantes legales o integrantes de agrupaciones y asociaciones religiosas.<\/p>\n<p>La conferencia fue impartida por M\u00d3NICA ISABEL JU\u00c1REZ CHAVIRA, ministra de Culto de la Iglesia Cristiana Edificadores, quien comparti\u00f3 experiencias y reflexiones sobre el papel fundamental que desempe\u00f1an las mujeres en las asociaciones religiosas, as\u00ed como su contribuci\u00f3n en la construcci\u00f3n de comunidades m\u00e1s solidarias y participativas.<\/p>\n<p>Bueno, por hoy es todo.<br \/>\nAdi\u00f3s y aguas con los patinazos\u2026<\/p>\n<p>Contacto:<\/p>\n<p><a href=\"mailto:patinadero@hotmail.com\" target=\"_blank\" rel=\"noreferrer noopener\">patinadero@hotmail.com<\/a><\/p>\n","protected":false},"excerpt":{"rendered":"<p>Lo que naci\u00f3 como una estrategia de seguridad ciudadana en Ciudad Victoria se pudri\u00f3 en el camino. Los operativos contra motociclistas y autos \u00abchocolates\u00bb, dise\u00f1ados supuestamente para frenar a la delincuencia, se convirtieron en una\u00a0licencia oficial para el asalto. Hoy, los agentes de tr\u00e1nsito municipales y estatales no buscan criminales; buscan v\u00edctimas con casco. Hace [&hellip;]<\/p>\n","protected":false},"author":1,"featured_media":210340,"comment_status":"closed","ping_status":"closed","sticky":false,"template":"","format":"standard","meta":{"footnotes":""},"categories":[16],"tags":[],"class_list":["post-220144","post","type-post","status-publish","format-standard","has-post-thumbnail","hentry","category-opinion"],"_links":{"self":[{"href":"https:\/\/www.elsinodaldetamaulipas.com.mx\/index.php?rest_route=\/wp\/v2\/posts\/220144","targetHints":{"allow":["GET"]}}],"collection":[{"href":"https:\/\/www.elsinodaldetamaulipas.com.mx\/index.php?rest_route=\/wp\/v2\/posts"}],"about":[{"href":"https:\/\/www.elsinodaldetamaulipas.com.mx\/index.php?rest_route=\/wp\/v2\/types\/post"}],"author":[{"embeddable":true,"href":"https:\/\/www.elsinodaldetamaulipas.com.mx\/index.php?rest_route=\/wp\/v2\/users\/1"}],"replies":[{"embeddable":true,"href":"https:\/\/www.elsinodaldetamaulipas.com.mx\/index.php?rest_route=%2Fwp%2Fv2%2Fcomments&post=220144"}],"version-history":[{"count":1,"href":"https:\/\/www.elsinodaldetamaulipas.com.mx\/index.php?rest_route=\/wp\/v2\/posts\/220144\/revisions"}],"predecessor-version":[{"id":220145,"href":"https:\/\/www.elsinodaldetamaulipas.com.mx\/index.php?rest_route=\/wp\/v2\/posts\/220144\/revisions\/220145"}],"wp:featuredmedia":[{"embeddable":true,"href":"https:\/\/www.elsinodaldetamaulipas.com.mx\/index.php?rest_route=\/wp\/v2\/media\/210340"}],"wp:attachment":[{"href":"https:\/\/www.elsinodaldetamaulipas.com.mx\/index.php?rest_route=%2Fwp%2Fv2%2Fmedia&parent=220144"}],"wp:term":[{"taxonomy":"category","embeddable":true,"href":"https:\/\/www.elsinodaldetamaulipas.com.mx\/index.php?rest_route=%2Fwp%2Fv2%2Fcategories&post=220144"},{"taxonomy":"post_tag","embeddable":true,"href":"https:\/\/www.elsinodaldetamaulipas.com.mx\/index.php?rest_route=%2Fwp%2Fv2%2Ftags&post=220144"}],"curies":[{"name":"wp","href":"https:\/\/api.w.org\/{rel}","templated":true}]}}