{"id":220151,"date":"2026-03-10T11:46:08","date_gmt":"2026-03-10T15:46:08","guid":{"rendered":"https:\/\/www.elsinodaldetamaulipas.com.mx\/?p=220151"},"modified":"2026-03-10T11:46:08","modified_gmt":"2026-03-10T15:46:08","slug":"vinculan-a-proceso-a-conductor-de-auto-robado","status":"publish","type":"post","link":"https:\/\/www.elsinodaldetamaulipas.com.mx\/?p=220151","title":{"rendered":"VINCULAN A PROCESO A CONDUCTOR DE AUTO ROBADO"},"content":{"rendered":"<p>EL SINODAL DE TAMAULIPAS<br \/>\nTampico, Tamaulipas.\u2013 Un \u00d3rgano Jurisdiccional, sustentado en datos de prueba presentados por la Representaci\u00f3n Social de la Fiscal\u00eda General de Justicia del Estado de Tamaulipas, dict\u00f3 vinculaci\u00f3n a proceso a Brandho Jes\u00fas \u201cH\u201d por su probable responsabilidad en el delito de Posesi\u00f3n de Veh\u00edculo con Reporte de Robo.<br \/>\nLos hechos que se le imputan ocurrieron el pasado 26 de enero, sobre la Avenida de la Industria, a la altura de la carretera Tampico-Mante, en el municipio de Altamira; y tras el an\u00e1lisis de los elementos probatorios expuestos, la autoridad judicial estableci\u00f3 un plazo de dos meses para la investigaci\u00f3n complementaria y como medida cautelar, impuso prisi\u00f3n preventiva justificada por el tiempo que dure el proceso.<br \/>\nCon esta resoluci\u00f3n, la Fiscal\u00eda General de Justicia del Estado de Tamaulipas reitera que quien atente contra el patrimonio y la seguridad de la sociedad ser\u00e1 llevado ante la justicia, utilizando y agotando todos los medios jur\u00eddicos a su alcance.<\/p>\n","protected":false},"excerpt":{"rendered":"<p>EL SINODAL DE TAMAULIPAS Tampico, Tamaulipas.\u2013 Un \u00d3rgano Jurisdiccional, sustentado en datos de prueba presentados por la Representaci\u00f3n Social de la Fiscal\u00eda General de Justicia del Estado de Tamaulipas, dict\u00f3 vinculaci\u00f3n a proceso a Brandho Jes\u00fas \u201cH\u201d por su probable responsabilidad en el delito de Posesi\u00f3n de Veh\u00edculo con Reporte de Robo. Los hechos que [&hellip;]<\/p>\n","protected":false},"author":1,"featured_media":220152,"comment_status":"closed","ping_status":"closed","sticky":false,"template":"","format":"standard","meta":{"footnotes":""},"categories":[25],"tags":[],"class_list":["post-220151","post","type-post","status-publish","format-standard","has-post-thumbnail","hentry","category-leyyorden"],"_links":{"self":[{"href":"https:\/\/www.elsinodaldetamaulipas.com.mx\/index.php?rest_route=\/wp\/v2\/posts\/220151","targetHints":{"allow":["GET"]}}],"collection":[{"href":"https:\/\/www.elsinodaldetamaulipas.com.mx\/index.php?rest_route=\/wp\/v2\/posts"}],"about":[{"href":"https:\/\/www.elsinodaldetamaulipas.com.mx\/index.php?rest_route=\/wp\/v2\/types\/post"}],"author":[{"embeddable":true,"href":"https:\/\/www.elsinodaldetamaulipas.com.mx\/index.php?rest_route=\/wp\/v2\/users\/1"}],"replies":[{"embeddable":true,"href":"https:\/\/www.elsinodaldetamaulipas.com.mx\/index.php?rest_route=%2Fwp%2Fv2%2Fcomments&post=220151"}],"version-history":[{"count":1,"href":"https:\/\/www.elsinodaldetamaulipas.com.mx\/index.php?rest_route=\/wp\/v2\/posts\/220151\/revisions"}],"predecessor-version":[{"id":220153,"href":"https:\/\/www.elsinodaldetamaulipas.com.mx\/index.php?rest_route=\/wp\/v2\/posts\/220151\/revisions\/220153"}],"wp:featuredmedia":[{"embeddable":true,"href":"https:\/\/www.elsinodaldetamaulipas.com.mx\/index.php?rest_route=\/wp\/v2\/media\/220152"}],"wp:attachment":[{"href":"https:\/\/www.elsinodaldetamaulipas.com.mx\/index.php?rest_route=%2Fwp%2Fv2%2Fmedia&parent=220151"}],"wp:term":[{"taxonomy":"category","embeddable":true,"href":"https:\/\/www.elsinodaldetamaulipas.com.mx\/index.php?rest_route=%2Fwp%2Fv2%2Fcategories&post=220151"},{"taxonomy":"post_tag","embeddable":true,"href":"https:\/\/www.elsinodaldetamaulipas.com.mx\/index.php?rest_route=%2Fwp%2Fv2%2Ftags&post=220151"}],"curies":[{"name":"wp","href":"https:\/\/api.w.org\/{rel}","templated":true}]}}