{"id":220154,"date":"2026-03-10T12:04:47","date_gmt":"2026-03-10T16:04:47","guid":{"rendered":"https:\/\/www.elsinodaldetamaulipas.com.mx\/?p=220154"},"modified":"2026-03-10T12:04:47","modified_gmt":"2026-03-10T16:04:47","slug":"expresan-gratitud-a-funcionarios-que-si-trabajan","status":"publish","type":"post","link":"https:\/\/www.elsinodaldetamaulipas.com.mx\/?p=220154","title":{"rendered":"EXPRESAN GRATITUD A FUNCIONARIOS QUE SI TRABAJAN"},"content":{"rendered":"<p><em><strong>Por Gil Vicente Galindo\/EL SINODAL DE TAMAULIPAS<\/strong><\/em><\/p>\n<p>Reynosa, Tam.- La se\u00f1ora Yesica Jord\u00e1n Torres presidenta de vecinos de la colonia \u201cEmiliano Zapata\u201d, agradece todo el apoyo al secretario de servicios primarios, ingeniero Antonio Ch\u00e1vez Herrera del municipio de Reynosa.<\/p>\n<p>\u201cHemos gestionado varias l\u00e1mparas que nos solicitan mis vecinas, as\u00ed como el bacheo en nuestra colonia y casi de inmediato, nos resuelven estas y otras peticiones\u201d, comento la l\u00edder del sector.<\/p>\n<p>La colonia ahora luce con m\u00e1s alumbrado p\u00fablico como la \u201c\u00c1lvaro Obreg\u00f3n\u201d donde se not\u00f3 la mano del ingeniero To\u00f1o Ch\u00e1vez y la coordinadora Tete Sol\u00eds, -coment\u00f3- la representante de la colonia \u201cEmiliano Zapata\u201d, Yessica Jord\u00e1n Torres.<\/p>\n<p>\u201cNo hay duda, ahora Reynosa ya es otra, otra imagen, m\u00e1s limpia, m\u00e1s segura, como dicen ellos, los del municipio, Reynosa imparable y ahora nos toca a nosotros como buenos vecinos, mantener nuestras calles limpias\u201d, a\u00f1adi\u00f3 la se\u00f1ora Yessica Jord\u00e1n Torres.<\/p>\n<p>Quien tambi\u00e9n nos ha apoyado es la COMAPA Reynosa con el ingeniero Felipe Chiw Vega, con el arreglo de fugas de drenaje, gracias a ellos tambi\u00e9n dijo la presidenta seccional del sector de la \u201cEmiliano Zapata\u201d.<\/p>\n","protected":false},"excerpt":{"rendered":"<p>Por Gil Vicente Galindo\/EL SINODAL DE TAMAULIPAS Reynosa, Tam.- La se\u00f1ora Yesica Jord\u00e1n Torres presidenta de vecinos de la colonia \u201cEmiliano Zapata\u201d, agradece todo el apoyo al secretario de servicios primarios, ingeniero Antonio Ch\u00e1vez Herrera del municipio de Reynosa. \u201cHemos gestionado varias l\u00e1mparas que nos solicitan mis vecinas, as\u00ed como el bacheo en nuestra colonia [&hellip;]<\/p>\n","protected":false},"author":1,"featured_media":220155,"comment_status":"closed","ping_status":"closed","sticky":false,"template":"","format":"standard","meta":{"footnotes":""},"categories":[1,2],"tags":[],"class_list":["post-220154","post","type-post","status-publish","format-standard","has-post-thumbnail","hentry","category-portada","category-reynosa"],"_links":{"self":[{"href":"https:\/\/www.elsinodaldetamaulipas.com.mx\/index.php?rest_route=\/wp\/v2\/posts\/220154","targetHints":{"allow":["GET"]}}],"collection":[{"href":"https:\/\/www.elsinodaldetamaulipas.com.mx\/index.php?rest_route=\/wp\/v2\/posts"}],"about":[{"href":"https:\/\/www.elsinodaldetamaulipas.com.mx\/index.php?rest_route=\/wp\/v2\/types\/post"}],"author":[{"embeddable":true,"href":"https:\/\/www.elsinodaldetamaulipas.com.mx\/index.php?rest_route=\/wp\/v2\/users\/1"}],"replies":[{"embeddable":true,"href":"https:\/\/www.elsinodaldetamaulipas.com.mx\/index.php?rest_route=%2Fwp%2Fv2%2Fcomments&post=220154"}],"version-history":[{"count":1,"href":"https:\/\/www.elsinodaldetamaulipas.com.mx\/index.php?rest_route=\/wp\/v2\/posts\/220154\/revisions"}],"predecessor-version":[{"id":220156,"href":"https:\/\/www.elsinodaldetamaulipas.com.mx\/index.php?rest_route=\/wp\/v2\/posts\/220154\/revisions\/220156"}],"wp:featuredmedia":[{"embeddable":true,"href":"https:\/\/www.elsinodaldetamaulipas.com.mx\/index.php?rest_route=\/wp\/v2\/media\/220155"}],"wp:attachment":[{"href":"https:\/\/www.elsinodaldetamaulipas.com.mx\/index.php?rest_route=%2Fwp%2Fv2%2Fmedia&parent=220154"}],"wp:term":[{"taxonomy":"category","embeddable":true,"href":"https:\/\/www.elsinodaldetamaulipas.com.mx\/index.php?rest_route=%2Fwp%2Fv2%2Fcategories&post=220154"},{"taxonomy":"post_tag","embeddable":true,"href":"https:\/\/www.elsinodaldetamaulipas.com.mx\/index.php?rest_route=%2Fwp%2Fv2%2Ftags&post=220154"}],"curies":[{"name":"wp","href":"https:\/\/api.w.org\/{rel}","templated":true}]}}