{"id":220160,"date":"2026-03-10T12:14:22","date_gmt":"2026-03-10T16:14:22","guid":{"rendered":"https:\/\/www.elsinodaldetamaulipas.com.mx\/?p=220160"},"modified":"2026-03-10T12:14:22","modified_gmt":"2026-03-10T16:14:22","slug":"los-historiadores","status":"publish","type":"post","link":"https:\/\/www.elsinodaldetamaulipas.com.mx\/?p=220160","title":{"rendered":"LOS HISTORIADORES"},"content":{"rendered":"<p>LA MADRIGUERA DEL LOBO<br \/>\nPor: Jos\u00e9 Andr\u00e9s Zorrilla M.<\/p>\n<p>Hay una nueva cultura pol\u00edtica en nuestro pa\u00eds respecto al DEBATE de las diferentes ideolog\u00edas y partidos. Se analizan con insistencia la eficiencia de los \u00faltimos a\u00f1os y sexenios, centrando la discusi\u00f3n casi exclusivamente en seguridad y salud, con el uso de GR\u00c1FICAS Y ESTAD\u00cdSTICAS digitales o impresas, como si el futuro de M\u00e9xico pudiera resolverse en una competencia de n\u00fameros. Esta edici\u00f3n con DEDICATORIA especial. De eso hablaremos hoy.<\/p>\n<p>El problema no es medir; EL PROBLEMA ES CREER QUE MEDIR sustituye GOBERNAR. Y mucho menos cuando lo que est\u00e1 en juego hoy es una reforma electoral y decisiones estructurales que definir\u00e1n el equilibrio pol\u00edtico de los pr\u00f3ximos a\u00f1os. De eso debemos hablar.<\/p>\n<p>No hay duda de que para resolver hay que tener un DIAGN\u00d3STICO. Tampoco hay duda de que si la HISTORIA se olvida estamos condenados a repetirla. Pero convertir frases hist\u00f3ricas en muletillas para justificar comparaciones sexenales no eleva el debate; lo empobrece. La verdadera competencia pol\u00edtica deber\u00eda centrarse en propuestas viables, EN VISI\u00d3N DE ESTADO y especialmente en la ADMINISTRACI\u00d3N P\u00daBLICA, que es donde la ciudadan\u00eda realmente percibe los resultados.<\/p>\n<p>Los AN\u00c1LISIS actuales suelen abarcar 18 o 24 A\u00d1OS DE GOBIERNOS. Sin embargo, si hablamos de HISTORIA, podr\u00edamos extender la l\u00ednea hasta la llamada Decena Tr\u00e1gica iniciada en 1913 con el derrocamiento de Francisco I. Madero, el ascenso del General \u00c1lvaro Obreg\u00f3n y posteriormente la elecci\u00f3n de Plutarco El\u00edas Calles, cerrando ese ciclo con el asesinato de Obreg\u00f3n en 1928. Si vamos a comparar, podr\u00edamos hacerlo TODO EL SIGLO. Pero esa no es la discusi\u00f3n.<\/p>\n<p>La discusi\u00f3n no es qui\u00e9n presenta la gr\u00e1fica m\u00e1s larga, sino qui\u00e9n presenta la propuesta m\u00e1s s\u00f3lida. Estos an\u00e1lisis, desde luego, no dejan de ser un tema de rating, incluso de entretenimiento, a decir verdad; si acaso alcanzan desde un punto de vista de entretenimiento, como ya mencion\u00e9, para ser vistos en medios o TELEVISI\u00d3N DIGITAL, pero eso es todo.<\/p>\n<p>Cada \u00e9poca enfrenta RETOS distintos y exige SOLUCIONES distintas. Tambi\u00e9n cambia la memoria colectiva. Hoy votan mexicanos nacidos en el a\u00f1o 2000 que vivieron el sexenio de Vicente Fox como ni\u00f1os, el de Felipe Calder\u00f3n como etapa formativa, y que comenzaron a formar criterio pol\u00edtico durante el gobierno de Enrique Pe\u00f1a Nieto. Para ellos, LA HISTORIA reciente no se mide en nostalgias, sino en experiencias personales.<\/p>\n<p>En 2024 participaron ya con una visi\u00f3n m\u00e1s contempor\u00e1nea; en 2027 y 2030 lo har\u00e1n con mayor madurez pol\u00edtica. El mercado de las IDEAS necesariamente cambiar\u00e1, porque lo que para algunos es memoria pol\u00edtica, para otros es apenas referencia acad\u00e9mica. Todo lo dem\u00e1s ser\u00e1 HISTORIA, y la historia, si no se traduce en aprendizaje, se vuelve irrelevante.<\/p>\n<p>Hoy M\u00e9xico enfrenta retos estructurales que exigen altura de miras. Entre ellos, la REFORMA ELECTORAL propuesta por el PODER EJECUTIVO. Este no puede ser un debate reducido a consignas ni a c\u00e1lculos partidistas. Debe convertirse en un ejercicio serio de consenso, equilibrio y responsabilidad institucional. Teniendo, como tenemos incluso sugerencias externas de la Casa Blanca donde se pide cabeza fr\u00eda, as\u00ed que es momento de no demostrar ninguna debilidad frente a nadie.<\/p>\n<p>El RETO EN NUESTRA HISTORIA ACTUAL no es demostrar qui\u00e9n tuvo mejores n\u00fameros hace veinte a\u00f1os, sino qui\u00e9n es capaz de CONSTRUIR ACUERDOS hoy. Negociar, defender y fortalecer a M\u00e9xico requerir\u00e1 de todos los actores pol\u00edticos, sin excepci\u00f3n.<\/p>\n<p>Porque las gr\u00e1ficas explican el pasado.<br \/>\nLas decisiones construyen el futuro.<\/p>\n<p>DEDICATORIA: Con mucho cari\u00f1o y respeto dedico esta columna a un lector muy especial, con quien siempre era un gusto conversar de HISTORIA, especialmente de M\u00e9xico, o de cualquier otro tema. Don Enrique Zorrilla San Germ\u00e1n: un hombre de enorme CULTURA, gran conversador, apasionado de las opiniones inteligentes y bien documentadas, y due\u00f1o de una impresionante trayectoria de vida. Muchas gracias por todo, Pap\u00e1. 1926\u20132026.<\/p>\n<p>Hasta pronto.<\/p>\n","protected":false},"excerpt":{"rendered":"<p>LA MADRIGUERA DEL LOBO Por: Jos\u00e9 Andr\u00e9s Zorrilla M. Hay una nueva cultura pol\u00edtica en nuestro pa\u00eds respecto al DEBATE de las diferentes ideolog\u00edas y partidos. Se analizan con insistencia la eficiencia de los \u00faltimos a\u00f1os y sexenios, centrando la discusi\u00f3n casi exclusivamente en seguridad y salud, con el uso de GR\u00c1FICAS Y ESTAD\u00cdSTICAS digitales [&hellip;]<\/p>\n","protected":false},"author":1,"featured_media":216314,"comment_status":"closed","ping_status":"closed","sticky":false,"template":"","format":"standard","meta":{"footnotes":""},"categories":[16],"tags":[],"class_list":["post-220160","post","type-post","status-publish","format-standard","has-post-thumbnail","hentry","category-opinion"],"_links":{"self":[{"href":"https:\/\/www.elsinodaldetamaulipas.com.mx\/index.php?rest_route=\/wp\/v2\/posts\/220160","targetHints":{"allow":["GET"]}}],"collection":[{"href":"https:\/\/www.elsinodaldetamaulipas.com.mx\/index.php?rest_route=\/wp\/v2\/posts"}],"about":[{"href":"https:\/\/www.elsinodaldetamaulipas.com.mx\/index.php?rest_route=\/wp\/v2\/types\/post"}],"author":[{"embeddable":true,"href":"https:\/\/www.elsinodaldetamaulipas.com.mx\/index.php?rest_route=\/wp\/v2\/users\/1"}],"replies":[{"embeddable":true,"href":"https:\/\/www.elsinodaldetamaulipas.com.mx\/index.php?rest_route=%2Fwp%2Fv2%2Fcomments&post=220160"}],"version-history":[{"count":1,"href":"https:\/\/www.elsinodaldetamaulipas.com.mx\/index.php?rest_route=\/wp\/v2\/posts\/220160\/revisions"}],"predecessor-version":[{"id":220162,"href":"https:\/\/www.elsinodaldetamaulipas.com.mx\/index.php?rest_route=\/wp\/v2\/posts\/220160\/revisions\/220162"}],"wp:featuredmedia":[{"embeddable":true,"href":"https:\/\/www.elsinodaldetamaulipas.com.mx\/index.php?rest_route=\/wp\/v2\/media\/216314"}],"wp:attachment":[{"href":"https:\/\/www.elsinodaldetamaulipas.com.mx\/index.php?rest_route=%2Fwp%2Fv2%2Fmedia&parent=220160"}],"wp:term":[{"taxonomy":"category","embeddable":true,"href":"https:\/\/www.elsinodaldetamaulipas.com.mx\/index.php?rest_route=%2Fwp%2Fv2%2Fcategories&post=220160"},{"taxonomy":"post_tag","embeddable":true,"href":"https:\/\/www.elsinodaldetamaulipas.com.mx\/index.php?rest_route=%2Fwp%2Fv2%2Ftags&post=220160"}],"curies":[{"name":"wp","href":"https:\/\/api.w.org\/{rel}","templated":true}]}}