{"id":220161,"date":"2026-03-10T12:19:59","date_gmt":"2026-03-10T16:19:59","guid":{"rendered":"https:\/\/www.elsinodaldetamaulipas.com.mx\/?p=220161"},"modified":"2026-03-10T12:19:59","modified_gmt":"2026-03-10T16:19:59","slug":"la-dra-judith-cornejo-llamada-a-importante-mision","status":"publish","type":"post","link":"https:\/\/www.elsinodaldetamaulipas.com.mx\/?p=220161","title":{"rendered":"LA DRA. JUDITH CORNEJO LLAMADA A IMPORTANTE MISI\u00d3N"},"content":{"rendered":"<p>EXPEDIENTE<\/p>\n<p>Azahel Jaramillo\u00a0 H.<\/p>\n<p>&nbsp;<\/p>\n<p><strong>\u00a0 \u00a0 \u00a0 \u00a0 \u00a0 \u00a0 \u00a0En esta semana de festejos del D\u00eda Internacional de la Mujer y tras conflicto por abuso sexual a dos doctoras, hay nuevo mando en el Hospital Infantil de Tamaulipas. Sale El Dr. Vicente Plascencia y asume la Direcci\u00f3n de la instituci\u00f3n la Dra. Judith Cornejo Barrera.\u00a0 \u00a0<\/strong><\/p>\n<p><strong>\u00a0 \u00a0 \u00a0 \u00a0 \u00a0 \u00a0 La Dra. Judith (Tezontepec, Hidalgo; octubre 28 de 1958) estudi\u00f3 Medicina en la Universidad Nacional Aut\u00f3noma de M\u00e9xico (UNAM). Tiene ella un par de especialidades, en Pediatr\u00eda y en Endocrinolog\u00eda;\u00a0 y una maestr\u00eda en Ciencias M\u00e9dicas por la Facultad de Medicina de la UAT.\u00a0<\/strong><\/p>\n<p><strong>\u00a0 \u00a0 \u00a0 \u00a0 \u00a0 \u00a0 Ella se matrimoni\u00f3 con el M\u00e9dico Pediatra Endocrin\u00f3logo, Daniel Llanas Rodr\u00edguez. Desde 1992, hace 26 a\u00f1os,\u00a0 ella ha tenido ella cargos directivos en el Hospital Infantil. Igualmente fue Directora del Laboratorio Estatal de Salud P\u00fablica de Tamaulipas. Tiene premios nacionales de investigaci\u00f3n, y es, nom\u00e1s, Investigadora Nacional Nivel 1 SEP-CONACYT. En suma tiene gran perfil para ser eficiente Directora del Infantil de Tamaulipas, instituci\u00f3n en su origen por muchos a\u00f1os dirigida ( y bien) por el yerno del l\u00edder nacional de la CTM, Don Fidel Vel\u00e1squez (+), Dr. Carlos Castro Medina. Nuevos vientos soplan por el HI. Enhorabuena.\u00a0 \u00a0 \u00a0 \u00a0 \u00a0 \u00a0 \u00a0 \u00a0 \u00a0 \u00a0 \u00a0\u00a0 \u00a0 \u00a0\u00a0\u00a0 \u00a0 \u00a0\u00a0<\/strong><\/p>\n<p><strong>\u00a0 \u00a0 \u00a0 \u00a0 \u00a0Dos.- Para seguir en temas m\u00e9dicos les comporto que donde andan de estreno es en la Comisi\u00f3n Estatal contra Riesgos Sanitarios (COEPRIS) pues recibieron 13 nuevos veh\u00edculos cuya inversi\u00f3n supera los 7 millones pesos por parte del gobernador Dr. Am\u00e9rico Villarreal Anaya. Con estos nuevos veh\u00edculos van a fortalecer el trabajo de vigilancia, prevenci\u00f3n y acompa\u00f1amiento a las familias tamaulipecas.<\/strong><\/p>\n<p><strong>\u00a0 \u00a0 \u00a0 \u00a0 \u00a0Este lunes 9 al t\u00e9rmino de la ceremonia de honores a la bandera, y acompa\u00f1ado por el Dr. Vicente Joel Hern\u00e1ndez, y el jefe de COEPRIS, Mario Rebolledo, el Dr. Am\u00e9rico entreg\u00f3 10 pick-up, y 3 veh\u00edculos sedan. Todo sea a favor de la salud de los tamaulipecos.\u00a0 \u00a0 \u00a0 \u00a0 \u00a0 \u00a0 \u00a0<\/strong><\/p>\n<p><strong>\u00a0 \u00a0 \u00a0 \u00a0 \u00a0 \u00a0 Dos.- Siguiendo asuntos de salud la Universidad Aut\u00f3noma de Tamaulipas (UAT) particip\u00f3 en la 30 Jornada Nacional por la Paz y contra las Adicciones, organizada por la Secretar\u00eda de Educaci\u00f3n P\u00fablica, para promover la reflexi\u00f3n y la convivencia en la comunidad universitaria.<\/strong><\/p>\n<p><strong>Durante los d\u00edas 6 y 7 de marzo, estudiantes, docentes y promotores culturales de la UAT se sumaron a esta iniciativa nacional mediante espacios de lectura en atril y presentaciones literarias que invitaron a la comunidad a compartir textos y voces en torno a valores como la paz, la prevenci\u00f3n de las adicciones y el fortalecimiento del bienestar colectivo.\u00a0 Esto forma parte de las\u00a0 acciones que la jornada promueve bajo el mensaje \u201cEl fentanilo te mata. Al\u00e9jate de las drogas. Elige ser feliz.\u201d<\/strong><\/p>\n<p><strong>\u00a0 \u00a0 \u00a0 \u00a0 \u00a0 \u00a0 \u00a0 Bien este trabajo del rector m\u00e9dico D\u00e1maso Leonardo Anaya Alvarado en la prevenci\u00f3n de las adicciones y la construcci\u00f3n de entornos educativos m\u00e1s saludables. NOS VEMOS.\u00a0<\/strong><\/p>\n<p><a href=\"mailto:azahel_jaramillo@hotmail.com\" target=\"_blank\" rel=\"noreferrer noopener\">azahel_jaramillo@hotmail.com<\/a><\/p>\n","protected":false},"excerpt":{"rendered":"<p>EXPEDIENTE Azahel Jaramillo\u00a0 H. &nbsp; \u00a0 \u00a0 \u00a0 \u00a0 \u00a0 \u00a0 \u00a0En esta semana de festejos del D\u00eda Internacional de la Mujer y tras conflicto por abuso sexual a dos doctoras, hay nuevo mando en el Hospital Infantil de Tamaulipas. Sale El Dr. Vicente Plascencia y asume la Direcci\u00f3n de la instituci\u00f3n la Dra. Judith [&hellip;]<\/p>\n","protected":false},"author":1,"featured_media":201829,"comment_status":"closed","ping_status":"closed","sticky":false,"template":"","format":"standard","meta":{"footnotes":""},"categories":[16],"tags":[],"class_list":["post-220161","post","type-post","status-publish","format-standard","has-post-thumbnail","hentry","category-opinion"],"_links":{"self":[{"href":"https:\/\/www.elsinodaldetamaulipas.com.mx\/index.php?rest_route=\/wp\/v2\/posts\/220161","targetHints":{"allow":["GET"]}}],"collection":[{"href":"https:\/\/www.elsinodaldetamaulipas.com.mx\/index.php?rest_route=\/wp\/v2\/posts"}],"about":[{"href":"https:\/\/www.elsinodaldetamaulipas.com.mx\/index.php?rest_route=\/wp\/v2\/types\/post"}],"author":[{"embeddable":true,"href":"https:\/\/www.elsinodaldetamaulipas.com.mx\/index.php?rest_route=\/wp\/v2\/users\/1"}],"replies":[{"embeddable":true,"href":"https:\/\/www.elsinodaldetamaulipas.com.mx\/index.php?rest_route=%2Fwp%2Fv2%2Fcomments&post=220161"}],"version-history":[{"count":1,"href":"https:\/\/www.elsinodaldetamaulipas.com.mx\/index.php?rest_route=\/wp\/v2\/posts\/220161\/revisions"}],"predecessor-version":[{"id":220163,"href":"https:\/\/www.elsinodaldetamaulipas.com.mx\/index.php?rest_route=\/wp\/v2\/posts\/220161\/revisions\/220163"}],"wp:featuredmedia":[{"embeddable":true,"href":"https:\/\/www.elsinodaldetamaulipas.com.mx\/index.php?rest_route=\/wp\/v2\/media\/201829"}],"wp:attachment":[{"href":"https:\/\/www.elsinodaldetamaulipas.com.mx\/index.php?rest_route=%2Fwp%2Fv2%2Fmedia&parent=220161"}],"wp:term":[{"taxonomy":"category","embeddable":true,"href":"https:\/\/www.elsinodaldetamaulipas.com.mx\/index.php?rest_route=%2Fwp%2Fv2%2Fcategories&post=220161"},{"taxonomy":"post_tag","embeddable":true,"href":"https:\/\/www.elsinodaldetamaulipas.com.mx\/index.php?rest_route=%2Fwp%2Fv2%2Ftags&post=220161"}],"curies":[{"name":"wp","href":"https:\/\/api.w.org\/{rel}","templated":true}]}}