{"id":220164,"date":"2026-03-10T12:22:13","date_gmt":"2026-03-10T16:22:13","guid":{"rendered":"https:\/\/www.elsinodaldetamaulipas.com.mx\/?p=220164"},"modified":"2026-03-10T12:22:13","modified_gmt":"2026-03-10T16:22:13","slug":"coalicion-anti-carteles","status":"publish","type":"post","link":"https:\/\/www.elsinodaldetamaulipas.com.mx\/?p=220164","title":{"rendered":"COALICI\u00d3N ANTI C\u00c1RTELES"},"content":{"rendered":"<p>\u201cLes mandamos un misil, directo a su sala de estar, porque no puede ser que ya manden en muchas partes\u201d, las palabras don de Donald Trump, quiz\u00e1 no en una sola estrofa, pero en ello se puede resumir, no, no van dirigidas a un gobierno, la advertencia es contra los c\u00e1rteles de la droga, contra los terroristas como \u00e9l les llama.<\/p>\n<p>Sus palabras las dijo en la firma de la coalici\u00f3n de las Am\u00e9ricas contra los c\u00e1rteles, vale la pena escuchar su discurso completo porque gran parte de la advertencia es contra lo que pasa en M\u00e9xico, \u201cporque est\u00e1n muy cerca, porque son un peligro\u201d.<\/p>\n<p>En ese sentido todav\u00eda calific\u00f3 y brind\u00f3 elogios a la presidenta Claudia Sheinbaum, pero tambi\u00e9n da la impresi\u00f3n de que la paciencia se est\u00e1 acabando.<\/p>\n<p>\u201cque nos llamen, saben que estamos ah\u00ed, estamos justo a la vuelta de la esquina\u201d.<\/p>\n<p>Dir\u00e1 usted que no es la primera vez que Trump se lanza de esa manera contra las mafias del narcotr\u00e1fico y tendr\u00e1 raz\u00f3n, desde su primer mandato le ganan las ansias por atacar, aunque hoy, por lo que dice, no quiere prisioneros, habla de usar misiles directos hasta la sala de estar, fuerza letal, le llama en otras partes.<\/p>\n<p>Le insisto, Trump parece que quiere llevar la fiesta en paz con la presidenta, pero no titubea cuando se\u00f1ala que hay hombres malos que han permitido excesos.<\/p>\n<p>Con el PRI las cosas estaban peor, es cierto, a Enrique Pe\u00f1a Nieto lo amenaz\u00f3 en una llamada telef\u00f3nica, le advirti\u00f3 que iba a enviar tropas a M\u00e9xico porque ac\u00e1 exist\u00edan muchos \u201cbad hombres\u201d y nuestro Ej\u00e9rcito les ten\u00eda miedo o no hicieron la tarea que le corresponde para combatirlos.<\/p>\n<p>En algo ten\u00eda raz\u00f3n el locuaz presidente de los Estados Unidos, exist\u00edan (existen) muchos hombres malos, \u201cbad hombres\u201d, la mayor\u00eda se disfrazaba de pol\u00edticos para saquear presupuestos, pedir moches, en algunos casos para hacer alianzas con delincuentes o extorsionarlos, otros esos malos hombres semejan ser empresarios pero en realidad se dedicaron al tr\u00e1fico de influencias, a negocios turbios protegidos por la autoridad y s\u00ed,\u00a0 hubo un peque\u00f1o porcentaje que no se disfrazaba de nada, que hicieron y hacen sus diabluras de manera descarada, desde las filas de la delincuencia, retando al gobierno, exhibiendo sus debilidades y otras cosas.<\/p>\n<p>\u00bfDebemos preocuparnos por una invasi\u00f3n de los Estados Unidos a M\u00e9xico?, al parecer no, lo que se puede leer es que a Estados Unidos le preocupan los hombres malos y que, en todo caso, esos ser\u00edan los objetivos, y no hay duda de que el gobierno federal ya permite la intromisi\u00f3n gringa aunque la hayan disfrazado de capacitaci\u00f3n a los nuestros, en todo caso ser\u00eda un curso te\u00f3rico-pr\u00e1ctico.<\/p>\n<p>Lo siguiente ser\u00eda preguntarnos si el pueblo est\u00e1 dispuesto a que otros hagan la tarea sucia y, por consiguiente, se lleven un jugoso bot\u00edn de guerra que ahora mismo lo acumulan los bad hombres, y me refiero a todos los descritos l\u00edneas arriba que seguramente deben acumular el 80-90 por ciento de la riqueza del pa\u00eds, en la calle la respuesta es contundente, parece que s\u00ed, parece que el pueblo apoyar\u00eda una medida de ese tama\u00f1o.<\/p>\n<p>Por supuesto que no es lo deseable que se metan los gringos al pa\u00eds ya que se llevar\u00edan ese dinero que bien se puede utilizar en cosas buenas, lo mejor que podemos hacer los mexicanos es unirnos, trabajar en un solo sentido, obligar a que los pol\u00edticos sean m\u00e1s honestos, lleguen a los puestos de poder quienes tengan m\u00e1s capacidad para desempe\u00f1arlos.<\/p>\n<p>Lo dicho por Trump en una reuni\u00f3n con 12 presidentes m\u00e1s de pa\u00edses de Am\u00e9rica nos deja clara la situaci\u00f3n, debemos estar alertas para cualquier cosa, no sentir temor sino preocuparnos y ocuparnos de que nuestros pol\u00edticos puedan ver y atacar lo que desde cualquier parte del planeta, y de aqu\u00ed mismo, podemos distinguir, a los bad hombres que se\u00f1ala el presidente gringo.<\/p>\n<p>Ignoramos si sea real la posibilidad de que el Ej\u00e9rcito de Estados Unidos ingrese a M\u00e9xico a atacar a los bad hombres, o de lanzar misiles que acaben con ellos, menos conocemos el plazo que se hayan impuesto para una tarea de ese tama\u00f1o, lo que s\u00ed s\u00e9 es que los chicos malos se asoman por todas partes, le insisto, me refiero a los que se disfrazan de pol\u00edticos, empresarios y tambi\u00e9n a los que cometen delitos comunes, de ellos son de los que debemos cuidarnos, debemos exigirnos gobiernos que puedan ir eliminando la corrupci\u00f3n, impunidad, la violencia, la inseguridad, y que den muchas oportunidades a todos, que nos saquen de la pobreza para que ya nadie m\u00e1s tenga que irse al bando de los malos por necesidad, solo eso, no es mucho.<\/p>\n<p>La coalici\u00f3n anticarteles que firmaron Trump y 12 presidentes m\u00e1s no es cualquier cosa, no cuando en todo el mundo han dejado testimonio de que no se van a frenar para mostrar su poder\u00edo militar, menos para saquear naciones en busca de dinero que ahora les hace falta a los gringos\u2026<\/p>\n<p>RECONOCEN EJIDATARIOS DE LLERA RESPALDO DE AM\u00c9RICO ANTE PROBLEM\u00c1TICA CON EMPRESA E\u00d3LICA\u2026 las familias de tres comunidades rurales del municipio de Llera que han presentado una demanda contra la empresa propietaria de un parque e\u00f3lico ubicado en ese municipio y asegur\u00f3 que acompa\u00f1ar\u00e1 sus gestiones en la Ciudad de M\u00e9xico ante el Tribunal Unitario Agrario.<\/p>\n<p>Al sostener un di\u00e1logo con los representantes de los ejidos Emiliano Zapata, Pedro J. M\u00e9ndez y Compuertas, esta ma\u00f1ana, despu\u00e9s de la ceremonia c\u00edvica de honores, Villarreal Anaya les reiter\u00f3 que contar\u00e1n siempre con el apoyo del Gobierno del Estado.<\/p>\n<p>\u00abEl gobierno, como les dije, siempre estar\u00e1 de parte de ustedes\u201d, les garantiz\u00f3, tras escuchar los planteamientos de Guillermo Flores Medina, representante de las y los ejidatarios.<\/p>\n<p>A nombre de las 330 familias de los tres ejidos mencionados, Guillermo Flores agradeci\u00f3 el acompa\u00f1amiento que han recibido del titular del ejecutivo estatal en su demanda y reconoci\u00f3 que el mandatario nunca los ha dejado solos.<\/p>\n<p>\u201cHoy nos sentimos respaldados por su apoyo, se\u00f1or gobernador, y siempre hemos tenido la certeza de que vamos a salir adelante, porque las veces que hemos venido el se\u00f1or gobernador nos ha atendido de una manera humanista, de una manera cercana, y nos ha tendido la mano; nos hemos ido contentos\u201d, expres\u00f3.<\/p>\n<p>IMPARTE LA UAT TALLERES DE ACTUALIZACI\u00d3N E INNOVACI\u00d3N A SUS DOCENTES\u2026 El rector de la Universidad Aut\u00f3noma de Tamaulipas (UAT), D\u00e1maso Anaya Alvarado, inaugur\u00f3 un programa de capacitaci\u00f3n dirigido al personal acad\u00e9mico de la instituci\u00f3n, enfocado en la actualizaci\u00f3n tecnol\u00f3gica y la innovaci\u00f3n educativa.<\/p>\n<p>Con la participaci\u00f3n de m\u00e1s de seiscientos docentes conectados a trav\u00e9s de la plataforma en l\u00ednea Microsoft Teams, el rector presidi\u00f3 la ceremonia de apertura de las actividades que se estar\u00e1n desarrollando mediante el Taller de Dise\u00f1o Did\u00e1ctico de Unidades de Ense\u00f1anza Aprendizaje (UEA) e Impartici\u00f3n de C\u00e1tedra (IC).<\/p>\n<p>En su mensaje, destac\u00f3 que esta actividad forma parte de la estrategia institucional para consolidar la transformaci\u00f3n acad\u00e9mica con visi\u00f3n humanista, subrayando que la capacitaci\u00f3n permanente del profesorado es fundamental para fortalecer los procesos acad\u00e9micos y formar profesionistas preparados para los retos actuales.<\/p>\n<p>Explic\u00f3 que el taller permitir\u00e1 a las y los docentes profundizar en el dise\u00f1o de elementos que son esenciales para la organizaci\u00f3n de programas educativos y la evaluaci\u00f3n del aprendizaje; as\u00ed como avanzar en el desarrollo de sus productos acad\u00e9micos con acompa\u00f1amiento y asesor\u00eda durante todo el proceso.<\/p>\n<p>En ese sentido, el taller incorpora herramientas de inteligencia artificial como apoyo para optimizar el dise\u00f1o de actividades de aprendizaje y fortalecer la planeaci\u00f3n did\u00e1ctica; de igual forma, busca impulsar el trabajo colegiado entre las academias y consolidar una cultura de mejora continua en el dise\u00f1o curricular.<\/p>\n<p>En el evento particip\u00f3 la secretaria acad\u00e9mica de la UAT, Rosa Issel Acosta Gonz\u00e1lez, quien destac\u00f3 la importancia de continuar generando espacios de actualizaci\u00f3n que contribuyan a la innovaci\u00f3n de la ense\u00f1anza y la transformaci\u00f3n del aprendizaje.<\/p>\n<p>El programa incluye sesiones sobre Marco Introductorio y Metodolog\u00eda, impartido por la Mtra. Cristabell Azuela Flores; Navegaci\u00f3n en la Plataforma UAT, a cargo del Dr. Noel Ruiz Olivares; y Estrategias con Apoyo de Agentes Inteligentes, por el Mtro. Jos\u00e9 Luis Gerardo Gonz\u00e1lez Garc\u00eda.<\/p>\n<p>LLEVA MUNICIPIO PROGRAMA DE BACHEO A TODA LA CIUDAD\u2026 Cd. Victoria, 9 de marzo de 2026.- Como lo anunci\u00f3 el alcalde Eduardo Gatt\u00e1s B\u00e1ez, el gobierno de Victoria extendi\u00f3 el programa de bacheo a toda la ciudad, logrando rehabilitar en la primera semana de marzo 630 metros cuadrados de carpeta asf\u00e1ltica en diversos sectores de la capital.<\/p>\n<p>Del 2 al 6 de marzo la Secretar\u00eda de Obras P\u00fablicas restaur\u00f3 el pavimento en las colonias Pedro Sosa calle 8 Avenida de la Unidad, Avenida Jos\u00e9 Sulaim\u00e1n en la Mariano Matamoros, 28 y 29 Hidalgo col. H\u00e9roe de Nacozari, 17 Zacatecas Norberto Trevi\u00f1o Zapata y Juan Bautista en la col. Adolfo L. Mateos.<\/p>\n<p>Con 3,700 ciudadanos beneficiados directamente los trabajos se extendieron a los fraccionamientos Residencial Selectas en 11 y 12 Carrera Torres, Las Flores calle Pirul, del Valle calle Pedro Arg\u00fcelles y zona centro en 6 Hidalgo y Morelos, se cubrieron 69 baches de diferentes superficies.<\/p>\n<p>Se rastrearon y nivelaron 25,100 M2 de calles y caminos rurales en Bur\u00f3cratas Municipales, Tom\u00e1s Yarrington, Am\u00e9rico Villarreal, Ampliaci\u00f3n Casas Blancas, Linda Vista y Alberto Ju\u00e1rez, frac. Campestre Los Olivos, \u00e1rea de Pajaritos y los ejidos Rancho Nuevo y El Olmo, fueron 2,900 ciudadanos beneficiados.<\/p>\n<p>Coloque en el buscador de facebok @CENADeNegros1 y le agradecer\u00e9 que me regale un Me Gusta, adem\u00e1s nos puede seguir en la cuenta de X @gatovaliente y, como siempre, le dejo el correo electr\u00f3nico a sus \u00f3rdenes para lo que guste y mande\u2026\u00a0<a href=\"mailto:marcovazquez20001@hotmail.com\" target=\"_blank\" rel=\"noreferrer noopener\">marcovazquez20001@hotmail.com<\/a><\/p>\n","protected":false},"excerpt":{"rendered":"<p>\u201cLes mandamos un misil, directo a su sala de estar, porque no puede ser que ya manden en muchas partes\u201d, las palabras don de Donald Trump, quiz\u00e1 no en una sola estrofa, pero en ello se puede resumir, no, no van dirigidas a un gobierno, la advertencia es contra los c\u00e1rteles de la droga, contra [&hellip;]<\/p>\n","protected":false},"author":1,"featured_media":216126,"comment_status":"closed","ping_status":"closed","sticky":false,"template":"","format":"standard","meta":{"footnotes":""},"categories":[16],"tags":[],"class_list":["post-220164","post","type-post","status-publish","format-standard","has-post-thumbnail","hentry","category-opinion"],"_links":{"self":[{"href":"https:\/\/www.elsinodaldetamaulipas.com.mx\/index.php?rest_route=\/wp\/v2\/posts\/220164","targetHints":{"allow":["GET"]}}],"collection":[{"href":"https:\/\/www.elsinodaldetamaulipas.com.mx\/index.php?rest_route=\/wp\/v2\/posts"}],"about":[{"href":"https:\/\/www.elsinodaldetamaulipas.com.mx\/index.php?rest_route=\/wp\/v2\/types\/post"}],"author":[{"embeddable":true,"href":"https:\/\/www.elsinodaldetamaulipas.com.mx\/index.php?rest_route=\/wp\/v2\/users\/1"}],"replies":[{"embeddable":true,"href":"https:\/\/www.elsinodaldetamaulipas.com.mx\/index.php?rest_route=%2Fwp%2Fv2%2Fcomments&post=220164"}],"version-history":[{"count":1,"href":"https:\/\/www.elsinodaldetamaulipas.com.mx\/index.php?rest_route=\/wp\/v2\/posts\/220164\/revisions"}],"predecessor-version":[{"id":220165,"href":"https:\/\/www.elsinodaldetamaulipas.com.mx\/index.php?rest_route=\/wp\/v2\/posts\/220164\/revisions\/220165"}],"wp:featuredmedia":[{"embeddable":true,"href":"https:\/\/www.elsinodaldetamaulipas.com.mx\/index.php?rest_route=\/wp\/v2\/media\/216126"}],"wp:attachment":[{"href":"https:\/\/www.elsinodaldetamaulipas.com.mx\/index.php?rest_route=%2Fwp%2Fv2%2Fmedia&parent=220164"}],"wp:term":[{"taxonomy":"category","embeddable":true,"href":"https:\/\/www.elsinodaldetamaulipas.com.mx\/index.php?rest_route=%2Fwp%2Fv2%2Fcategories&post=220164"},{"taxonomy":"post_tag","embeddable":true,"href":"https:\/\/www.elsinodaldetamaulipas.com.mx\/index.php?rest_route=%2Fwp%2Fv2%2Ftags&post=220164"}],"curies":[{"name":"wp","href":"https:\/\/api.w.org\/{rel}","templated":true}]}}