{"id":220169,"date":"2026-03-10T12:59:21","date_gmt":"2026-03-10T16:59:21","guid":{"rendered":"https:\/\/www.elsinodaldetamaulipas.com.mx\/?p=220169"},"modified":"2026-03-10T12:59:21","modified_gmt":"2026-03-10T16:59:21","slug":"la-agencia-del-pueblo","status":"publish","type":"post","link":"https:\/\/www.elsinodaldetamaulipas.com.mx\/?p=220169","title":{"rendered":"LA AGENCIA DEL PUEBLO"},"content":{"rendered":"<p>LOS HECHOS<br \/>\nPOR Jos\u00e9 In\u00e9s Figueroa Vitela<\/p>\n<p>Todav\u00eda el grueso de la comentocracia piensa en azul y tricolor.<br \/>\nSe siguen haciendo cuentas de lo que pasa y se proyecta a futuro a partir de los contrapesos,<br \/>\nequilibrios, palancas, subibajas y resbaladillas que marcaron la transici\u00f3n del uni, al<br \/>\nbipartidismo, hasta el cierre del viejo sistema.<br \/>\nEl PRI termin\u00f3 por mimetizarse con el PAN, haciendo las mismas ment\u00eds, manoteos y pataleos<br \/>\nque se cruzaron en su tiempo, cuando se trataba de ver qui\u00e9n ejerc\u00eda el poder para el mismo<br \/>\nobjetivo: despojar al colectivo y alimentar una casta de depredadores voraces e insaciables.<br \/>\nAhora a ese debate se han metido quienes siguen dici\u00e9ndose aliados, pero muestran las<br \/>\nmismas tendencias de aquellos a quienes la sociedad sac\u00f3 y mantiene al punto de la<br \/>\ndesaparici\u00f3n en la escena p\u00fablica a trav\u00e9s de las urnas.<br \/>\nTodo mundo se pregunta si el Partido Verde y el del Trabajo al final del d\u00eda votar\u00e1n con<br \/>\nMORENA, por la reforma electoral propuesta por la Presidenta CLAUDIA SHEINBAUM y\/o si<br \/>\nese eventual rompimiento, lo llevar\u00e1n hasta los tiempos de elecci\u00f3n.<br \/>\nSon los pretendidos \u201caliados\u201d quienes separan los temas de la agenda pol\u00edtica, porque como la<br \/>\notra oposici\u00f3n, no quieren que se eliminen los privilegios significados por las multimillonarias<br \/>\nprerrogativas y los jugosos cargos \u201cde representaci\u00f3n proporcional\u201d.<br \/>\nDe eso es de lo que han hecho un holgado modus vivendi los cuadros dirigentes, pero tampoco<br \/>\nquieren perder el bono electoral de la 4T que les ha significado supervivencia.<br \/>\nEse era el viejo sistema, al que se le ha llegado al punto de aterrizar la transformaci\u00f3n, tambi\u00e9n<br \/>\nen estos temas.<br \/>\nQuienes se queden en el empe\u00f1o de prolongar el status quo se van a quedar en la intenci\u00f3n,<br \/>\nviendo de lejos el paso de los tiempos.<br \/>\nAunque parec\u00eda un reto aventurado el dicho presidencial de que \u201cquien vote en contra de la<br \/>\nreforma va a estar a la vista del pueblo\u201d, a estas alturas ya no son pocos quienes est\u00e1n<br \/>\nconsiderando deso\u00edr la orientaci\u00f3n de los jerarcas partidistas en rechazo de la reforma.<br \/>\nEn pol\u00edtica nadie aspira al ostracismo.<br \/>\nEmpiezan a comprender que las migajas que han ca\u00eddo de la mesa de los due\u00f1os de las siglas<br \/>\npartidistas ya no son opci\u00f3n, porque la mesa misma se quedar\u00e1 vac\u00eda, en forma inevitable.<br \/>\nAhora, o despu\u00e9s.<br \/>\nSi no se completan los votos para hacer la reforma constitucional y acotar el derroche<br \/>\npresupuestal este a\u00f1o, en el pr\u00f3ximo, la ciudadan\u00eda se va a volcar en las urnas a favor de<br \/>\nMORENA.<br \/>\nAs\u00ed como sucedi\u00f3 en lo federal, considerando a los aliados para aplicar el Plan B Pejista y en<br \/>\nTamaulipas, para echar al cabecismo y el saqueo familiar que representaron del erario p\u00fablico.<br \/>\nHace tiempo la agenda la viene marcando el pueblo.<br \/>\nLa \u00e9poca de los reyes, reinas y principados todopoderosos, que decid\u00edan vidas y honras,<br \/>\nhaciendas y tesoros, quedaron en el pasado y cada que pretenden asomar la cara, son<br \/>\nlapidados por el mismo pueblo.<\/p>\n<p>De aquello tambi\u00e9n est\u00e1 hecha la agenda reci\u00e9n anunciada para las elecciones del a\u00f1o<br \/>\nentrante, hablando de su proceso interno que inicia con un a\u00f1o de anticipaci\u00f3n a la fecha de la<br \/>\nelecci\u00f3n constitucional.<br \/>\nSer\u00e1 el dos de junio cuando se abra la fecha de registro de aspirantes a candidatos a diputados<br \/>\nfederales; el 22 abre el registro para las gubernaturas de los 17 estados donde el a\u00f1o pr\u00f3ximo<br \/>\nse renuevan; para las alcald\u00edas el registro abre el 21 de septiembre y para las diputaciones<br \/>\nlocales el 8 de noviembre.<br \/>\nQue la sociedad elija, sobre perfiles adecuados.<br \/>\nMuchos ser\u00e1n los llamados, pero pocos los elegidos.<br \/>\nA la contienda -l\u00e9ase encuestas-, solo llegar\u00e1n aquellos que en efecto representen los valores y<br \/>\nprincipios del Movimiento de la Cuarta Transformaci\u00f3n.<br \/>\nPor eso salen sobrando la maquila de encuestas, los promocionales espectaculares y los likes<br \/>\ncomprados, vamos, hasta la contrataci\u00f3n de estrategas y el desperdigado de jingles y clich\u00e9s,<br \/>\nque adem\u00e1s, expresamente estar\u00e1n prohibidos en el proceso interno propiamente dicho.<br \/>\nEl consejo nacional partidista ya sesion\u00f3, acord\u00f3 y proyect\u00f3 la agenda.<br \/>\n\u00bfA qu\u00e9 tanto brinco estando el suelo tan parejo?<\/p>\n","protected":false},"excerpt":{"rendered":"<p>LOS HECHOS POR Jos\u00e9 In\u00e9s Figueroa Vitela Todav\u00eda el grueso de la comentocracia piensa en azul y tricolor. Se siguen haciendo cuentas de lo que pasa y se proyecta a futuro a partir de los contrapesos, equilibrios, palancas, subibajas y resbaladillas que marcaron la transici\u00f3n del uni, al bipartidismo, hasta el cierre del viejo sistema. [&hellip;]<\/p>\n","protected":false},"author":1,"featured_media":216965,"comment_status":"closed","ping_status":"closed","sticky":false,"template":"","format":"standard","meta":{"footnotes":""},"categories":[16],"tags":[],"class_list":["post-220169","post","type-post","status-publish","format-standard","has-post-thumbnail","hentry","category-opinion"],"_links":{"self":[{"href":"https:\/\/www.elsinodaldetamaulipas.com.mx\/index.php?rest_route=\/wp\/v2\/posts\/220169","targetHints":{"allow":["GET"]}}],"collection":[{"href":"https:\/\/www.elsinodaldetamaulipas.com.mx\/index.php?rest_route=\/wp\/v2\/posts"}],"about":[{"href":"https:\/\/www.elsinodaldetamaulipas.com.mx\/index.php?rest_route=\/wp\/v2\/types\/post"}],"author":[{"embeddable":true,"href":"https:\/\/www.elsinodaldetamaulipas.com.mx\/index.php?rest_route=\/wp\/v2\/users\/1"}],"replies":[{"embeddable":true,"href":"https:\/\/www.elsinodaldetamaulipas.com.mx\/index.php?rest_route=%2Fwp%2Fv2%2Fcomments&post=220169"}],"version-history":[{"count":1,"href":"https:\/\/www.elsinodaldetamaulipas.com.mx\/index.php?rest_route=\/wp\/v2\/posts\/220169\/revisions"}],"predecessor-version":[{"id":220170,"href":"https:\/\/www.elsinodaldetamaulipas.com.mx\/index.php?rest_route=\/wp\/v2\/posts\/220169\/revisions\/220170"}],"wp:featuredmedia":[{"embeddable":true,"href":"https:\/\/www.elsinodaldetamaulipas.com.mx\/index.php?rest_route=\/wp\/v2\/media\/216965"}],"wp:attachment":[{"href":"https:\/\/www.elsinodaldetamaulipas.com.mx\/index.php?rest_route=%2Fwp%2Fv2%2Fmedia&parent=220169"}],"wp:term":[{"taxonomy":"category","embeddable":true,"href":"https:\/\/www.elsinodaldetamaulipas.com.mx\/index.php?rest_route=%2Fwp%2Fv2%2Fcategories&post=220169"},{"taxonomy":"post_tag","embeddable":true,"href":"https:\/\/www.elsinodaldetamaulipas.com.mx\/index.php?rest_route=%2Fwp%2Fv2%2Ftags&post=220169"}],"curies":[{"name":"wp","href":"https:\/\/api.w.org\/{rel}","templated":true}]}}