{"id":220171,"date":"2026-03-10T13:37:07","date_gmt":"2026-03-10T17:37:07","guid":{"rendered":"https:\/\/www.elsinodaldetamaulipas.com.mx\/?p=220171"},"modified":"2026-03-10T15:09:17","modified_gmt":"2026-03-10T19:09:17","slug":"estrena-administrador-centro-de-acopio-periquitos","status":"publish","type":"post","link":"https:\/\/www.elsinodaldetamaulipas.com.mx\/?p=220171","title":{"rendered":"ESTRENA ADMINISTRADOR CENTRO DE ACOPIO PERIQUITOS"},"content":{"rendered":"<p>Por Gil Vicente Galindo\/EL SINODAL DE TAMAULIPAS<\/p>\n<p>Reynosa, Tam.- Hugo Gonz\u00e1lez gano la elecci\u00f3n a Gabriel Armend\u00e1riz Escobedo para que sea el nuevo administrador del Centro de Acopio del ejido \u201cAlfredo V. Bonfil\u201d, mejor conocido como \u201cPeriquitos\u201d,<\/p>\n<p>Se trata del centro de acopio de granos del plan del Alaz\u00e1n que contempla la mayor\u00eda de las comunidades ejidales entorno a \u201cPeriquitos\u201d, donde en asamblea general ordinaria, gan\u00f3 con 58 votos a su favor.<\/p>\n<p>\u201cVamos a trabajar de manera conjunta, donde familias de ejidatarios, ser\u00e1n quienes resulten ganadores, esto no es de un solo hombre, las elecciones ya pasaron, ahora el llamado que les hago es a unirnos, cerrar filas con esta gran comunidad\u201d, dijo Hugo Gonz\u00e1lez.<\/p>\n<p>Agrego el nuevo administrador del Centro de Acopio \u201cPericos\u201d, que ante todo desea <u>expresar su<\/u> gratitud por esta responsabilidad que ha recibido de la mayor\u00eda de m\u00e1s de cien ejidatarios reunidos en la bodega.<\/p>\n<p>Dentro del plan del Alaz\u00e1n est\u00e1n integrados varios ejidos del sur de la ciudad, donde todos los campesinos, tienen derecho al uso del Centro de Acopio \u201cPeriquitos\u201d, d\u00e1ndole la espalda a Gabriel Armend\u00e1riz, seguramente por malas acciones tomadas contra sus compa\u00f1eros ejidatarios.<\/p>\n<p>Entre esos ejidos est\u00e1 precisamente \u201cPeriquitos\u201d como mejor se le conoce al \u201cAlfredo V, Bonfil\u201d, esta el 10 de noviembre, Martin Rocha, Llorona Nueva entre otros.<\/p>\n","protected":false},"excerpt":{"rendered":"<p>Por Gil Vicente Galindo\/EL SINODAL DE TAMAULIPAS Reynosa, Tam.- Hugo Gonz\u00e1lez gano la elecci\u00f3n a Gabriel Armend\u00e1riz Escobedo para que sea el nuevo administrador del Centro de Acopio del ejido \u201cAlfredo V. Bonfil\u201d, mejor conocido como \u201cPeriquitos\u201d, Se trata del centro de acopio de granos del plan del Alaz\u00e1n que contempla la mayor\u00eda de las [&hellip;]<\/p>\n","protected":false},"author":1,"featured_media":220178,"comment_status":"closed","ping_status":"closed","sticky":false,"template":"","format":"standard","meta":{"footnotes":""},"categories":[1,2],"tags":[],"class_list":["post-220171","post","type-post","status-publish","format-standard","has-post-thumbnail","hentry","category-portada","category-reynosa"],"_links":{"self":[{"href":"https:\/\/www.elsinodaldetamaulipas.com.mx\/index.php?rest_route=\/wp\/v2\/posts\/220171","targetHints":{"allow":["GET"]}}],"collection":[{"href":"https:\/\/www.elsinodaldetamaulipas.com.mx\/index.php?rest_route=\/wp\/v2\/posts"}],"about":[{"href":"https:\/\/www.elsinodaldetamaulipas.com.mx\/index.php?rest_route=\/wp\/v2\/types\/post"}],"author":[{"embeddable":true,"href":"https:\/\/www.elsinodaldetamaulipas.com.mx\/index.php?rest_route=\/wp\/v2\/users\/1"}],"replies":[{"embeddable":true,"href":"https:\/\/www.elsinodaldetamaulipas.com.mx\/index.php?rest_route=%2Fwp%2Fv2%2Fcomments&post=220171"}],"version-history":[{"count":1,"href":"https:\/\/www.elsinodaldetamaulipas.com.mx\/index.php?rest_route=\/wp\/v2\/posts\/220171\/revisions"}],"predecessor-version":[{"id":220173,"href":"https:\/\/www.elsinodaldetamaulipas.com.mx\/index.php?rest_route=\/wp\/v2\/posts\/220171\/revisions\/220173"}],"wp:featuredmedia":[{"embeddable":true,"href":"https:\/\/www.elsinodaldetamaulipas.com.mx\/index.php?rest_route=\/wp\/v2\/media\/220178"}],"wp:attachment":[{"href":"https:\/\/www.elsinodaldetamaulipas.com.mx\/index.php?rest_route=%2Fwp%2Fv2%2Fmedia&parent=220171"}],"wp:term":[{"taxonomy":"category","embeddable":true,"href":"https:\/\/www.elsinodaldetamaulipas.com.mx\/index.php?rest_route=%2Fwp%2Fv2%2Fcategories&post=220171"},{"taxonomy":"post_tag","embeddable":true,"href":"https:\/\/www.elsinodaldetamaulipas.com.mx\/index.php?rest_route=%2Fwp%2Fv2%2Ftags&post=220171"}],"curies":[{"name":"wp","href":"https:\/\/api.w.org\/{rel}","templated":true}]}}