{"id":220184,"date":"2026-03-10T22:21:11","date_gmt":"2026-03-11T02:21:11","guid":{"rendered":"https:\/\/www.elsinodaldetamaulipas.com.mx\/?p=220184"},"modified":"2026-03-10T22:25:00","modified_gmt":"2026-03-11T02:25:00","slug":"de-candidatos-machines","status":"publish","type":"post","link":"https:\/\/www.elsinodaldetamaulipas.com.mx\/?p=220184","title":{"rendered":"DE CANDIDATOS MACH\u00cdNES"},"content":{"rendered":"<p><strong><br \/>\n<em>Por Oscar D\u00edaz Salazar<\/em><\/strong><\/p>\n<p>En la creencia equivocada de que el pr\u00f3ximo gobernador de Tamaulipas, obligatoriamente debe ser mujer, entre la clase pol\u00edtica del Estado se han construido \u201cproyectos\u201d, -como denominaban los priistas a los aspirantes- del g\u00e9nero femenino de manera casi exclusiva.<\/p>\n<p>Tres mujeres del partido que gobierna, Sosa, Cantu Rosas y Contreras, y por lo menos una de los partidos de la coalici\u00f3n que gan\u00f3 las elecciones, aunque no podamos decir que gobiernan, Maki del Verde y Robles del PT, que sumadas a la senadora panista, integran, todas ellas, la oferta que los partidos pol\u00edticos tienen para la elecci\u00f3n de gobernador en el 2028.<\/p>\n<p><strong><br \/>\n<img loading=\"lazy\" decoding=\"async\" class=\"aligncenter wp-image-220186 \" src=\"https:\/\/www.elsinodaldetamaulipas.com.mx\/wp-content\/uploads\/2026\/03\/MADERO.jpg\" alt=\"\" width=\"806\" height=\"538\" srcset=\"https:\/\/www.elsinodaldetamaulipas.com.mx\/wp-content\/uploads\/2026\/03\/MADERO.jpg 1500w, https:\/\/www.elsinodaldetamaulipas.com.mx\/wp-content\/uploads\/2026\/03\/MADERO-300x200.jpg 300w, https:\/\/www.elsinodaldetamaulipas.com.mx\/wp-content\/uploads\/2026\/03\/MADERO-1024x683.jpg 1024w, https:\/\/www.elsinodaldetamaulipas.com.mx\/wp-content\/uploads\/2026\/03\/MADERO-768x512.jpg 768w\" sizes=\"auto, (max-width: 806px) 100vw, 806px\" \/><\/strong>Esa percepci\u00f3n de que la contienda por la gubernatura est\u00e1 reservada para mujeres, es la causa de que no veamos pelados del g\u00e9nero masculino, que sean varones, machines rines y que orinen parados, que anden correteando la liebre que habita en los jardines de la casa de gobierno.<\/p>\n<p>Con el riesgo de ser acusado de argumentar con la t\u00e9cnica de la Chimoltrufia, que como dice una cosa, dice lo contrario, les comento que si hay un aspirante var\u00f3n que hace el recorrido en solitario, en calidad de puntero de todas las encuestas y con la discreci\u00f3n que lo caracteriza ve fortalecidas sus posibilidades ante la ausencia y omisi\u00f3n de otros competidores.<\/p>\n<p>El riesgo de no hacer preparativos para la opci\u00f3n masculina, de no tener listo un prospecto var\u00f3n, por si de arriba deciden que en Tamaulipas sea hombre, es que se cuelen personajes impresentables, indeseables y nefastos, como es el caso de los que recientemente han divulgado que est\u00e1n listos para relevar al cardi\u00f3logo en la responsabilidad, y no me refiero a la chamba en Salud.<\/p>\n<p>Gattas de Victoria y el Marciano guachicolero de Madero son dos sujetos que se atreven a so\u00f1ar que pueden ser gobernadores, y que tienen la desverg\u00fcenza de decirlo, y lo que es pior: divulgarlo en medios de comunicaci\u00f3n y redes sociales.<\/p>\n<p>Obvio que tambi\u00e9n en estos caso aplica eso de que no tiene la culpa el indio, as\u00ed como aquello de que en pol\u00edtica no hay vac\u00edos y si el que debe llenarlos no lo hace, habr\u00e1 otros que si lo hagan.<\/p>\n","protected":false},"excerpt":{"rendered":"<p>Por Oscar D\u00edaz Salazar En la creencia equivocada de que el pr\u00f3ximo gobernador de Tamaulipas, obligatoriamente debe ser mujer, entre la clase pol\u00edtica del Estado se han construido \u201cproyectos\u201d, -como denominaban los priistas a los aspirantes- del g\u00e9nero femenino de manera casi exclusiva. Tres mujeres del partido que gobierna, Sosa, Cantu Rosas y Contreras, y [&hellip;]<\/p>\n","protected":false},"author":1,"featured_media":220185,"comment_status":"closed","ping_status":"closed","sticky":false,"template":"","format":"standard","meta":{"footnotes":""},"categories":[16],"tags":[],"class_list":["post-220184","post","type-post","status-publish","format-standard","has-post-thumbnail","hentry","category-opinion"],"_links":{"self":[{"href":"https:\/\/www.elsinodaldetamaulipas.com.mx\/index.php?rest_route=\/wp\/v2\/posts\/220184","targetHints":{"allow":["GET"]}}],"collection":[{"href":"https:\/\/www.elsinodaldetamaulipas.com.mx\/index.php?rest_route=\/wp\/v2\/posts"}],"about":[{"href":"https:\/\/www.elsinodaldetamaulipas.com.mx\/index.php?rest_route=\/wp\/v2\/types\/post"}],"author":[{"embeddable":true,"href":"https:\/\/www.elsinodaldetamaulipas.com.mx\/index.php?rest_route=\/wp\/v2\/users\/1"}],"replies":[{"embeddable":true,"href":"https:\/\/www.elsinodaldetamaulipas.com.mx\/index.php?rest_route=%2Fwp%2Fv2%2Fcomments&post=220184"}],"version-history":[{"count":4,"href":"https:\/\/www.elsinodaldetamaulipas.com.mx\/index.php?rest_route=\/wp\/v2\/posts\/220184\/revisions"}],"predecessor-version":[{"id":220192,"href":"https:\/\/www.elsinodaldetamaulipas.com.mx\/index.php?rest_route=\/wp\/v2\/posts\/220184\/revisions\/220192"}],"wp:featuredmedia":[{"embeddable":true,"href":"https:\/\/www.elsinodaldetamaulipas.com.mx\/index.php?rest_route=\/wp\/v2\/media\/220185"}],"wp:attachment":[{"href":"https:\/\/www.elsinodaldetamaulipas.com.mx\/index.php?rest_route=%2Fwp%2Fv2%2Fmedia&parent=220184"}],"wp:term":[{"taxonomy":"category","embeddable":true,"href":"https:\/\/www.elsinodaldetamaulipas.com.mx\/index.php?rest_route=%2Fwp%2Fv2%2Fcategories&post=220184"},{"taxonomy":"post_tag","embeddable":true,"href":"https:\/\/www.elsinodaldetamaulipas.com.mx\/index.php?rest_route=%2Fwp%2Fv2%2Ftags&post=220184"}],"curies":[{"name":"wp","href":"https:\/\/api.w.org\/{rel}","templated":true}]}}