{"id":220189,"date":"2026-03-10T22:37:53","date_gmt":"2026-03-11T02:37:53","guid":{"rendered":"https:\/\/www.elsinodaldetamaulipas.com.mx\/?p=220189"},"modified":"2026-03-10T22:37:53","modified_gmt":"2026-03-11T02:37:53","slug":"inflacion-y-t-mec-los-retos-de-mex-y-tam","status":"publish","type":"post","link":"https:\/\/www.elsinodaldetamaulipas.com.mx\/?p=220189","title":{"rendered":"INFLACI\u00d3N Y T-MEC., LOS RETOS DE MEX Y TAM."},"content":{"rendered":"<p>En el coraz\u00f3n de la econom\u00eda mexicana late un pulso humano, familias que luchan por llevar pan a la mesa, trabajadores que ven evaporarse su esfuerzo en el alza de precios, y comunidades que anhelan estabilidad para crecer.<\/p>\n<p>La inflaci\u00f3n, que en 2025 super\u00f3 el 5% seg\u00fan el INEGI, erosiona el poder adquisitivo de millones, golpeando especialmente a los m\u00e1s vulnerables.<\/p>\n<p>El petr\u00f3leo, pilar hist\u00f3rico de ingresos fiscales v\u00eda Pemex, enfrenta volatilidad global con precios bajos por la transici\u00f3n energ\u00e9tica y producci\u00f3n estancada por envejecimiento de pozos, lo que reduce exportaciones y agrava d\u00e9ficits.<\/p>\n<p>El T-MEC, tratado que promete integraci\u00f3n con EE.UU. y Canad\u00e1, trae retos como disputas laborales, reglas de origen estrictas y amenazas arancelarias de la administraci\u00f3n Trump 2.0, exponiendo la fragilidad de cadenas de suministro ante migraci\u00f3n y nearshoring.<\/p>\n<p>Estos desaf\u00edos no son meros n\u00fameros; son dramas humanos que profundizan grandes desigualdades.<\/p>\n<p>Madres solteras en mercados populares calculan cada peso, mientras el campo tamaulipeco sufre por costos energ\u00e9ticos elevados.<\/p>\n<p>Sin embargo, ante todo problema existe una soluci\u00f3n, por ejemplo:<\/p>\n<ul class=\"wp-block-list\">\n<li>Diversificar la econom\u00eda hacia energ\u00edas renovables, como solar y e\u00f3lica, generando empleos dignos y reduciendo dependencia petrolera.<\/li>\n<li>\u2060Fortalecer el T-MEC implica invertir en capacitaci\u00f3n laboral y tecnolog\u00eda para cumplir est\u00e1ndares, atrayendo inversi\u00f3n extranjera que beneficie comunidades.<\/li>\n<li>\u2060Contra la inflaci\u00f3n, pol\u00edticas redistributivas como subsidios focalizados a alimentos b\u00e1sicos, apoyo a MIPYMES y un banco central aut\u00f3nomo que priorice empleo sobre especulaci\u00f3n financiera.<\/li>\n<li>\u2060La solidaridad internacional, v\u00eda foros como la CELAC, puede abogar por precios justos del petr\u00f3leo.<\/li>\n<\/ul>\n<p>En Tamaulipas, esta visi\u00f3n cobra vida con el Gobernador Am\u00e9rico Villarreal Anaya (AVA) quien en su Plan Estatal de Desarrollo 2022-2027 enfatiza la \u201cjusticia social y prosperidad compartida\u201d.<\/p>\n<p>Propone un polo petroqu\u00edmico moderno en el sur del estado para revitalizar Pemex con tecnolog\u00eda verde, atrayendo nearshoring bajo T-MEC mediante corredores log\u00edsticos seguros pese a la inseguridad.<\/p>\n<p>AVA aboga por contener la inflaci\u00f3n local con programas como \u201cTamuilapas sin Hambre\u201d, impulsando agricultura sustentable y microcr\u00e9ditos, integrando a comunidades ind\u00edgenas y migrantes.<\/p>\n<p>Su apuesta humanista va enfocada a una econom\u00eda que no deje a nadie atr\u00e1s, transformando retos en oportunidades y buscando la estabilidad y tranquilidad de la Sociedad Tamaulipeca.<\/p>\n","protected":false},"excerpt":{"rendered":"<p>En el coraz\u00f3n de la econom\u00eda mexicana late un pulso humano, familias que luchan por llevar pan a la mesa, trabajadores que ven evaporarse su esfuerzo en el alza de precios, y comunidades que anhelan estabilidad para crecer. La inflaci\u00f3n, que en 2025 super\u00f3 el 5% seg\u00fan el INEGI, erosiona el poder adquisitivo de millones, [&hellip;]<\/p>\n","protected":false},"author":1,"featured_media":216200,"comment_status":"closed","ping_status":"closed","sticky":false,"template":"","format":"standard","meta":{"footnotes":""},"categories":[16],"tags":[],"class_list":["post-220189","post","type-post","status-publish","format-standard","has-post-thumbnail","hentry","category-opinion"],"_links":{"self":[{"href":"https:\/\/www.elsinodaldetamaulipas.com.mx\/index.php?rest_route=\/wp\/v2\/posts\/220189","targetHints":{"allow":["GET"]}}],"collection":[{"href":"https:\/\/www.elsinodaldetamaulipas.com.mx\/index.php?rest_route=\/wp\/v2\/posts"}],"about":[{"href":"https:\/\/www.elsinodaldetamaulipas.com.mx\/index.php?rest_route=\/wp\/v2\/types\/post"}],"author":[{"embeddable":true,"href":"https:\/\/www.elsinodaldetamaulipas.com.mx\/index.php?rest_route=\/wp\/v2\/users\/1"}],"replies":[{"embeddable":true,"href":"https:\/\/www.elsinodaldetamaulipas.com.mx\/index.php?rest_route=%2Fwp%2Fv2%2Fcomments&post=220189"}],"version-history":[{"count":1,"href":"https:\/\/www.elsinodaldetamaulipas.com.mx\/index.php?rest_route=\/wp\/v2\/posts\/220189\/revisions"}],"predecessor-version":[{"id":220196,"href":"https:\/\/www.elsinodaldetamaulipas.com.mx\/index.php?rest_route=\/wp\/v2\/posts\/220189\/revisions\/220196"}],"wp:featuredmedia":[{"embeddable":true,"href":"https:\/\/www.elsinodaldetamaulipas.com.mx\/index.php?rest_route=\/wp\/v2\/media\/216200"}],"wp:attachment":[{"href":"https:\/\/www.elsinodaldetamaulipas.com.mx\/index.php?rest_route=%2Fwp%2Fv2%2Fmedia&parent=220189"}],"wp:term":[{"taxonomy":"category","embeddable":true,"href":"https:\/\/www.elsinodaldetamaulipas.com.mx\/index.php?rest_route=%2Fwp%2Fv2%2Fcategories&post=220189"},{"taxonomy":"post_tag","embeddable":true,"href":"https:\/\/www.elsinodaldetamaulipas.com.mx\/index.php?rest_route=%2Fwp%2Fv2%2Ftags&post=220189"}],"curies":[{"name":"wp","href":"https:\/\/api.w.org\/{rel}","templated":true}]}}