{"id":220193,"date":"2026-03-10T22:30:53","date_gmt":"2026-03-11T02:30:53","guid":{"rendered":"https:\/\/www.elsinodaldetamaulipas.com.mx\/?p=220193"},"modified":"2026-03-10T22:30:53","modified_gmt":"2026-03-11T02:30:53","slug":"sheinbaum-viene-a-tamaulipas-a-celebrar-la-expropiacion-petrolera","status":"publish","type":"post","link":"https:\/\/www.elsinodaldetamaulipas.com.mx\/?p=220193","title":{"rendered":"Sheinbaum, viene a Tamaulipas a celebrar la expropiaci\u00f3n petrolera"},"content":{"rendered":"<p>\u201c ENTRE LINEAS \u201c<br \/>\nPOR: LIC. JORGE ARANO<\/p>\n<p>ESTA TARDE LA C\u00c1MARA DE DIPUTADOS DE M\u00c9XICO ELIGI\u00d3 AL<br \/>\nNUEVO TITULAR DE LA AUDITORIA SUPERIOR DE LA FEDERACI\u00d3N \u2013 ASF-<br \/>\nPARA LOS PR\u00d3XIMOS SEIS A\u00d1OS, UN TOTAL DE 472 VOTOS CASI EL 98% DE<br \/>\nLOS DIPUTADOS Y DIPUTADAS FEDERALES LO ELIGIERON POR<br \/>\nUNANIMIDAD, es hijo de Fernando Aureliano Hern\u00e1ndez Palacios quien<br \/>\nfuera secretario de la actual presidenta cuando ella fue jefa de gobierno en<br \/>\nla CDMX, dijo en su primera declaraci\u00f3n que no viene a cumplirle a nadie,<br \/>\nsin embargo pr\u00e1cticamente estaba cantado que ser\u00eda el titular, digo los<br \/>\nvotos indican que la mayor\u00eda de los legisladores federales de los partidos<br \/>\npol\u00edticos diferentes votaron por el veracruzano, dudo que la mayor\u00eda lo<br \/>\nhaya conocido personalmente.<br \/>\nEL EXSECRETARIO DE SEGURIDAD PUBLICA DEL EXGOBERNADOR<br \/>\nDE TABASCO AD\u00c1N AUGUSTO L\u00d3PEZ, HERN\u00c1N BERMUDEZ REQUENA \u201c<br \/>\nCOMANDANTE h\u201d HOY EN PRISION AL SER DETENIDO EN PARAGUAY, HOY<br \/>\nPROMOVI\u00d3 un juicio de amparo contra Extradiccion, compa\u00f1eros de celda<br \/>\nle dijeron seria llevado al gobierno de los EE.UU, ser\u00eda el final de carrera<br \/>\npol\u00edtica del hoy senador Ad\u00e1n Augusto L\u00f3pez por la informaci\u00f3n que debe<br \/>\ntener en su historial delictivo , exfuncionario y exl\u00edder del cartel Hern\u00e1n<br \/>\nBarrera est\u00e1 preso en penal federal Almoloya de Ju\u00e1rez en Estado de<br \/>\nM\u00e9xico por delitos secuestro agravado, extorsi\u00f3n, y asociaci\u00f3n delictuosa,<br \/>\nsiendo jefe de seguridad seis a\u00f1os del gobierno de Ad\u00e1n Augusto, esto solo<br \/>\nse da en M\u00e9xico.<br \/>\nDESTACO EL GOBERNADOR DE TAMAULIPAS DR. AMERICO<br \/>\nVILLARREAL ANAYA QUE LOS INDICADORES DE SALUD Y TURISMO EN<br \/>\nTAMAULIPAS SON FAVORABLES EN ESTOS TIEMPOS PARA NUESTRO<br \/>\nESTADO, ELEVANDO LA CALIDAD DE VIDA Y EL BIENESTAR SOCIAL DE LOS 43<br \/>\nMUNICIPIOS, se recuper\u00f3 en sector salud lo que estaba colapsado,<\/p>\n<p>avanzando hacia un sistema de salud universal y gratuito como lo establece<br \/>\nel art\u00edculo 4 constitucional el derecho humano a la salud por parte de los<br \/>\ngobiernos en turno.<br \/>\nTAMAULIPAS HA SIDO UNA ENTIDAD BENEFICIADA Y<br \/>\nRESPALDADA POR EL GOBIERNO DE LA REPUBLICA DE LA PRESIDENTA<br \/>\nCLAUDIA SHEINBAUM PARDO, SE HIZO UNA INVERSION HISTORICA DE<br \/>\n4,300 MILLONES DE PESOS EN INFRAESRUCTURA HOSPITALARIA,LO CUAL<br \/>\nHA LOGRADO REDUCIR LAS MUERTES INTRAHOSPITALARIAS POR INFARTO<br \/>\nAGUDO al miocardio, el surtimiento garantizado al 100% de los<br \/>\nmedicamentos oncol\u00f3gicos, la disminuci\u00f3n del 76% en casos del dengue y<br \/>\nhasta hoy somos el \u00fanico Estado sin casos de sarampi\u00f3n en todo el Pa\u00eds,<br \/>\ndestaco en su mensaje el gobernador Dr. Am\u00e9rico Villarreal Anaya.<br \/>\nLISTO TODO PARA LA REALIZACI\u00d3N DEL INFORME DEL<br \/>\nGOBERNADOR DEL ESTADO DR. AMERICO VILLARREAL ANAYA EL PROXIMO<br \/>\nLUNES 23 DE MARZO, EVENTO A REALIZARSE P\u00daBLICAMENTE EN EL<br \/>\nPOLYFORUM A LA 01:00 DE LA TARDE CONFORME A LA CONSTITUCION<br \/>\nPOLITICA DEL ESTADO, PREVIAMENTE este viernes 13 a las 11:00 de la<br \/>\nma\u00f1ana el secretario general de gobierno Hector Joel Villegas \u201cEl<br \/>\nCalabazo\u201d, estar\u00e1 entregando por escrito dicho informe al Congreso del<br \/>\nEstado.<br \/>\nPOR CIERTO LA PRESIDENTA CLAUDIA SHEINBAUM PARDO<br \/>\nESTARA EN TAMPICO, TAMAULIPAS EL PROXIMO DIA 18 DEL PRESENTE<br \/>\nMES, CONMEMORANDO EL ANIVERSARIO DE LA EXPROPIACION<br \/>\nPETROLERA EN LA ZONA SUR DEL ESTADO REFERENTE MADERO EN SER LA<br \/>\nPRIMER REFINERIA, la alcaldesa de Tampico M\u00f3nica Villarreal Anaya<br \/>\nexpreso expondr\u00e1 proyecto t\u00e9cnico de drenes alrededor del parque El<br \/>\nCarpintero, el parque Andonegi con inversi\u00f3n superior a las 850 millones de<br \/>\npesos en ambas obras, as\u00ed mismo la presidenta Sheinbaum Pardo visitara<br \/>\nlas instalaciones de Pemex en la zona conurbada y posiblemente el<br \/>\nhospital general del ISSSTE, es parte de la agenda al momento que est\u00e1<br \/>\nsujeta a cambios.<br \/>\nEL TRABAJO POLITICO DEL DIPUTADO ARMANDO ZERTUCHE<br \/>\nDATA DE HACE MAS DE 30 A\u00d1OS EN REYNOSA, SIGUE SIENDO UN ACTIVO<\/p>\n<p>DENTRO DE LA LEGISLATURA ESTATAL COMO FUE EN LA FEDERAL, HA<br \/>\nMANIFESTADO ASPIRAR A GOBERNAR LA CIUDAD PETROLERA DE ORIGEN,<br \/>\nES LA MAS importante del Estado, tanto poblacionalmente como<br \/>\nelectoralmente, su peso en votos ha sido factor decisivo para inclinar la<br \/>\nbalanza en los procesos para elegir a los gobernadores del Estado.<br \/>\nPORFIRIO MU\u00d1OZ LEDO FUE UN POLITICO EN SU<br \/>\nMOMENTO CON REPRESENTACION EN ESFERA NACIONAL JUNTO A<br \/>\nPRESIDENTES DE LA REPUBLICA, COMO FUNCIONARIO POLITICO, EN<br \/>\nTIEMPOS DE ELECCIONES PARTICIPABA EN SU INSTITUTO POLITICO EL PRD,<br \/>\nen el a\u00f1o 1995 le pidi\u00f3 al hoy diputado Armando Zertuche Zuani le<br \/>\norganizara una gira al pol\u00edtico de izquierda Andr\u00e9s Manuel L\u00f3pez Obrador,<br \/>\nla cual se realiz\u00f3 exitosamente para los fines programados.<br \/>\nFIJESE ESO OCURRIO HACE 30 A\u00d1OS, EL DIPUTADO<br \/>\nREYNOSENSE ARMANDO ZERTUCHE ZUANI VIENE TRABAJANDO DURANTE<br \/>\nMAS DE TRES DECADAS, ESTO REFLEJA SU EXPERIENCIA DENTRO DE LA<br \/>\nPOLITICA, CONOCE LA PROBLEM\u00c1TICA DE LA CIUDAD Y REGION, NO ES UN<br \/>\npol\u00edtico improvisado con trayectoria de 4 a\u00f1os en legislaturas, por ello las<br \/>\nencuestas que se realizan la mayor\u00eda ha salido en primer lugar con<br \/>\nposicionamiento en caso de que sea hombre el pr\u00f3ximo candidato.<br \/>\nPRECISAMENTE VIMOS UNA FOTOGRAFIA LA SEMANA<br \/>\nPASADA DE LA DIPUTADA MAGALY DEANDAR ROBINSON COMPA\u00d1ERA DE<br \/>\nBANCADA HOY DEL DIPUTADO ARMANDO ZERTUCHE, LA GRAFICA DE<br \/>\nAMBOS LEGISLADORES PUBLICADA EN LAS REDES SOCIALES NOS REFLEJAN<br \/>\nLA RADIOGRAFIA POLITICA ACTUAL, si el Comit\u00e9 Ejecutivo Nacional de<br \/>\nMorena define que es mujer la candidata a la alcald\u00eda de Reynosa en las<br \/>\npr\u00f3ximas elecciones constitucional seria Magaly Deandar seg\u00fan la<br \/>\nencuestas y la popularidad ciudadana, si es var\u00f3n Armando Zertuche Zuani,<br \/>\nno tiene sombra con los diputados hombres de cuatro a\u00f1os de trabajo<br \/>\nlegislativo, algunos no pintan en las encuestas y los que salen con<br \/>\naprobaci\u00f3n menor al 10%.<br \/>\nVAYA QUE REYNOSA SIGUE SIENDO NOTICIA A NIVEL<br \/>\nNACIONAL, HOY EL CAMPEON MUNDIAL DE BOXEO JULIO CESAR CHAVEZ<br \/>\n\u2013PADRE- ACOMPA\u00d1O AL ALCALDE CARLOS PE\u00d1A ORTIZ EN CONFERENCIA<\/p>\n<p>DE PRENSA, ANUNCIANDO UNA CARTELERA BOXISTICA PARA EL SABADO 25<br \/>\nDE ABRIL en Polideportivo Reynosa, se realizaran 14 peleas amateurs y<br \/>\nsemiprofesionales, pero en la estelar regresara al ring el boxeador Julio<br \/>\nCesar Ch\u00e1vez Jr., quien estar\u00e1 entrenando durante 20 d\u00edas en esta ciudad.<br \/>\nACTUALMENTE REYNOSA COMO LA MAYOR PARTE DE LAS<br \/>\nGRANDES CIUDADADES DE MEXICO, REQUIERE DE ATENCION AL TEJIDO<br \/>\nSOCIAL, LOS NI\u00d1OS Y JOVENES SON ARRASTRADOS AL MUNDO DE LAS<br \/>\nADICCIONES, EL EXCAMPEON MUNDIAL JULIO CESAR CHAVEZ INFORMO<br \/>\nESTARA OFRECIENDO conferencias en Escuelas sobre las adicciones, el<br \/>\nreconoce fue adicto, recibi\u00f3 tratamiento, hoy est\u00e1 libre de todo vicio, tiene<br \/>\nen Sinaloa y California cl\u00ednicas de rehabilitaci\u00f3n, como amigo del<br \/>\npresidente Carlos Pe\u00f1a Ortiz estar\u00e1 ofreciendo platicas a ni\u00f1os y j\u00f3venes<br \/>\npara evitar caigan en estos vicios que da\u00f1an al ser humano.<br \/>\nEN MATAMOROS, EL ALCALDE BETO GRANADOS FAVILA<br \/>\nENCABEZO LA AUDIENCIA PUBLICA \u201c MARTES EN TU COLONIA\u201d RECIBIO<br \/>\nMAS DE 300 PETICIONES POR MADRES Y MADRES DE FAMILIA<br \/>\nRELACIONADAS CON SERVICIO PUBLICOS, INFRAESTRUCTURA Y BIENESTAR<br \/>\nSOCIAL, sigue fortaleciendo la participaci\u00f3n ciudadana como parte de su<br \/>\ngobierno para brindar soluciones a las necesidades de la poblaci\u00f3n, bien<br \/>\npor crear puentes de comunicaci\u00f3n entre pueblo y gobierno, con pol\u00edticas<br \/>\nde acudir a territorio como lo expresa la presidenta Claudia Sheinbaum<br \/>\nPardo.<br \/>\nANUNCIANDO EL ALCALDE MIGUEL ANGEL ALMARAZ LA<br \/>\nCREACION DE UN NUEVO TINAGUIS EN TERRENO RECIEN ILUMINADO,<br \/>\nCOMPACTADO CON CALICHE A UN COSTADO DE LA CARRETERA DEL<br \/>\nLIBRAMIENTO MATAMOROS-REYNOSA EN RIO BRAVO, SE TOMO LA<br \/>\nDECISION DE HABILITARLO como un lugar donde se comercialice, la<br \/>\npresidencia municipal ser\u00e1 la administradora, tendr\u00e1n ba\u00f1os p\u00fablicos, este<br \/>\nse encuentra cerca a los terrenos de la feria frente al parque Las Liebres.<br \/>\nCUENTO CON UNA TRAYECTORIA DE 46 A\u00d1OS DE EJERCER<br \/>\nPERIODISMO, -MI PADRE FUE PERIODISTA MAS DE 50 A\u00d1OS-, HOY LEIA<br \/>\nARTICULO EN REDES REFIRIENDOSE AL ALCALDE DE CD. VICTORIA LALO<br \/>\nGATTAS, HA TENIDO ERRORES Y ACIERTOS EN SU TRAYECTORIA, pero se<\/p>\n<p>brincaron la l\u00ednea del respeto, educaci\u00f3n y profesionalismo, hablan de su<br \/>\nvida privada, de cuestiones personales no se vale son insultos a su se\u00f1ora<br \/>\nesposa, pueden criticar su ineficiencia como funcionario p\u00fablico, pero<br \/>\nrespetar a su familia, aclaro no soy partidario de su gobierno, pero tengo<br \/>\nprincipios y valores que seguir\u00e9 ejerciendo diariamente.<\/p>\n","protected":false},"excerpt":{"rendered":"<p>\u201c ENTRE LINEAS \u201c POR: LIC. JORGE ARANO ESTA TARDE LA C\u00c1MARA DE DIPUTADOS DE M\u00c9XICO ELIGI\u00d3 AL NUEVO TITULAR DE LA AUDITORIA SUPERIOR DE LA FEDERACI\u00d3N \u2013 ASF- PARA LOS PR\u00d3XIMOS SEIS A\u00d1OS, UN TOTAL DE 472 VOTOS CASI EL 98% DE LOS DIPUTADOS Y DIPUTADAS FEDERALES LO ELIGIERON POR UNANIMIDAD, es hijo de [&hellip;]<\/p>\n","protected":false},"author":1,"featured_media":214902,"comment_status":"closed","ping_status":"closed","sticky":false,"template":"","format":"standard","meta":{"footnotes":""},"categories":[16],"tags":[],"class_list":["post-220193","post","type-post","status-publish","format-standard","has-post-thumbnail","hentry","category-opinion"],"_links":{"self":[{"href":"https:\/\/www.elsinodaldetamaulipas.com.mx\/index.php?rest_route=\/wp\/v2\/posts\/220193","targetHints":{"allow":["GET"]}}],"collection":[{"href":"https:\/\/www.elsinodaldetamaulipas.com.mx\/index.php?rest_route=\/wp\/v2\/posts"}],"about":[{"href":"https:\/\/www.elsinodaldetamaulipas.com.mx\/index.php?rest_route=\/wp\/v2\/types\/post"}],"author":[{"embeddable":true,"href":"https:\/\/www.elsinodaldetamaulipas.com.mx\/index.php?rest_route=\/wp\/v2\/users\/1"}],"replies":[{"embeddable":true,"href":"https:\/\/www.elsinodaldetamaulipas.com.mx\/index.php?rest_route=%2Fwp%2Fv2%2Fcomments&post=220193"}],"version-history":[{"count":1,"href":"https:\/\/www.elsinodaldetamaulipas.com.mx\/index.php?rest_route=\/wp\/v2\/posts\/220193\/revisions"}],"predecessor-version":[{"id":220194,"href":"https:\/\/www.elsinodaldetamaulipas.com.mx\/index.php?rest_route=\/wp\/v2\/posts\/220193\/revisions\/220194"}],"wp:featuredmedia":[{"embeddable":true,"href":"https:\/\/www.elsinodaldetamaulipas.com.mx\/index.php?rest_route=\/wp\/v2\/media\/214902"}],"wp:attachment":[{"href":"https:\/\/www.elsinodaldetamaulipas.com.mx\/index.php?rest_route=%2Fwp%2Fv2%2Fmedia&parent=220193"}],"wp:term":[{"taxonomy":"category","embeddable":true,"href":"https:\/\/www.elsinodaldetamaulipas.com.mx\/index.php?rest_route=%2Fwp%2Fv2%2Fcategories&post=220193"},{"taxonomy":"post_tag","embeddable":true,"href":"https:\/\/www.elsinodaldetamaulipas.com.mx\/index.php?rest_route=%2Fwp%2Fv2%2Ftags&post=220193"}],"curies":[{"name":"wp","href":"https:\/\/api.w.org\/{rel}","templated":true}]}}