{"id":220199,"date":"2026-03-10T22:42:32","date_gmt":"2026-03-11T02:42:32","guid":{"rendered":"https:\/\/www.elsinodaldetamaulipas.com.mx\/?p=220199"},"modified":"2026-03-10T22:42:32","modified_gmt":"2026-03-11T02:42:32","slug":"la-rebelion-de-los-borregos","status":"publish","type":"post","link":"https:\/\/www.elsinodaldetamaulipas.com.mx\/?p=220199","title":{"rendered":"LA REBELI\u00d3N DE LOS BORREGOS"},"content":{"rendered":"<p>Cd. Victoria, Tamaulipas.- En pol\u00edtica hasta los reba\u00f1os se cansan del<br \/>\npastor, cuando este deja de conducir para empezar a mandar a golpes de<br \/>\nimposici\u00f3n.<br \/>\nEs lo que ocurre en el PAN Tamaulipas, donde 24 de 28 comit\u00e9s<br \/>\nmunicipales levantaron la voz para exigir al CEN que convoque a<br \/>\nelecciones, toda vez que el periodo del gerente, Luis \u201cCachorro\u201d Cant\u00fa,<br \/>\nvenci\u00f3 hace seis meses<br \/>\nLa rebeli\u00f3n interna en contra de una corriente agotada y cuestionada,<br \/>\nsurgi\u00f3 del cuadro menos esperado, Andr\u00e9s Gonz\u00e1lez Galv\u00e1n, quien prob\u00f3<br \/>\nlas mieles del presupuesto y comi\u00f3 de la mano de los Cabeza de Vaca: Fue<br \/>\nmagistrado del Tribunal de Justicia y Secretario Ejecutivo del Instituto de<br \/>\nTransparencia, adem\u00e1s de candidato a la presidencia de Madero donde<br \/>\nexhibi\u00f3 sus miserias como pol\u00edtico.<br \/>\nEs el \u201casesor jur\u00eddico\u201d de la divisi\u00f3n de la yunta cabecista, la que retrata<br \/>\ncon rudeza la descomposici\u00f3n azul y el negro futuro que les espera, tanto<br \/>\nque podr\u00edan perder el registro estatal (subsidio) en los comicios del 2027.<br \/>\nComieron y bebieron del cabecismo, como Alma Ram\u00edrez Izaguirre, ex<br \/>\nregidora en Victoria; ex Contralora de la General de Gobierno con su amigo<br \/>\nTruko, que ahora lidera la divisi\u00f3n.<br \/>\nEntendieron que seguir sometidos al mismo grupo no solo los hunde<br \/>\nsino que los condena al fracaso electoral y por tanto acceso a los billetes<br \/>\noficiales, que en \u00faltima instancia es lo que m\u00e1s les interesa.<br \/>\nM\u00e1s que una presidencia, lo que ha existido con Cant\u00fa es una gerencia,<br \/>\ncontrol faccioso, esquema de mando cerrado para conservar cuotas, repartir<br \/>\ncandidaturas y blindar intereses de los Cabeza de Vaca.<br \/>\nEste martes convocaron a conferencia de prensa en las propias oficinas<br \/>\ndel PAN de 22 Berrioz\u00e1bal, en t\u00edmida protesta sin mencionar culpables de<br \/>\nsus males \u00bfsiguen siendo fans los Garc\u00eda?. Dicen que los golpes ingren.<br \/>\nTarde se dieron cuenta que necesitaban destetarse. Ya no podr\u00e1n<br \/>\nhacerlo. El due\u00f1o de las siglas en Tamaulipas les comi\u00f3 el mandado.<br \/>\nEl escenario que viven tiene nombre: Cacicazgo de una familia y<br \/>\ncamarilla de compadres y, los cacicazgos, aunque se disfracen, terminan<br \/>\npudriendo todo desde adentro.<br \/>\nNo somos genios ni adivinos, pero lo que puede seguir es convertir el<br \/>\ncomit\u00e9 estatal en una delegaci\u00f3n dependiente del nacional, en que la<br \/>\ngerencia seguir\u00e1 en manos del cabecismo.<br \/>\nDesenlace esperado: Le van a \u201cpelar los ojos\u201d a Ismael y a Francisco. La<br \/>\nfranquicia es suya. Debi\u00f3 haberle costado sus buenos pesos que salieron<br \/>\ndel erario. No puede dejar de gozar de los beneficios que escurren.<\/p>\n<p>Ya no quieren ser comparsa pero reaccionaron tarde. Por diez a\u00f1os se<br \/>\nconformaron de migajas. En el corto tiempo no podr\u00e1n quitarse el yugo.<br \/>\nLes quedan dos caminos: Seguir aplaudiendo y moviendo la matraca,<br \/>\npegar propaganda, validar los acuerdos tomados desde \u201cel otro lado\u201d,<br \/>\ndisciplinados, o guardar silencio si es que le tienen amor a la camiseta.<br \/>\nSi atacan y enlodan ser\u00edan expulsados.<br \/>\nComo militantes seguir\u00e1n siendo borregos hasta que aquel lo decida.<br \/>\nTarde se dieron cuenta que Cachorro y Francisco no los representan sino<br \/>\nque los administran como ganado.<br \/>\nLa llamada \u201crebeli\u00f3n de los borregos\u201d encierra una iron\u00eda: Quienes<br \/>\nfueron tratados durante a\u00f1os como reba\u00f1o, terminaron por darse cuenta<br \/>\nque el problema no era la falta de pastor, sino el exceso de desverg\u00fcenza.<br \/>\nLa definici\u00f3n es brutal pero exacta: Cuando el reba\u00f1o se voltea, no es<br \/>\nporque haya perdido el rumbo, es porque descubri\u00f3 que lo llevaban al<br \/>\nmatadero pol\u00edtico sin que escurran \u201csobrinas\u201d de miel.<br \/>\nQuisi\u00e9ramos estar equivocados pero es la suerte que espera a los<br \/>\nrebeldes inocentes: La bota vacuna en el pescuezo.<br \/>\nEl Gobernador Am\u00e9rico Villarreal dedic\u00f3 a temas de salud su<br \/>\nconferencia semanal con la prensa, que tradicionalmente tiene como<br \/>\nescenario el Sal\u00f3n Independencia, antiguo recito del Congreso del Estado<br \/>\n(segundo piso del Palacio de piedra).<br \/>\nAm\u00e9rico es m\u00e9dico de profesi\u00f3n y, si hay un tema que domina es el de<br \/>\nsalud. Por eso sabe que Tamaulipas ha destacado a nivel nacional en<br \/>\nelevar la calidad de vida y bienestar de las familias de los 43 municipios.<br \/>\nEl gobierno de la transformaci\u00f3n \u201clogr\u00f3 recuperar lo que estaba<br \/>\ncolapsado\u201d (que dej\u00f3 el gobierno anterior) y avanzar hacia un sistema de<br \/>\nsalud universal gratuito (para los no derechohabientes, que conste), dijo.<br \/>\nEn poco m\u00e1s de tres a\u00f1os de administraci\u00f3n, se logr\u00f3 reducir hasta en<br \/>\n25 por ciento las muertes intrahospitalarias por infarto agudo al miocardio;<br \/>\nlos medicamentos oncol\u00f3gicos est\u00e1n garantizados al cien por ciento, y<br \/>\nsomos, hoy, hoy, el p\u00fanico estado sin casos de sarampi\u00f3n en 2026.<br \/>\nOtro de los logros que destac\u00f3, siempre acompa\u00f1ado de colaboradores<br \/>\ndel sector salud: Somos punta de lanza nacional en la implementaci\u00f3n del<br \/>\nIbreast Exam, un dispositivo para detectar c\u00e1ncer de mama.<br \/>\nEl Congreso de Tamaulipas tiene trabajo en comisiones el jueves 12, en<br \/>\nque destaca un tema: La reversa a un dedreto del 15 de diciembre del 2023,<br \/>\npor el que se don\u00f3 al IMS un predio de cinco hect\u00e1reas ubicado en Altamira.<br \/>\nLa Ley de Bienes del Estado dice que, si el terreno no se utiliza para los<br \/>\nfines se\u00f1alados dentro de un plazo de dos a\u00f1os, debe regresar a la<br \/>\nhacienda p\u00fablica.<br \/>\nNo piense mal usted, querido lector. El terreno se dedicar\u00e1 a<br \/>\ninstalaciones dentro de los convenios del Gobierno del Estado IMSS<br \/>\nBienestar.<\/p>\n","protected":false},"excerpt":{"rendered":"<p>Cd. Victoria, Tamaulipas.- En pol\u00edtica hasta los reba\u00f1os se cansan del pastor, cuando este deja de conducir para empezar a mandar a golpes de imposici\u00f3n. Es lo que ocurre en el PAN Tamaulipas, donde 24 de 28 comit\u00e9s municipales levantaron la voz para exigir al CEN que convoque a elecciones, toda vez que el periodo [&hellip;]<\/p>\n","protected":false},"author":1,"featured_media":218233,"comment_status":"closed","ping_status":"closed","sticky":false,"template":"","format":"standard","meta":{"footnotes":""},"categories":[16],"tags":[],"class_list":["post-220199","post","type-post","status-publish","format-standard","has-post-thumbnail","hentry","category-opinion"],"_links":{"self":[{"href":"https:\/\/www.elsinodaldetamaulipas.com.mx\/index.php?rest_route=\/wp\/v2\/posts\/220199","targetHints":{"allow":["GET"]}}],"collection":[{"href":"https:\/\/www.elsinodaldetamaulipas.com.mx\/index.php?rest_route=\/wp\/v2\/posts"}],"about":[{"href":"https:\/\/www.elsinodaldetamaulipas.com.mx\/index.php?rest_route=\/wp\/v2\/types\/post"}],"author":[{"embeddable":true,"href":"https:\/\/www.elsinodaldetamaulipas.com.mx\/index.php?rest_route=\/wp\/v2\/users\/1"}],"replies":[{"embeddable":true,"href":"https:\/\/www.elsinodaldetamaulipas.com.mx\/index.php?rest_route=%2Fwp%2Fv2%2Fcomments&post=220199"}],"version-history":[{"count":1,"href":"https:\/\/www.elsinodaldetamaulipas.com.mx\/index.php?rest_route=\/wp\/v2\/posts\/220199\/revisions"}],"predecessor-version":[{"id":220200,"href":"https:\/\/www.elsinodaldetamaulipas.com.mx\/index.php?rest_route=\/wp\/v2\/posts\/220199\/revisions\/220200"}],"wp:featuredmedia":[{"embeddable":true,"href":"https:\/\/www.elsinodaldetamaulipas.com.mx\/index.php?rest_route=\/wp\/v2\/media\/218233"}],"wp:attachment":[{"href":"https:\/\/www.elsinodaldetamaulipas.com.mx\/index.php?rest_route=%2Fwp%2Fv2%2Fmedia&parent=220199"}],"wp:term":[{"taxonomy":"category","embeddable":true,"href":"https:\/\/www.elsinodaldetamaulipas.com.mx\/index.php?rest_route=%2Fwp%2Fv2%2Fcategories&post=220199"},{"taxonomy":"post_tag","embeddable":true,"href":"https:\/\/www.elsinodaldetamaulipas.com.mx\/index.php?rest_route=%2Fwp%2Fv2%2Ftags&post=220199"}],"curies":[{"name":"wp","href":"https:\/\/api.w.org\/{rel}","templated":true}]}}