{"id":220201,"date":"2026-03-10T22:44:34","date_gmt":"2026-03-11T02:44:34","guid":{"rendered":"https:\/\/www.elsinodaldetamaulipas.com.mx\/?p=220201"},"modified":"2026-03-10T22:44:34","modified_gmt":"2026-03-11T02:44:34","slug":"excelentes-resultados-en-salud","status":"publish","type":"post","link":"https:\/\/www.elsinodaldetamaulipas.com.mx\/?p=220201","title":{"rendered":"EXCELENTES RESULTADOS EN SALUD"},"content":{"rendered":"<p>Tinta Negra<br \/>\nAlfredo Guevara<\/p>\n<p>1.- Aunque no estamos exentos, el gobernador AM\u00c9RICO VILLARREAL ANAYA confirm\u00f3 que Tamaulipas es el \u00fanico Estado del pa\u00eds que no registra casos de sarampi\u00f3n.<br \/>\nDesde luego que es una buena noticia, como tambi\u00e9n que la principal causa de muerte a nivel nacional, como lo es el infarto agudo al miocardio, en los \u00faltimos tres a\u00f1os ha disminuido en un 50 por ciento.<br \/>\nAM\u00c9RICO sostuvo un encuentro con reporteros de prensa escrita, radio y televisi\u00f3n, como creadores de contenido que s\u00f3lo transmiten la rueda de prensa por redes sociales, en el sal\u00f3n Independencia de palacio de gobierno.<br \/>\nLo ha estado realizando, aunque con un grupo diferente de funcionarios de primer nivel, en las \u00faltimas semanas.<br \/>\nEl ejercicio es bueno, aunque sigue siendo un poco extenso en la lectura y explicaci\u00f3n de logros y resultados por cada secretario, subsecretario o director de \u00e1rea.<br \/>\nEn esta ocasi\u00f3n correspondi\u00f3 acompa\u00f1ar al gobernador VILLARREAL ANAYA, el titular de Coepris MARIO REBOLLEDO, a GABRIEL DE LA GARZA director de pol\u00edticas de salud y bienestar poblacional y el de Turismo BENJAM\u00cdN HERN\u00c1NDEZ.<br \/>\nDE LA GARZA destac\u00f3 logros en materia de federalizaci\u00f3n de los servicios de salud al IMSS Bienestar, lo invertido en infraestructura de salud y dio la primicia de lo que constituye la medicina de estilo de vida en Tamaulipas, el \u00fanico implementado hasta ahora en el pa\u00eds.<br \/>\nREBOLLEDO de los 15 programas que maneja la Coepris, adem\u00e1s de la vigilancia y supervisi\u00f3n en hospitales, cl\u00ednicas, anexos, centros de cirug\u00eda est\u00e9tica, entre otros.<br \/>\nAprovech\u00f3 para dar a conocer el resultado del censo que se hizo en el Estado, en el que finalmente se detectaron 57 Centros de Rehabilitaci\u00f3n de Adicciones, que supo reconocer, no operan bajo la rector\u00eda profesional o institucional y por lo mismo, enfrentan serias deficiencias que se van a corregir de manera interinstitucional.<br \/>\nSin embargo, el que de plano no se midi\u00f3 y le dio vuelo a la imaginaci\u00f3n, fue el titular de Turismo BENJAM\u00cdN HERN\u00c1NDEZ cuando expuso que la afluencia tur\u00edstica, en el 2025 Tamaulipas alcanz\u00f3 17.4 millones de visitantes, consolidando tres a\u00f1os consecutivos de crecimiento.<br \/>\nY m\u00e1s all\u00e1, cuando expuso que el incremento fue superior a 3.2 millones de personas, respecto a 2024. Y la primera pregunta que surgi\u00f3 entre los comunicadores \u00bfd\u00f3nde metes a los 17.4 millones de personas? La duda se extendi\u00f3, cuando se\u00f1al\u00f3 que la actividad tur\u00edstica gener\u00f3 en 2025 m\u00e1s de 16 mil millones de pesos. Es decir \u00bfmil millones de pesos por cada mill\u00f3n de personas? EN FIN. alfredoguevara0@gmail.com<\/p>\n","protected":false},"excerpt":{"rendered":"<p>Tinta Negra Alfredo Guevara 1.- Aunque no estamos exentos, el gobernador AM\u00c9RICO VILLARREAL ANAYA confirm\u00f3 que Tamaulipas es el \u00fanico Estado del pa\u00eds que no registra casos de sarampi\u00f3n. Desde luego que es una buena noticia, como tambi\u00e9n que la principal causa de muerte a nivel nacional, como lo es el infarto agudo al miocardio, [&hellip;]<\/p>\n","protected":false},"author":1,"featured_media":212040,"comment_status":"closed","ping_status":"closed","sticky":false,"template":"","format":"standard","meta":{"footnotes":""},"categories":[16],"tags":[],"class_list":["post-220201","post","type-post","status-publish","format-standard","has-post-thumbnail","hentry","category-opinion"],"_links":{"self":[{"href":"https:\/\/www.elsinodaldetamaulipas.com.mx\/index.php?rest_route=\/wp\/v2\/posts\/220201","targetHints":{"allow":["GET"]}}],"collection":[{"href":"https:\/\/www.elsinodaldetamaulipas.com.mx\/index.php?rest_route=\/wp\/v2\/posts"}],"about":[{"href":"https:\/\/www.elsinodaldetamaulipas.com.mx\/index.php?rest_route=\/wp\/v2\/types\/post"}],"author":[{"embeddable":true,"href":"https:\/\/www.elsinodaldetamaulipas.com.mx\/index.php?rest_route=\/wp\/v2\/users\/1"}],"replies":[{"embeddable":true,"href":"https:\/\/www.elsinodaldetamaulipas.com.mx\/index.php?rest_route=%2Fwp%2Fv2%2Fcomments&post=220201"}],"version-history":[{"count":1,"href":"https:\/\/www.elsinodaldetamaulipas.com.mx\/index.php?rest_route=\/wp\/v2\/posts\/220201\/revisions"}],"predecessor-version":[{"id":220202,"href":"https:\/\/www.elsinodaldetamaulipas.com.mx\/index.php?rest_route=\/wp\/v2\/posts\/220201\/revisions\/220202"}],"wp:featuredmedia":[{"embeddable":true,"href":"https:\/\/www.elsinodaldetamaulipas.com.mx\/index.php?rest_route=\/wp\/v2\/media\/212040"}],"wp:attachment":[{"href":"https:\/\/www.elsinodaldetamaulipas.com.mx\/index.php?rest_route=%2Fwp%2Fv2%2Fmedia&parent=220201"}],"wp:term":[{"taxonomy":"category","embeddable":true,"href":"https:\/\/www.elsinodaldetamaulipas.com.mx\/index.php?rest_route=%2Fwp%2Fv2%2Fcategories&post=220201"},{"taxonomy":"post_tag","embeddable":true,"href":"https:\/\/www.elsinodaldetamaulipas.com.mx\/index.php?rest_route=%2Fwp%2Fv2%2Ftags&post=220201"}],"curies":[{"name":"wp","href":"https:\/\/api.w.org\/{rel}","templated":true}]}}