{"id":220211,"date":"2026-03-10T22:57:21","date_gmt":"2026-03-11T02:57:21","guid":{"rendered":"https:\/\/www.elsinodaldetamaulipas.com.mx\/?p=220211"},"modified":"2026-03-10T22:57:21","modified_gmt":"2026-03-11T02:57:21","slug":"pablo-el-gran-culpable","status":"publish","type":"post","link":"https:\/\/www.elsinodaldetamaulipas.com.mx\/?p=220211","title":{"rendered":"PABLO EL GRAN CULPABLE"},"content":{"rendered":"<p>TIEMPO Y ESPACIO<\/p>\n<p>Por Jaime Luis Soto.<br \/>\nAntes de que concluya esta semana se sabr\u00e1 si la Reforma Electoral<br \/>\ntuvo \u00e9xito o, de plano, fracas\u00f3 y entonces habr\u00eda un Plan B, como<br \/>\nya lo anunci\u00f3 la presidenta CLAUDIA SHEINBAUM.<br \/>\nY de darse el fracaso de la Reforma Electoral, mire usted que<br \/>\nmuchos analistas que saben de aguacates, pistaches y otros<br \/>\nmenjurjes, aseguran que el gran culpable lo ser\u00eda ni m\u00e1s ni menos<br \/>\nque el presidente de la Comisi\u00f3n Presidencial, PABLITO G\u00d3MEZ.<br \/>\nQuien, desde que asumi\u00f3 la presidencia de dicha comisi\u00f3n, a<br \/>\nprincipios de agosto del a\u00f1o pasado, se puso a hablar hasta por los<br \/>\ncodos y a fanfarronear que la Reforma ser\u00eda una realidad, p\u00e9sele a<br \/>\nquien le pese.<br \/>\nHizo foros y m\u00e1s foros para recabar opiniones a lo largo y ancho del<br \/>\npa\u00eds. Y sigui\u00f3 fanfarroneando.<br \/>\nPero se le olvid\u00f3 algo muy importante: Dialogar, conciliar y acordar<br \/>\ncon los aliados de Morena, o sea el PT y el Verde, para que desde<br \/>\nun principio todo quedara perfectamente planchado.<br \/>\nY no es que el PT y el Verde sean la octava maravilla y los partidos<br \/>\nque deciden el futuro del pa\u00eds y del mundo entero. Pero resulta que<br \/>\nsin los votos de los legisladores de ambos partidos simple y<br \/>\nsencillamente no habr\u00eda mayor\u00eda calificada para sacar adelante la<br \/>\nReforma.<br \/>\nUna mayor\u00eda calificada indispensable\u2026<br \/>\nEh ah\u00ed el meollo del asunto\u2026<\/p>\n<p>\u00bfSe le olvid\u00f3 eso a PABLITO\u2026?<br \/>\n\u00bfO de plano crey\u00f3 que los del PT y del Verde iban altruistamente a<br \/>\nregalar su amor y aprobar, por obra y gracia del esp\u00edritu santo,<br \/>\neliminar las plurinominales y les redujeran dr\u00e1sticamente el<br \/>\nbendito financiamiento que reciben\u2026?<br \/>\nHay quienes afirman que PABLITO asumi\u00f3 una postura arrogante,<br \/>\nde divo, de sabelotodo, de perdonavidas y que les pon\u00eda mucha<br \/>\ncrema a los tacos.<br \/>\nCierto, tiene bastante kilometraje recorrido en la izquierda, eso no<br \/>\nse discute, pero al parecer se qued\u00f3 atorado en un punto del<br \/>\npasado.<br \/>\nA estas alturas, hay quienes piensan que si otro pol\u00edtico con m\u00e1s<br \/>\ncolmillo, y que le entendiera a las reglas actuales del juego, hubiera<br \/>\ndirigido la Comisi\u00f3n Presidencial Para la Reforma Electoral las cosas<br \/>\nhabr\u00edan sido diferentes.<br \/>\nPero tambi\u00e9n hay quienes afirman que el \u201chubiera\u201d no existe\u2026<br \/>\nTantos pol\u00edticos colmilludos que hay en la 4T y resulta que eligieron<br \/>\na un reconocido militante de la izquierda, pero que no se adapt\u00f3 a<br \/>\nlos nuevos tiempos de hacer pol\u00edtica en M\u00e9xico.<br \/>\nY en pol\u00edtica, tanto en M\u00e9xico como en China y Timbukt\u00fa, hay<br \/>\nacuerdos y negociaciones. Eso lo sabe hasta un beb\u00e9 reci\u00e9n nacido,<br \/>\ncaramba.<br \/>\nDe fracasar la Reforma Electoral ser\u00eda en verdad lamentable<br \/>\nporque, como hemos escrito en este espacio, se trata de mejorar el<br \/>\nsistema electoral de nuestro pa\u00eds donde hay muchos vicios y<br \/>\nenredos que complican el avance de la democracia.<\/p>\n<p>Y es un sistema que privilegia a unos cuantos, como las mentadas<br \/>\nplurinominales que permiten a un pu\u00f1ado de ambiciosos y c\u00ednicos<br \/>\npol\u00edticos y dirigentes de partidos acaparar, sin verg\u00fcenza alguna,<br \/>\ncargos p\u00fablicos por siglos enteros.<br \/>\nHay que ver en que consiste el Plan B de la presidenta CLAUDIA<br \/>\nSHEINBAUM, si es que no se aprueba la Reforma Electoral.<br \/>\nPor lo que respecta a PABLITO G\u00d3MEZ, mejor que lo manden a<br \/>\ncasita a descansar.<br \/>\nYa chole.<br \/>\nMejor comentemos que los esfuerzos realizados y el trabajo atento<br \/>\nhan permitido que los indicadores en materia de salud y turismo<br \/>\nsean favorables y permitan a Tamaulipas destacar a nivel nacional.<br \/>\nAdem\u00e1s de elevar la calidad de vida y el bienestar de las familias en<br \/>\nlos 43 municipios, asegur\u00f3 el gobernador AM\u00c9RICO VILLARREAL<br \/>\nANAYA, durante la rueda de prensa semanal.<br \/>\nEn materia de salud, dijo, se logr\u00f3 recuperar lo que estaba<br \/>\ncolapsado y avanzar hacia un sistema de salud universal y gratuito,<br \/>\ntal y como lo establece el Art\u00edculo 4 Constitucional, que reconoce el<br \/>\nderecho humano a la salud.<br \/>\nAdem\u00e1s de registrar importantes avances como la inversi\u00f3n<br \/>\nhist\u00f3rica de 4,300 MDP en infraestructura hospitalaria, la reducci\u00f3n<br \/>\nen 25 puntos porcentuales de la muerte intrahospitalaria por<br \/>\ninfarto agudo al miocardio y el surtimiento garantizado al 100% de<br \/>\nmedicamentos oncol\u00f3gicos.<br \/>\nY la disminuci\u00f3n de 76% en casos de dengue y el haber logrado,<br \/>\nhasta el d\u00eda de hoy, destacar como el \u00fanico estado sin casos de<br \/>\nsarampi\u00f3n en el presente a\u00f1o.<\/p>\n<p>Asimismo, se subray\u00f3 que Tamaulipas es la \u00fanica entidad que<br \/>\ncuenta en su estructura con una direcci\u00f3n de Medicina de Estilo de<br \/>\nVida Saludable.<br \/>\nY es punta de lanza a nivel nacional en la implementaci\u00f3n del<br \/>\nIbreast Exam, un dispositivo para detectar el c\u00e1ncer de mama.<br \/>\nRespecto a la federalizaci\u00f3n de los servicios de salud al IMSS<br \/>\nBienestar, el doctor GABRIEL DE LA GARZA GARZA, director general<br \/>\nde Pol\u00edticas de Salud y Bienestar Poblacional, explic\u00f3 que a la fecha<br \/>\nse han transferido 367 unidades m\u00e9dicas y 3,568 trabajadores.<br \/>\nAgreg\u00f3 que se han basificado 915 trabajadores y se han contratado<br \/>\n1,121, lo que representa que 2,026 profesionales de la salud<br \/>\ncuentan con mejores condiciones laborales.<br \/>\nCambiando de tema y porque el sector inmobiliario es pieza<br \/>\nfundamental para el desarrollo y crecimiento de la Capital, el<br \/>\nalcalde EDUARDO GATT\u00c1S B\u00c1EZ reafirm\u00f3 el compromiso de seguir<br \/>\ntrabajando de la mano con el nuevo consejo directivo de la<br \/>\nAsociaci\u00f3n Mexicana de Profesionales Inmobiliarios de Victoria y<br \/>\nTamaulipas.<br \/>\nAl asistir a la toma de Protesta de FERM\u00cdN GONZ\u00c1LEZ TIRADO, el<br \/>\nalcalde GATT\u00c1S B\u00c1EZ ratific\u00f3 la disposici\u00f3n de su gobierno de<br \/>\nfortalecer la colaboraci\u00f3n institucional con la organizaci\u00f3n de<br \/>\nprofesionales para brindar certeza jur\u00eddica al patrimonio que<br \/>\nadquieran las familias victorenses.<br \/>\n\u00abDesde el gobierno municipal tenemos claro que el desarrollo debe<br \/>\nir siempre acompa\u00f1ado de legalidad, transparencia y dar<br \/>\ncertidumbre a quienes invierten y construyen en la ciudad\u00bb expres\u00f3<br \/>\nante la presidenta de AMPI Nacional, JENNY ALTAHIR RIVAS<\/p>\n<p>PADILLA y la Subsecretaria de Econom\u00eda MARIANA \u00c1LVAREZ<br \/>\nQUERO.<br \/>\nEn su intervenci\u00f3n, el alcalde felicit\u00f3 a la nueva dirigencia y<br \/>\nreconoci\u00f3 el trabajo del presidente saliente JAIME GARZA<br \/>\nHINOJOSA, evento que atestiguaron el secretario del<br \/>\nAyuntamiento, HUGO RES\u00c9NDEZ SILVA, el Embajador Global de<br \/>\nNacional Association Of Realtors y presidentes de asociaciones,<br \/>\nc\u00e1maras, clubes, colegios y consejos de instituciones, socios y ex<br \/>\npresidentes de la AMPI.<br \/>\nEs todo por hoy. Muchas gracias por leer.<br \/>\nCorreo electr\u00f3nico: jaimeluissoto@hotmail.com<\/p>\n","protected":false},"excerpt":{"rendered":"<p>TIEMPO Y ESPACIO Por Jaime Luis Soto. Antes de que concluya esta semana se sabr\u00e1 si la Reforma Electoral tuvo \u00e9xito o, de plano, fracas\u00f3 y entonces habr\u00eda un Plan B, como ya lo anunci\u00f3 la presidenta CLAUDIA SHEINBAUM. Y de darse el fracaso de la Reforma Electoral, mire usted que muchos analistas que saben [&hellip;]<\/p>\n","protected":false},"author":1,"featured_media":214847,"comment_status":"closed","ping_status":"closed","sticky":false,"template":"","format":"standard","meta":{"footnotes":""},"categories":[16],"tags":[],"class_list":["post-220211","post","type-post","status-publish","format-standard","has-post-thumbnail","hentry","category-opinion"],"_links":{"self":[{"href":"https:\/\/www.elsinodaldetamaulipas.com.mx\/index.php?rest_route=\/wp\/v2\/posts\/220211","targetHints":{"allow":["GET"]}}],"collection":[{"href":"https:\/\/www.elsinodaldetamaulipas.com.mx\/index.php?rest_route=\/wp\/v2\/posts"}],"about":[{"href":"https:\/\/www.elsinodaldetamaulipas.com.mx\/index.php?rest_route=\/wp\/v2\/types\/post"}],"author":[{"embeddable":true,"href":"https:\/\/www.elsinodaldetamaulipas.com.mx\/index.php?rest_route=\/wp\/v2\/users\/1"}],"replies":[{"embeddable":true,"href":"https:\/\/www.elsinodaldetamaulipas.com.mx\/index.php?rest_route=%2Fwp%2Fv2%2Fcomments&post=220211"}],"version-history":[{"count":1,"href":"https:\/\/www.elsinodaldetamaulipas.com.mx\/index.php?rest_route=\/wp\/v2\/posts\/220211\/revisions"}],"predecessor-version":[{"id":220212,"href":"https:\/\/www.elsinodaldetamaulipas.com.mx\/index.php?rest_route=\/wp\/v2\/posts\/220211\/revisions\/220212"}],"wp:featuredmedia":[{"embeddable":true,"href":"https:\/\/www.elsinodaldetamaulipas.com.mx\/index.php?rest_route=\/wp\/v2\/media\/214847"}],"wp:attachment":[{"href":"https:\/\/www.elsinodaldetamaulipas.com.mx\/index.php?rest_route=%2Fwp%2Fv2%2Fmedia&parent=220211"}],"wp:term":[{"taxonomy":"category","embeddable":true,"href":"https:\/\/www.elsinodaldetamaulipas.com.mx\/index.php?rest_route=%2Fwp%2Fv2%2Fcategories&post=220211"},{"taxonomy":"post_tag","embeddable":true,"href":"https:\/\/www.elsinodaldetamaulipas.com.mx\/index.php?rest_route=%2Fwp%2Fv2%2Ftags&post=220211"}],"curies":[{"name":"wp","href":"https:\/\/api.w.org\/{rel}","templated":true}]}}