{"id":220213,"date":"2026-03-10T22:59:40","date_gmt":"2026-03-11T02:59:40","guid":{"rendered":"https:\/\/www.elsinodaldetamaulipas.com.mx\/?p=220213"},"modified":"2026-03-10T22:59:40","modified_gmt":"2026-03-11T02:59:40","slug":"el-geno-lejos-de-la-extradicion-cabeza-de-vaca-muy-cerca","status":"publish","type":"post","link":"https:\/\/www.elsinodaldetamaulipas.com.mx\/?p=220213","title":{"rendered":"EL GE\u00d1O LEJOS DE LA EXTRADICI\u00d3N; CABEZA DE VACA, MUY CERCA"},"content":{"rendered":"<p>Dif\u00edcilmente, por no decir que imposible, el fallo definitivo emitido por las magistradas federales Dulce Janet Vega Camacho y Lourdes Guadalupe Avila Tov\u00edas a favor de la no extradici\u00f3n del exgobernador Eugenio Hern\u00e1ndez Flores, podr\u00eda ser revocado en autom\u00e1tico.<\/p>\n<p>Aunque esa es la intenci\u00f3n del arrinconado grupo cabecista, mismo que busca revivirle a Ge\u00f1o una narrativa de extraditable, y con ello tender una cortina de distracci\u00f3n ante el inminente e irreversible proceso emprendido por la FGR, para extraditar al exgobernador de los vientos fallidos, desde Estados Unidos a nuestro pa\u00eds.<\/p>\n<p>Recientemente, gente estrechamente ligada al grupo texano que mal gobern\u00f3 Tamaulipas, en el periodo 2016-2022 esparcieron la versi\u00f3n de que, las citadas representantes del Poder Judicial, (Janet Vega y Guadalupe Avila), habr\u00edan sido objeto de una suspensi\u00f3n por el reci\u00e9n creado Tribunal de Disciplina Judicial. Y s\u00ed efectivamente, las magistradas recibieron la aplicaci\u00f3n de este tipo de mecanismos internos del nuevo Poder judicial. Pero igual ha pasado con otras y otros funcionarios del Poder Judicial federal en el pa\u00eds. Y el agua no ha llegado al r\u00edo.<\/p>\n<p>En el caso espec\u00edfico, todo parece centrarse en las diferencias entre el magistrado Guillermo Cuautle Vargas, y las magistradas aludidas. Por cierto, el magistrado Cuautle se opuso p\u00fablica y abiertamente a la reforma judicial impulsada por AMLO y consolidada por la Presidenta Sheinbaum.<\/p>\n<p>En agosto de 2024, Cuautle afirm\u00f3 que el proyecto de la reforma hoy ya convertida en realidad, \u201cno es viable\u201d, porque \u201clo que se avizora, no es la reforma a los poderes judiciales, sino su destrucci\u00f3n\u201d.<\/p>\n<p>En su papel de magistrado del d\u00e9cimo noveno circuito, a finales de 2025, GCV se opuso a la resoluci\u00f3n de Janet Vega y Guadalupe Avila, a favor de la no extradici\u00f3n de Ge\u00f1o. Todo ello, pese a que las funcionarias, en cierta forma solo ratificaron la resoluci\u00f3n que siete a\u00f1os antes ya hab\u00eda hecho el juez federal Eucario Adame, exonerando a Ge\u00f1o de ser extraditado.<\/p>\n<p>En enero del 2018, el juez federal de control, Eucario Adame P\u00e9rez emiti\u00f3 una opini\u00f3n jur\u00eddica, determinando que la extradici\u00f3n del ex gobernador EHF era constitucionalmente improcedente. El citado juez asever\u00f3 que entregar al ex gobernador a los Estados Unidos, violar\u00eda el articulo 109 fracci\u00f3n II de nuestra carta magna.<\/p>\n<p>Eucario dijo en su momento que las pruebas presentadas por la Corte del Distrito Sur de Texas, no acreditaban suficientemente los delitos imputables de lavado de dinero y fraude bancario. Siete a\u00f1os despu\u00e9s, las palabras de Adame P\u00e9rez, fueron validadas por el primer Tribunal Colegiado en Materia Penal y de Trabajo. Le entregaron un amparo definitivo que frena de manera permanente su extradici\u00f3n a USA.<\/p>\n<p>Por su parte, la carrera de Cuautle ha sido siempre dentro de las promociones del Poder Judicial. Su carrera se consolid\u00f3 en el 2008, durante el sexenio del panista Felipe Calder\u00f3n, atendiendo a su capacidad profesional, se convirti\u00f3 en Juez de distrito.<\/p>\n<p>Cuautle Vargas pertenece al mismo D\u00e9cimo Noveno Circuito de los jueces federales Juan Fernando Alvarado y Faustino Guti\u00e9rrez se\u00f1alados y sancionados por proteger a base de amparos al exgobernador Cabeza de Vaca. En su posici\u00f3n de Director regional de la llamada Asociaci\u00f3n Nacional de Magistrados de Circuito y Jueces de Distrito, Cuautle Vargas ha defendido en diferentes a momentos a todos sus agremiados. Especialmente en temas de inseguridad.<\/p>\n<p>El magistrado Cuautle emiti\u00f3 tambi\u00e9n un fallo a favor del ex secretario de Desarrollo y Medio ambiente del sexenio cabecista Gilberto \u201cE\u201d, estableciendo que el delito por el que se le acusaba ya prescribi\u00f3. Eso no quiere decir que el funcionario cabecista acusado por ejercicio il\u00edcito del servicio p\u00fablico sea inocente. Pero alguien experto en las leyes, como Cuautle encontr\u00f3 la formula para quit\u00e1rselo de las garras a la justicia de la 4T. Aunque el proceso legal contra Gilberto \u201cE\u201d aun sigue en otros frentes jur\u00eddicos.<\/p>\n<p>En lo inherente a la suspensi\u00f3n contra las magistradas, en los registros difundidos por la Suprema Corte de Justicia de la Naci\u00f3n, se sabe que ellas est\u00e1n atendiendo ese tema espec\u00edfico.<\/p>\n<p>En cuanto al fallo emitido por ambas magistradas a finales de 2025, en t\u00e9rminos jur\u00eddicos es considerada \u201ccosa juzgada\u201d. De manera que una sanci\u00f3n en contra de ambas damas ubicadas en altas esferas del Poder Judicial, no invalida los actos jur\u00eddicos efectuados por ellas en el pasado.<\/p>\n<p>Tendr\u00eda que haber evidencias que demuestren serias irregularidades. Y sobre todo un actor pol\u00edtico interesado en revivir la lumbre del proceso de extradici\u00f3n , en contra del ex mandatario estatal, encarcelado por Cabeza de Vaca, apenas en los inicios del tristemente c\u00e9lebre sexenio azul.<\/p>\n<p>Por el momento, es realmente muy dif\u00edcil que le revivan el proceso de extradici\u00f3n a Ge\u00f1o. En primer lugar, tendr\u00eda que demostrarse que la resoluci\u00f3n de las magistradas a su favor, se deriv\u00f3 de un acto il\u00edcito, y no conforme a la ley.<\/p>\n<p>Parad\u00f3jicamente quien lo envi\u00f3 a la c\u00e1rcel y lo meti\u00f3 a la calidad de extraditable, fue el mismo que ahora sigue pr\u00f3fugo en Estados Unidos. Un exgobernador que busca protegerse en su nacionalidad gringa.<\/p>\n<p>En lo que se refiere al tema pol\u00edtico, de complicarse del Partido Verde y la Presidenta Sheinbaum, no creemos que afecte el actual cargo que Ge\u00f1o tiene en el Comit\u00e9 Ejecutivo Nacional de esa organizaci\u00f3n partidista. La realidad es la siguiente:<\/p>\n<p>En t\u00e9rminos de an\u00e1lisis, la conclusi\u00f3n es que el cabecismo anda desesperado, y est\u00e1 echando mano de todos sus recursos para tratar de crear una narrativa diferente a la que hoy prevalece en Tamaulipas, y en el pa\u00eds.<\/p>\n<p>El verdadero proceso de extradici\u00f3n que ya se ha echado a andar, no es de M\u00e9xico hacia Estados Unidos, sino desde USA hacia nuestro pa\u00eds.<\/p>\n<p>Y el objetivo de ese mecanismo jur\u00eddico y penal , no es Ge\u00f1o, sino CV.<\/p>\n","protected":false},"excerpt":{"rendered":"<p>Dif\u00edcilmente, por no decir que imposible, el fallo definitivo emitido por las magistradas federales Dulce Janet Vega Camacho y Lourdes Guadalupe Avila Tov\u00edas a favor de la no extradici\u00f3n del exgobernador Eugenio Hern\u00e1ndez Flores, podr\u00eda ser revocado en autom\u00e1tico. Aunque esa es la intenci\u00f3n del arrinconado grupo cabecista, mismo que busca revivirle a Ge\u00f1o una [&hellip;]<\/p>\n","protected":false},"author":1,"featured_media":218469,"comment_status":"closed","ping_status":"closed","sticky":false,"template":"","format":"standard","meta":{"footnotes":""},"categories":[16],"tags":[],"class_list":["post-220213","post","type-post","status-publish","format-standard","has-post-thumbnail","hentry","category-opinion"],"_links":{"self":[{"href":"https:\/\/www.elsinodaldetamaulipas.com.mx\/index.php?rest_route=\/wp\/v2\/posts\/220213","targetHints":{"allow":["GET"]}}],"collection":[{"href":"https:\/\/www.elsinodaldetamaulipas.com.mx\/index.php?rest_route=\/wp\/v2\/posts"}],"about":[{"href":"https:\/\/www.elsinodaldetamaulipas.com.mx\/index.php?rest_route=\/wp\/v2\/types\/post"}],"author":[{"embeddable":true,"href":"https:\/\/www.elsinodaldetamaulipas.com.mx\/index.php?rest_route=\/wp\/v2\/users\/1"}],"replies":[{"embeddable":true,"href":"https:\/\/www.elsinodaldetamaulipas.com.mx\/index.php?rest_route=%2Fwp%2Fv2%2Fcomments&post=220213"}],"version-history":[{"count":1,"href":"https:\/\/www.elsinodaldetamaulipas.com.mx\/index.php?rest_route=\/wp\/v2\/posts\/220213\/revisions"}],"predecessor-version":[{"id":220214,"href":"https:\/\/www.elsinodaldetamaulipas.com.mx\/index.php?rest_route=\/wp\/v2\/posts\/220213\/revisions\/220214"}],"wp:featuredmedia":[{"embeddable":true,"href":"https:\/\/www.elsinodaldetamaulipas.com.mx\/index.php?rest_route=\/wp\/v2\/media\/218469"}],"wp:attachment":[{"href":"https:\/\/www.elsinodaldetamaulipas.com.mx\/index.php?rest_route=%2Fwp%2Fv2%2Fmedia&parent=220213"}],"wp:term":[{"taxonomy":"category","embeddable":true,"href":"https:\/\/www.elsinodaldetamaulipas.com.mx\/index.php?rest_route=%2Fwp%2Fv2%2Fcategories&post=220213"},{"taxonomy":"post_tag","embeddable":true,"href":"https:\/\/www.elsinodaldetamaulipas.com.mx\/index.php?rest_route=%2Fwp%2Fv2%2Ftags&post=220213"}],"curies":[{"name":"wp","href":"https:\/\/api.w.org\/{rel}","templated":true}]}}