{"id":220215,"date":"2026-03-11T15:11:57","date_gmt":"2026-03-11T19:11:57","guid":{"rendered":"https:\/\/www.elsinodaldetamaulipas.com.mx\/?p=220215"},"modified":"2026-03-11T15:27:42","modified_gmt":"2026-03-11T19:27:42","slug":"asumio-nuevo-jefe-de-oficina-fiscal-del-estado","status":"publish","type":"post","link":"https:\/\/www.elsinodaldetamaulipas.com.mx\/?p=220215","title":{"rendered":"ASUMI\u00d3 NUEVO JEFE DE OFICINA FISCAL DEL ESTADO"},"content":{"rendered":"<p><em><strong>Por Gil Vicente Galindo\/EL SINODAL DE TAMAULIPAS<\/strong><\/em><\/p>\n<p>Reynosa, Tam.- El licenciado Antonio Rivas Sordia fue presentado el d\u00eda de ayer como nuevo titular de la Oficina Fiscal del Estado de esta ciudad de Reynosa, fue al filo de las once de la ma\u00f1ana cuando arribo una comitiva del gobierno de Tamaulipas.<\/p>\n<p>De inmediato el funcionario de la fiscal, Antonio Rivas mand\u00f3 llamar a los jefes de cada \u00e1rea de esa dependencia para ante todo presentarse y solicitar trabajar con responsabilidad y humanismo.<\/p>\n<p>Lo acompa\u00f1o el licenciado Tom\u00e1s Gloria Requena, subsecretario general de gobierno del estado, en representaci\u00f3n del gobernador, Am\u00e9rico Villarreal Anaya.<\/p>\n<p>Iniciando una nueva era en esa dependencia la cual renuncio hace un mes el ingeniero Humberto \u201cB\u00e9tico\u201d Valdez Richaud, luego llego Rodrigo Fabi\u00e1n Garza Sosa y al no recibir nombramiento oficial, no quiso estar interino.<\/p>\n<p style=\"text-align: center;\"><strong>EL SEXTO EN CUATRO A\u00d1OS<\/strong><\/p>\n<p>\u00a0\u00a0\u00a0\u00a0\u00a0\u00a0\u00a0\u00a0\u00a0\u00a0\u00a0 Con la llegada de Rivas Sordia, suman ya seis jefes de la Oficina Fiscal del estado en la presente administraci\u00f3n del doctor Am\u00e9rico Villarreal Anaya que esta por completar cuatro a\u00f1os de servicio.<\/p>\n<p>Cronol\u00f3gicamente el primero en el orden fue el licenciado en Administraci\u00f3n P\u00fablica Juan Gonz\u00e1lez Lozano, quien al fallecer fue sustituido por el interino Juan Carlos \u201cCharly\u201d Osorio.<\/p>\n<p>Posteriormente cumpli\u00f3 un exitoso periodo de 9 meses al licenciado Marcelo Ol\u00e1n Mendoza, quien dado los n\u00fameros presentados y su excelente relaci\u00f3n fue llamado por el gobernador a asumir la Direcci\u00f3n General de Oficinas Fiscales del Estado y de Expedici\u00f3n de Bebidas Alcoh\u00f3licas, puesto que aun desempe\u00f1a con sonado \u00e9xito.<\/p>\n<p>Posteriormente, durante m\u00e1s de seis meses se desempe\u00f1\u00f3 como jefe de la Oficina Fiscal del Estado, el ingeniero Humberto Valdez Richaud, quien ejerci\u00f3 una labor de escritorio, pues nunca tuvo contacto formal con los sectores productivos siendo llamado a su relevo el licenciado Rodrigo Fabian Garza Sosa \u201cEl Rorro\u201d, quien jam\u00e1s ejerci\u00f3 pues no cont\u00f3 con el nombramiento oficial.<\/p>\n<p>Durante unos d\u00edas estuvo atendiendo los tr\u00e1mites Marco Morales \u201cPipo\u201d, quien tuvo un desempe\u00f1o excelente en virtud de que conoce todas las \u00e1reas de la dependencia, hasta el d\u00eda de ayer en que oficialmente fue sucedido por el nuevo titular.<\/p>\n<p style=\"text-align: center;\"><strong>TRAYECTORIA EN EL SERVICIO PUBLICO<\/strong><\/p>\n<p>\u00a0\u00a0\u00a0\u00a0\u00a0\u00a0\u00a0\u00a0\u00a0\u00a0\u00a0 Rivas Sordia, hace algunos a\u00f1os fue Agente del Ministerio P\u00fablico Federal y despu\u00e9s en una administraci\u00f3n priista labor\u00f3 como Secretario de Servicios Primarios donde desempe\u00f1\u00f3 una buena actuaci\u00f3n reordenando el tema de limpieza p\u00fablica, tras lo cual se puso a reorganizar su despacho particular durante varios a\u00f1os.<\/p>\n","protected":false},"excerpt":{"rendered":"<p>Por Gil Vicente Galindo\/EL SINODAL DE TAMAULIPAS Reynosa, Tam.- El licenciado Antonio Rivas Sordia fue presentado el d\u00eda de ayer como nuevo titular de la Oficina Fiscal del Estado de esta ciudad de Reynosa, fue al filo de las once de la ma\u00f1ana cuando arribo una comitiva del gobierno de Tamaulipas. De inmediato el funcionario [&hellip;]<\/p>\n","protected":false},"author":1,"featured_media":220221,"comment_status":"closed","ping_status":"closed","sticky":false,"template":"","format":"standard","meta":{"footnotes":""},"categories":[1,2],"tags":[],"class_list":["post-220215","post","type-post","status-publish","format-standard","has-post-thumbnail","hentry","category-portada","category-reynosa"],"_links":{"self":[{"href":"https:\/\/www.elsinodaldetamaulipas.com.mx\/index.php?rest_route=\/wp\/v2\/posts\/220215","targetHints":{"allow":["GET"]}}],"collection":[{"href":"https:\/\/www.elsinodaldetamaulipas.com.mx\/index.php?rest_route=\/wp\/v2\/posts"}],"about":[{"href":"https:\/\/www.elsinodaldetamaulipas.com.mx\/index.php?rest_route=\/wp\/v2\/types\/post"}],"author":[{"embeddable":true,"href":"https:\/\/www.elsinodaldetamaulipas.com.mx\/index.php?rest_route=\/wp\/v2\/users\/1"}],"replies":[{"embeddable":true,"href":"https:\/\/www.elsinodaldetamaulipas.com.mx\/index.php?rest_route=%2Fwp%2Fv2%2Fcomments&post=220215"}],"version-history":[{"count":4,"href":"https:\/\/www.elsinodaldetamaulipas.com.mx\/index.php?rest_route=\/wp\/v2\/posts\/220215\/revisions"}],"predecessor-version":[{"id":220222,"href":"https:\/\/www.elsinodaldetamaulipas.com.mx\/index.php?rest_route=\/wp\/v2\/posts\/220215\/revisions\/220222"}],"wp:featuredmedia":[{"embeddable":true,"href":"https:\/\/www.elsinodaldetamaulipas.com.mx\/index.php?rest_route=\/wp\/v2\/media\/220221"}],"wp:attachment":[{"href":"https:\/\/www.elsinodaldetamaulipas.com.mx\/index.php?rest_route=%2Fwp%2Fv2%2Fmedia&parent=220215"}],"wp:term":[{"taxonomy":"category","embeddable":true,"href":"https:\/\/www.elsinodaldetamaulipas.com.mx\/index.php?rest_route=%2Fwp%2Fv2%2Fcategories&post=220215"},{"taxonomy":"post_tag","embeddable":true,"href":"https:\/\/www.elsinodaldetamaulipas.com.mx\/index.php?rest_route=%2Fwp%2Fv2%2Ftags&post=220215"}],"curies":[{"name":"wp","href":"https:\/\/api.w.org\/{rel}","templated":true}]}}