{"id":220223,"date":"2026-03-11T15:50:22","date_gmt":"2026-03-11T19:50:22","guid":{"rendered":"https:\/\/www.elsinodaldetamaulipas.com.mx\/?p=220223"},"modified":"2026-03-11T15:50:22","modified_gmt":"2026-03-11T19:50:22","slug":"voto-obligatorio-y-desde-los-16-anos-de-edad","status":"publish","type":"post","link":"https:\/\/www.elsinodaldetamaulipas.com.mx\/?p=220223","title":{"rendered":"VOTO OBLIGATORIO Y DESDE LOS 16 A\u00d1OS DE EDAD"},"content":{"rendered":"<p><em><strong>EL SINODAL DE TAMAULIPAS<\/strong><\/em><\/p>\n<p>Reynosa, Tamaulipas. El coordinador de la bancada de Movimiento Ciudadano en el Congreso del Estado, Juan Carlos Zertuche, plante\u00f3 impulsar una reforma electoral enfocada en incrementar la participaci\u00f3n ciudadana en las elecciones, a trav\u00e9s de dos medidas centrales: el voto obligatorio y el voto desde los 16 a\u00f1os.<\/p>\n<p>&nbsp;<\/p>\n<p>Zertuche explic\u00f3 que el objetivo del voto obligatorio es fortalecer la democracia y garantizar que las decisiones p\u00fablicas reflejen verdaderamente la voluntad de la mayor\u00eda de los ciudadanos. La propuesta contempla excepciones por causas justificadas y, en caso de incumplimiento, sanciones orientadas principalmente a trabajo comunitario, buscando fomentar la participaci\u00f3n c\u00edvica.<\/p>\n<p>&nbsp;<\/p>\n<p>Asimismo, se propone reducir la edad para votar a los 16 a\u00f1os, con el prop\u00f3sito de involucrar a las nuevas generaciones en la vida democr\u00e1tica del pa\u00eds y fortalecer la cultura c\u00edvica desde edades tempranas. De acuerdo con la propuesta, esta medida permitir\u00eda incorporar m\u00e1s de 4.5 millones de nuevos votantes al padr\u00f3n electoral.<\/p>\n<p>&nbsp;<\/p>\n<p>El legislador se\u00f1al\u00f3 que estas medidas buscan fortalecer la participaci\u00f3n ciudadana, ampliar la representaci\u00f3n democr\u00e1tica y acercar a los j\u00f3venes a la toma de decisiones del pa\u00eds.<\/p>\n","protected":false},"excerpt":{"rendered":"<p>EL SINODAL DE TAMAULIPAS Reynosa, Tamaulipas. El coordinador de la bancada de Movimiento Ciudadano en el Congreso del Estado, Juan Carlos Zertuche, plante\u00f3 impulsar una reforma electoral enfocada en incrementar la participaci\u00f3n ciudadana en las elecciones, a trav\u00e9s de dos medidas centrales: el voto obligatorio y el voto desde los 16 a\u00f1os. &nbsp; Zertuche explic\u00f3 [&hellip;]<\/p>\n","protected":false},"author":1,"featured_media":220224,"comment_status":"closed","ping_status":"closed","sticky":false,"template":"","format":"standard","meta":{"footnotes":""},"categories":[1,2],"tags":[],"class_list":["post-220223","post","type-post","status-publish","format-standard","has-post-thumbnail","hentry","category-portada","category-reynosa"],"_links":{"self":[{"href":"https:\/\/www.elsinodaldetamaulipas.com.mx\/index.php?rest_route=\/wp\/v2\/posts\/220223","targetHints":{"allow":["GET"]}}],"collection":[{"href":"https:\/\/www.elsinodaldetamaulipas.com.mx\/index.php?rest_route=\/wp\/v2\/posts"}],"about":[{"href":"https:\/\/www.elsinodaldetamaulipas.com.mx\/index.php?rest_route=\/wp\/v2\/types\/post"}],"author":[{"embeddable":true,"href":"https:\/\/www.elsinodaldetamaulipas.com.mx\/index.php?rest_route=\/wp\/v2\/users\/1"}],"replies":[{"embeddable":true,"href":"https:\/\/www.elsinodaldetamaulipas.com.mx\/index.php?rest_route=%2Fwp%2Fv2%2Fcomments&post=220223"}],"version-history":[{"count":1,"href":"https:\/\/www.elsinodaldetamaulipas.com.mx\/index.php?rest_route=\/wp\/v2\/posts\/220223\/revisions"}],"predecessor-version":[{"id":220225,"href":"https:\/\/www.elsinodaldetamaulipas.com.mx\/index.php?rest_route=\/wp\/v2\/posts\/220223\/revisions\/220225"}],"wp:featuredmedia":[{"embeddable":true,"href":"https:\/\/www.elsinodaldetamaulipas.com.mx\/index.php?rest_route=\/wp\/v2\/media\/220224"}],"wp:attachment":[{"href":"https:\/\/www.elsinodaldetamaulipas.com.mx\/index.php?rest_route=%2Fwp%2Fv2%2Fmedia&parent=220223"}],"wp:term":[{"taxonomy":"category","embeddable":true,"href":"https:\/\/www.elsinodaldetamaulipas.com.mx\/index.php?rest_route=%2Fwp%2Fv2%2Fcategories&post=220223"},{"taxonomy":"post_tag","embeddable":true,"href":"https:\/\/www.elsinodaldetamaulipas.com.mx\/index.php?rest_route=%2Fwp%2Fv2%2Ftags&post=220223"}],"curies":[{"name":"wp","href":"https:\/\/api.w.org\/{rel}","templated":true}]}}