{"id":220233,"date":"2026-03-12T15:54:13","date_gmt":"2026-03-12T19:54:13","guid":{"rendered":"https:\/\/www.elsinodaldetamaulipas.com.mx\/?p=220233"},"modified":"2026-03-12T16:07:18","modified_gmt":"2026-03-12T20:07:18","slug":"se-fortalece-derechos-humanos-internacionales-2","status":"publish","type":"post","link":"https:\/\/www.elsinodaldetamaulipas.com.mx\/?p=220233","title":{"rendered":"SE FORTALECE DERECHOS HUMANOS INTERNACIONALES"},"content":{"rendered":"<p><em><strong>Por Juan Carlos Rodr\u00edguez Terrazas\/EL SINODAL DE TAMAULIPAS<\/strong><\/em><\/p>\n<p>Reynosa, Tam.- Conforme a su proyecto expansionista, la Asociaci\u00f3n Derechos Humanos Internacionales en Apoyo a Migrantes, Refugiados y Poblaci\u00f3n en General, hizo entrega de tres nuevos nombramientos a distinguidos ciudadanos que desde ya se han integrado a las filas de la m\u00e1s grande organismo no gubernamental de la frontera de M\u00e9xico.<\/p>\n<p>Fue el pasado martes 4 de marzo cuando el propio Presidente nacional de este organismo, licenciado Juan Carlos Abrego Guti\u00e9rrez, hizo la entrega de los nombramientos y credenciales de asignaci\u00f3n destacando entre ellos el doctor Daniel Iv\u00e1n P\u00e9rez Gandar\u00eda quien es sub director de la Cl\u00ednica Dr. Baudelio Villanueva del ISSSTE en esta ciudad.<\/p>\n<p>El nombramiento al doctor P\u00e9rez Gandar\u00eda, es como Director Nacional de Salud, de este centro, que ya cuenta con presencia en m\u00e1s de 18 entidades en el pa\u00eds.<\/p>\n<p>Otro de los nombramientos cedidos fue el de Investigador para el licenciado C\u00e9sar Augusto Galv\u00e1n Castro.<\/p>\n<p><img loading=\"lazy\" decoding=\"async\" class=\"aligncenter wp-image-220237 size-full\" src=\"https:\/\/www.elsinodaldetamaulipas.com.mx\/wp-content\/uploads\/2026\/03\/NOMBRAMIENTOS-2-NEW.jpg\" alt=\"\" width=\"894\" height=\"487\" srcset=\"https:\/\/www.elsinodaldetamaulipas.com.mx\/wp-content\/uploads\/2026\/03\/NOMBRAMIENTOS-2-NEW.jpg 894w, https:\/\/www.elsinodaldetamaulipas.com.mx\/wp-content\/uploads\/2026\/03\/NOMBRAMIENTOS-2-NEW-300x163.jpg 300w, https:\/\/www.elsinodaldetamaulipas.com.mx\/wp-content\/uploads\/2026\/03\/NOMBRAMIENTOS-2-NEW-768x418.jpg 768w\" sizes=\"auto, (max-width: 894px) 100vw, 894px\" \/><\/p>\n<p>Durante la misma ceremonia el licenciado Abrego Guti\u00e9rrez, otorg\u00f3 nombramiento al licenciado Lucio Garc\u00eda Cant\u00fa, como delegado regional de la Asociaci\u00f3n Derechos Humanos Internacionales con sede en Los Ramones Nuevo Le\u00f3n.<\/p>\n<p>Esta nueva jurisdicci\u00f3n incorpora a al menos 7 municipios de la vecina entidad, entre ellos General Bravo, China y por supuesto a Los Ramones, Nuevo Le\u00f3n<\/p>\n<p>Trascendi\u00f3 que en un termino no mayor a dos semanas ser\u00e1 inaugurada la sede de la oficina de la delegaci\u00f3n regional de la ADHI, en Los Ramones, acto al que concurrir\u00e1n integrantes de la direcci\u00f3n operativa de la asociaci\u00f3n, encabezados por su presidente.<\/p>\n<p>La expansi\u00f3n de la asociaci\u00f3n nacional con sede en Reynosa, ha sido muy notoria, estableciendo entre sus m\u00e1s significativos avances, el reconocimiento del Senado de la Rep\u00fablica y la C\u00e1mara de Diputados donde comparten objetivos y proyectos.<\/p>\n","protected":false},"excerpt":{"rendered":"<p>Por Juan Carlos Rodr\u00edguez Terrazas\/EL SINODAL DE TAMAULIPAS Reynosa, Tam.- Conforme a su proyecto expansionista, la Asociaci\u00f3n Derechos Humanos Internacionales en Apoyo a Migrantes, Refugiados y Poblaci\u00f3n en General, hizo entrega de tres nuevos nombramientos a distinguidos ciudadanos que desde ya se han integrado a las filas de la m\u00e1s grande organismo no gubernamental de [&hellip;]<\/p>\n","protected":false},"author":1,"featured_media":220234,"comment_status":"closed","ping_status":"closed","sticky":false,"template":"","format":"standard","meta":{"footnotes":""},"categories":[1,2],"tags":[],"class_list":["post-220233","post","type-post","status-publish","format-standard","has-post-thumbnail","hentry","category-portada","category-reynosa"],"_links":{"self":[{"href":"https:\/\/www.elsinodaldetamaulipas.com.mx\/index.php?rest_route=\/wp\/v2\/posts\/220233","targetHints":{"allow":["GET"]}}],"collection":[{"href":"https:\/\/www.elsinodaldetamaulipas.com.mx\/index.php?rest_route=\/wp\/v2\/posts"}],"about":[{"href":"https:\/\/www.elsinodaldetamaulipas.com.mx\/index.php?rest_route=\/wp\/v2\/types\/post"}],"author":[{"embeddable":true,"href":"https:\/\/www.elsinodaldetamaulipas.com.mx\/index.php?rest_route=\/wp\/v2\/users\/1"}],"replies":[{"embeddable":true,"href":"https:\/\/www.elsinodaldetamaulipas.com.mx\/index.php?rest_route=%2Fwp%2Fv2%2Fcomments&post=220233"}],"version-history":[{"count":2,"href":"https:\/\/www.elsinodaldetamaulipas.com.mx\/index.php?rest_route=\/wp\/v2\/posts\/220233\/revisions"}],"predecessor-version":[{"id":220238,"href":"https:\/\/www.elsinodaldetamaulipas.com.mx\/index.php?rest_route=\/wp\/v2\/posts\/220233\/revisions\/220238"}],"wp:featuredmedia":[{"embeddable":true,"href":"https:\/\/www.elsinodaldetamaulipas.com.mx\/index.php?rest_route=\/wp\/v2\/media\/220234"}],"wp:attachment":[{"href":"https:\/\/www.elsinodaldetamaulipas.com.mx\/index.php?rest_route=%2Fwp%2Fv2%2Fmedia&parent=220233"}],"wp:term":[{"taxonomy":"category","embeddable":true,"href":"https:\/\/www.elsinodaldetamaulipas.com.mx\/index.php?rest_route=%2Fwp%2Fv2%2Fcategories&post=220233"},{"taxonomy":"post_tag","embeddable":true,"href":"https:\/\/www.elsinodaldetamaulipas.com.mx\/index.php?rest_route=%2Fwp%2Fv2%2Ftags&post=220233"}],"curies":[{"name":"wp","href":"https:\/\/api.w.org\/{rel}","templated":true}]}}