{"id":220245,"date":"2026-03-12T19:04:22","date_gmt":"2026-03-12T23:04:22","guid":{"rendered":"https:\/\/www.elsinodaldetamaulipas.com.mx\/?p=220245"},"modified":"2026-03-12T19:09:48","modified_gmt":"2026-03-12T23:09:48","slug":"personal-de-periciales-analiza-restos-humanos","status":"publish","type":"post","link":"https:\/\/www.elsinodaldetamaulipas.com.mx\/?p=220245","title":{"rendered":"PERSONAL DE PERICIALES ANALIZA RESTOS HUMANOS"},"content":{"rendered":"<p style=\"text-align: center;\"><em><strong>EL SINODAL DE TAMAULIPAS<\/strong><\/em><\/p>\n<p>Cd. Victoria, Tamaulipas.\u2014 Autoridades estatales aseguraron un objeto sospechoso localizado en la colonia Primero de Mayo, donde posteriormente se confirm\u00f3 el hallazgo de posibles restos humanos al interior de una bolsa negra abandonada en un bote de basura.<\/p>\n<p>&nbsp;<\/p>\n<p>De acuerdo con informaci\u00f3n difundida por la Vocer\u00eda de Seguridad, elementos de corporaciones acudieron al sitio tras recibir el aviso. Al inspeccionar el \u00e1rea, localizaron una bolsa de color negro dentro de un contenedor de basura, en cuyo interior se encontraban presuntos restos humanos.<\/p>\n<p>&nbsp;<\/p>\n<p>Tras el hallazgo, los elementos procedieron a activar los protocolos correspondientes, asegurando el per\u00edmetro para permitir las diligencias ministeriales y evitar la alteraci\u00f3n de posibles indicios.<\/p>\n<p>&nbsp;<\/p>\n<p>La Fiscal\u00eda General de Justicia del Estado de Tamaulipas tom\u00f3 conocimiento del caso y ya se encuentra a cargo de las investigaciones para determinar la identidad de la v\u00edctima y las circunstancias en que ocurrieron los hechos.<\/p>\n","protected":false},"excerpt":{"rendered":"<p>EL SINODAL DE TAMAULIPAS Cd. Victoria, Tamaulipas.\u2014 Autoridades estatales aseguraron un objeto sospechoso localizado en la colonia Primero de Mayo, donde posteriormente se confirm\u00f3 el hallazgo de posibles restos humanos al interior de una bolsa negra abandonada en un bote de basura. &nbsp; De acuerdo con informaci\u00f3n difundida por la Vocer\u00eda de Seguridad, elementos de [&hellip;]<\/p>\n","protected":false},"author":1,"featured_media":220246,"comment_status":"closed","ping_status":"closed","sticky":false,"template":"","format":"standard","meta":{"footnotes":""},"categories":[25],"tags":[],"class_list":["post-220245","post","type-post","status-publish","format-standard","has-post-thumbnail","hentry","category-leyyorden"],"_links":{"self":[{"href":"https:\/\/www.elsinodaldetamaulipas.com.mx\/index.php?rest_route=\/wp\/v2\/posts\/220245","targetHints":{"allow":["GET"]}}],"collection":[{"href":"https:\/\/www.elsinodaldetamaulipas.com.mx\/index.php?rest_route=\/wp\/v2\/posts"}],"about":[{"href":"https:\/\/www.elsinodaldetamaulipas.com.mx\/index.php?rest_route=\/wp\/v2\/types\/post"}],"author":[{"embeddable":true,"href":"https:\/\/www.elsinodaldetamaulipas.com.mx\/index.php?rest_route=\/wp\/v2\/users\/1"}],"replies":[{"embeddable":true,"href":"https:\/\/www.elsinodaldetamaulipas.com.mx\/index.php?rest_route=%2Fwp%2Fv2%2Fcomments&post=220245"}],"version-history":[{"count":2,"href":"https:\/\/www.elsinodaldetamaulipas.com.mx\/index.php?rest_route=\/wp\/v2\/posts\/220245\/revisions"}],"predecessor-version":[{"id":220248,"href":"https:\/\/www.elsinodaldetamaulipas.com.mx\/index.php?rest_route=\/wp\/v2\/posts\/220245\/revisions\/220248"}],"wp:featuredmedia":[{"embeddable":true,"href":"https:\/\/www.elsinodaldetamaulipas.com.mx\/index.php?rest_route=\/wp\/v2\/media\/220246"}],"wp:attachment":[{"href":"https:\/\/www.elsinodaldetamaulipas.com.mx\/index.php?rest_route=%2Fwp%2Fv2%2Fmedia&parent=220245"}],"wp:term":[{"taxonomy":"category","embeddable":true,"href":"https:\/\/www.elsinodaldetamaulipas.com.mx\/index.php?rest_route=%2Fwp%2Fv2%2Fcategories&post=220245"},{"taxonomy":"post_tag","embeddable":true,"href":"https:\/\/www.elsinodaldetamaulipas.com.mx\/index.php?rest_route=%2Fwp%2Fv2%2Ftags&post=220245"}],"curies":[{"name":"wp","href":"https:\/\/api.w.org\/{rel}","templated":true}]}}