{"id":220249,"date":"2026-03-12T19:18:34","date_gmt":"2026-03-12T23:18:34","guid":{"rendered":"https:\/\/www.elsinodaldetamaulipas.com.mx\/?p=220249"},"modified":"2026-03-12T19:18:34","modified_gmt":"2026-03-12T23:18:34","slug":"el-ridiculo-del-%c2%a8principe%c2%a8","status":"publish","type":"post","link":"https:\/\/www.elsinodaldetamaulipas.com.mx\/?p=220249","title":{"rendered":"EL RID\u00cdCULO DEL \u00a8PR\u00cdNCIPE\u00a8"},"content":{"rendered":"<p>EL PATINADERO<\/p>\n<p>Juan Antonio Montoya B\u00e1ez<\/p>\n<p>Desde la Ciudad de M\u00e9xico le dieron un manotazo de realidad al \u00abpr\u00edncipe del sur\u00bb, MANUEL LEAL VILLARREAL.<\/p>\n<p>La propia Profeco emiti\u00f3 un comunicado oficial para desmentir sus delirios de grandeza y aclarar que ese organismo no tiene facultades para multar por higiene o sanidad, y mucho menos para perseguir a hieleras en la v\u00eda p\u00fablica.<\/p>\n<p>La oficina central tuvo que salir a recoger el tiradero que dej\u00f3 el funcionario de la zona Golfo-Norte tras sus \u00aberr\u00f3neas\u00bb \u2014por no decir ignorantes\u2014 declaraciones sobre multas de 4 millones de pesos. El comunicado no solo tranquiliza a los tortilleros, sino que desnuda la ineptitud de un delegado que lleg\u00f3 al cargo por la v\u00eda del apellido y no de la capacidad.<\/p>\n<p>Cuatro millones una cantidad que solamente ha visto BELINDA, quien cobr\u00f3 esa cantidad por cantar las ma\u00f1anitas en la quincea\u00f1era del petrolero de Morena en Tabasco, quien echo la casa por la ventana, pero pensando en los ojos de la hermosa cantante.<\/p>\n<p>Pero el caso de LEAL no es aislado; es el s\u00edntoma de una enfermedad mayor en las delegaciones federales de Tamaulipas. El funcionamiento de estas dependencias es un lastre para el desarrollo estatal.<\/p>\n<p>Ah\u00ed est\u00e1 el ejemplo de LUIS LAURO REYES, titular de la Sebien, un hombre que jam\u00e1s dio la talla para manejar la columna vertebral de la pol\u00edtica social de la 4T.<\/p>\n<p>La pol\u00edtica social de la Federaci\u00f3n en Tamaulipas es un fracaso estrepitoso y en Palacio Nacional lo saben. Sin embargo, el error persiste: intentaron remover a LUIS LAURO y la propuesta de relevo result\u00f3 ser otra ne\u00f3fita.<\/p>\n<p>REYES, lejos de aceptar su salida con dignidad, sac\u00f3 a relucir su mejor talento: la traici\u00f3n. Mordi\u00f3 la mano de quien lo encumbr\u00f3 y maniobr\u00f3 en la capital para aferrarse a la silla, pasando por encima de las instrucciones que salieron del tercer piso del Gobierno del Estado.<\/p>\n<p>Esta \u00abguerra de vencidas\u00bb entre lo estatal y lo federal solo deja heridos en el camino. LUIS LAURO no solo se ve mal \u00e9l; hace ver mal a la administraci\u00f3n que pidi\u00f3 su cabeza y debilita la estructura de la presidenta CLAUDIA SHEINBAUM.<\/p>\n<p>La pol\u00edtica de bienestar en el estado ha sido el patio de juegos de personajes como JOS\u00c9 RAM\u00d3N G\u00d3MEZ LEAL, quien la us\u00f3 de caja chica, y ahora de Luis Lauro, quien la usa de escudo personal.<\/p>\n<p>La Presidenta, tras el rev\u00e9s de sus aliados del PVEM y PT a su reforma electoral, deber\u00eda revisar con lupa qui\u00e9nes son sus verdaderos c\u00f3mplices en territorio.<\/p>\n<p>En Tamaulipas, las traiciones m\u00e1s dolorosas vienen de los \u00abhermanos\u00bb y protegidos. LUIS LAURO es el monumento a la ineptitud cobijada por la deslealtad. Ya es hora de que dejen de experimentar con la pobreza de los tamaulipecos.<\/p>\n<p>La Presidenta SHEINBAUM debe abrir los ojos: sus aliados no son de hierro, son de conveniencia. El PVEM y el PT ya le ense\u00f1aron los dientes en lo nacional, y en lo local, figuras como LUIS LAURO demuestran que la lealtad es un concepto que no conocen.<\/p>\n<p>Mientras Morena apueste por el \u00abcolor\u00bb y no por la capacidad, seguir\u00e1 alimentando a los cuervos que hoy ya empezaron a sacarle los ojos.<\/p>\n<p>Ya es tiempo de dejar de experimentar con Tamaulipas. El \u00abmovimiento\u00bb est\u00e1 infectado de aliados de ocasi\u00f3n y delegados de utiler\u00eda que, ante el primer ventarr\u00f3n, corren a buscar el cobijo de sus propios intereses, dejando a la 4T en el m\u00e1s absoluto rid\u00edculo.<\/p>\n<p>En redes, empezaron a circular im\u00e1genes y versiones de un enfrentamiento de vecinos con elementos de tr\u00e1nsito que realizaban un operativo contra las motos en la colonia Azteca.<\/p>\n<p>Los ciudadanos enfurecidos los echaron en corrida. Se fueron, pero con una docena de motocicletas en la gr\u00faa.<\/p>\n<p>Los retenes son permanentes en ciudad Victoria, es la instrucci\u00f3n que tiene la Secretaria de Seguridad P\u00fablica en el Estado, pero m\u00e1s que un operativo de seguridad, es un ret\u00e9n que busca recursos econ\u00f3micos.<\/p>\n<p>Es indudable que son operativos que colmaron la paciencia ciudadana, los motociclistas no buscan evitar la ley, est\u00e1n de acuerdo en pagar licencia y emplacar sus motos, s\u00f3lo piden una prorroga en una larga cuesta de enero, febrero y marzo.<\/p>\n<p>Por cierto, en la anterior colaboraci\u00f3n reiteramos que si ten\u00edan retenido a un vendedor de frutas y frituras sobre la salida a Soto La Marina, porque en las mismas redes circulo la imagen de un comerciante en triciclo que pensaban hab\u00eda sido multado, lo cual resulto un dato falso.<\/p>\n<p>El director de Tr\u00e1nsito, JAVIER CORDOVA GONZ\u00c1LEZ nos asegur\u00f3 que no se le mult\u00f3, ni se le quit\u00f3 la motocicleta al comerciante, que aplicaron el sentido com\u00fan y le dieron la oportunidad de partir, mostrando la mejor disposici\u00f3n de apoyarlo para no perjudicarlo.<\/p>\n<p>Bueno, por hoy es todo.<br \/>\nAdi\u00f3s y aguas con los patinazos\u2026<\/p>\n","protected":false},"excerpt":{"rendered":"<p>EL PATINADERO Juan Antonio Montoya B\u00e1ez Desde la Ciudad de M\u00e9xico le dieron un manotazo de realidad al \u00abpr\u00edncipe del sur\u00bb, MANUEL LEAL VILLARREAL. La propia Profeco emiti\u00f3 un comunicado oficial para desmentir sus delirios de grandeza y aclarar que ese organismo no tiene facultades para multar por higiene o sanidad, y mucho menos para [&hellip;]<\/p>\n","protected":false},"author":1,"featured_media":210151,"comment_status":"closed","ping_status":"closed","sticky":false,"template":"","format":"standard","meta":{"footnotes":""},"categories":[16],"tags":[],"class_list":["post-220249","post","type-post","status-publish","format-standard","has-post-thumbnail","hentry","category-opinion"],"_links":{"self":[{"href":"https:\/\/www.elsinodaldetamaulipas.com.mx\/index.php?rest_route=\/wp\/v2\/posts\/220249","targetHints":{"allow":["GET"]}}],"collection":[{"href":"https:\/\/www.elsinodaldetamaulipas.com.mx\/index.php?rest_route=\/wp\/v2\/posts"}],"about":[{"href":"https:\/\/www.elsinodaldetamaulipas.com.mx\/index.php?rest_route=\/wp\/v2\/types\/post"}],"author":[{"embeddable":true,"href":"https:\/\/www.elsinodaldetamaulipas.com.mx\/index.php?rest_route=\/wp\/v2\/users\/1"}],"replies":[{"embeddable":true,"href":"https:\/\/www.elsinodaldetamaulipas.com.mx\/index.php?rest_route=%2Fwp%2Fv2%2Fcomments&post=220249"}],"version-history":[{"count":1,"href":"https:\/\/www.elsinodaldetamaulipas.com.mx\/index.php?rest_route=\/wp\/v2\/posts\/220249\/revisions"}],"predecessor-version":[{"id":220250,"href":"https:\/\/www.elsinodaldetamaulipas.com.mx\/index.php?rest_route=\/wp\/v2\/posts\/220249\/revisions\/220250"}],"wp:featuredmedia":[{"embeddable":true,"href":"https:\/\/www.elsinodaldetamaulipas.com.mx\/index.php?rest_route=\/wp\/v2\/media\/210151"}],"wp:attachment":[{"href":"https:\/\/www.elsinodaldetamaulipas.com.mx\/index.php?rest_route=%2Fwp%2Fv2%2Fmedia&parent=220249"}],"wp:term":[{"taxonomy":"category","embeddable":true,"href":"https:\/\/www.elsinodaldetamaulipas.com.mx\/index.php?rest_route=%2Fwp%2Fv2%2Fcategories&post=220249"},{"taxonomy":"post_tag","embeddable":true,"href":"https:\/\/www.elsinodaldetamaulipas.com.mx\/index.php?rest_route=%2Fwp%2Fv2%2Ftags&post=220249"}],"curies":[{"name":"wp","href":"https:\/\/api.w.org\/{rel}","templated":true}]}}