{"id":220251,"date":"2026-03-12T19:22:27","date_gmt":"2026-03-12T23:22:27","guid":{"rendered":"https:\/\/www.elsinodaldetamaulipas.com.mx\/?p=220251"},"modified":"2026-03-12T19:22:27","modified_gmt":"2026-03-12T23:22:27","slug":"casi-listo-el-4o-informe-de-americo","status":"publish","type":"post","link":"https:\/\/www.elsinodaldetamaulipas.com.mx\/?p=220251","title":{"rendered":"CASI LISTO EL 4o. INFORME DE AM\u00c9RICO"},"content":{"rendered":"<p>DIALOGANDO<\/p>\n<p>Por Roberto Olvera P\u00e9rez<br \/>\nEste viernes 13 de marzo, el gobernador Am\u00e9rico Villarreal Anaya,<br \/>\nestregar\u00e1 al Congreso del Estado su Cuarto Informe de Gobierno en una sesi\u00f3n<br \/>\nsolemne; lo podr\u00e1 ser \u00e9l mismo o seguramente enviar\u00e1 a un alto funcionario<br \/>\nestatal a entregarlo en su nombre y bien podr\u00eda ser su segundo de abordo, el<br \/>\nsecretario General de Gobierno, Hector Joel Villegas Gonzalez. Y todo hace<br \/>\nindicar que asi ser\u00e1, pues es lo que se comenta alla en el trecer piso de Palacio de<br \/>\nGobierno.<br \/>\nLa cita es a las 11:00 horas, seg\u00fan lo aprobado por el pleno, por lo que, el<br \/>\npresidente de la Junta de Gobierno, Humberto Prieto Herrera, espera el<br \/>\ndocumento del Ejecutivo Estatal donde se destaca los avances en materia de<br \/>\neducaci\u00f3n, bienestar social y seguridad publica, rubros que, reflejan resultados<br \/>\npositivos durante su gesti\u00f3n.<br \/>\nUna ves consumado este evento solemne en el Poder Legislativo,<br \/>\nseguramente veremos a todo el gabinete presentando los datos de la Glosa del<br \/>\nInforme de estos primeros cuatro a\u00f1os de gobierno.<br \/>\nLo anterior forma parte del proceso institucional, mientras que<br \/>\nposteriormente Americo Villarreal Anaya, dar\u00e1 a conocer el mensaje p\u00fablico con el<br \/>\ncontenido del informe que se llevar\u00e1 a cabo el lunes 23 de marzo en el Polyforum<br \/>\n\u201cRodolfo Torre Cantu\u201d en punto de las 13:00 horas.<br \/>\nCabe destacar que habr\u00e1 invitados de lujo en este evento como la<br \/>\npresidenta del Supremo Tribunal de Justicia del Estado, Tania Gisela Contreras<br \/>\nLopez, todos los miembros del gabinete, asi como senadores de la Republica,<br \/>\ndiputados federales, locales, las y los alcaldes de los 43 municipios de<br \/>\nTamaulipas. Y por supuesto el rector de la UAT, Damaso Anaya Alvarado, entre<br \/>\notros invitados mas, quienes con su presencia le dar\u00e1n m\u00e1s realce al evento.<br \/>\nAntes del Informe-convivio estar\u00e1 en Tamaulipas la presidenta de Mexico,<br \/>\nClaudia Sheinbaum Pardo, encabezando la celebraci\u00f3n de la expropiaci\u00f3n<br \/>\npetrolera en Tampico; mostrando al mundo las nuevas instalaciones de Pemex en<br \/>\nla zona conurbada. Seguramente se anunciar\u00e1 ah\u00ed la nueva producci\u00f3n que tiene<br \/>\nPemex en productos refinados de petr\u00f3leo, como turbosina y gasolina, que<br \/>\ntambi\u00e9n son superiores a los de a\u00f1os pasados. Su visita es el pr\u00f3ximo 18 de<br \/>\nmarzo.<\/p>\n<p>NOTAS CORTAS<\/p>\n<p>1.- \u00bfQue tan mal andan los panistas en Tamaulipas que a\u00fan no se ponen<br \/>\nde acuerdo en nombrar a la nueva dirigencia estatal? Tan mal andan que apenas<br \/>\nse dan cuenta que el malo de la pel\u00edcula y el retrazo de ello, es el pr\u00f3fugo de la<br \/>\njusticia Pancho Garcia Cabeza de Vaca. Asi las cosas ah\u00ed.<br \/>\n2.- De seguro que les cay\u00f3 como balde de agua fr\u00eda a la dirigencia del<br \/>\nPartido Verde Ecologista de Tamaulipas, en particular a su gris -dizque- dirigente<br \/>\nManuel Mu\u00f1oz Cano, con la suspensi\u00f3n de juezas que ampararon a Eugenio<br \/>\nHernandez Flores, contra extradici\u00f3n. Con ese duro golpe el Verde ya no tiene<br \/>\ncandidato que presumir, si es que lo ten\u00edan. El Tribunal de Disciplina Judicial de la<br \/>\nFederaci\u00f3n les dio la estocada<\/p>\n<p>Bien antes de despedirme y ya que est\u00e1bamos hablando del 13 de marzo, envi\u00f3 mi felicitaci\u00f3n al Lic. Cuauht\u00e9moc Flamarique Torres, director del portal de noticias www.notatamaulipas.com ya que estar\u00e1 festejando su cumplea\u00f1os, fuerte abrazo mi Temo, que la vida te siga bendiciendo.<br \/>\nPor hoy es todo, en la pr\u00f3xima seguiremos dialogando del acontecer<br \/>\npol\u00edtico tamaulipeco.<\/p>\n","protected":false},"excerpt":{"rendered":"<p>DIALOGANDO Por Roberto Olvera P\u00e9rez Este viernes 13 de marzo, el gobernador Am\u00e9rico Villarreal Anaya, estregar\u00e1 al Congreso del Estado su Cuarto Informe de Gobierno en una sesi\u00f3n solemne; lo podr\u00e1 ser \u00e9l mismo o seguramente enviar\u00e1 a un alto funcionario estatal a entregarlo en su nombre y bien podr\u00eda ser su segundo de abordo, [&hellip;]<\/p>\n","protected":false},"author":1,"featured_media":216437,"comment_status":"closed","ping_status":"closed","sticky":false,"template":"","format":"standard","meta":{"footnotes":""},"categories":[16],"tags":[],"class_list":["post-220251","post","type-post","status-publish","format-standard","has-post-thumbnail","hentry","category-opinion"],"_links":{"self":[{"href":"https:\/\/www.elsinodaldetamaulipas.com.mx\/index.php?rest_route=\/wp\/v2\/posts\/220251","targetHints":{"allow":["GET"]}}],"collection":[{"href":"https:\/\/www.elsinodaldetamaulipas.com.mx\/index.php?rest_route=\/wp\/v2\/posts"}],"about":[{"href":"https:\/\/www.elsinodaldetamaulipas.com.mx\/index.php?rest_route=\/wp\/v2\/types\/post"}],"author":[{"embeddable":true,"href":"https:\/\/www.elsinodaldetamaulipas.com.mx\/index.php?rest_route=\/wp\/v2\/users\/1"}],"replies":[{"embeddable":true,"href":"https:\/\/www.elsinodaldetamaulipas.com.mx\/index.php?rest_route=%2Fwp%2Fv2%2Fcomments&post=220251"}],"version-history":[{"count":1,"href":"https:\/\/www.elsinodaldetamaulipas.com.mx\/index.php?rest_route=\/wp\/v2\/posts\/220251\/revisions"}],"predecessor-version":[{"id":220252,"href":"https:\/\/www.elsinodaldetamaulipas.com.mx\/index.php?rest_route=\/wp\/v2\/posts\/220251\/revisions\/220252"}],"wp:featuredmedia":[{"embeddable":true,"href":"https:\/\/www.elsinodaldetamaulipas.com.mx\/index.php?rest_route=\/wp\/v2\/media\/216437"}],"wp:attachment":[{"href":"https:\/\/www.elsinodaldetamaulipas.com.mx\/index.php?rest_route=%2Fwp%2Fv2%2Fmedia&parent=220251"}],"wp:term":[{"taxonomy":"category","embeddable":true,"href":"https:\/\/www.elsinodaldetamaulipas.com.mx\/index.php?rest_route=%2Fwp%2Fv2%2Fcategories&post=220251"},{"taxonomy":"post_tag","embeddable":true,"href":"https:\/\/www.elsinodaldetamaulipas.com.mx\/index.php?rest_route=%2Fwp%2Fv2%2Ftags&post=220251"}],"curies":[{"name":"wp","href":"https:\/\/api.w.org\/{rel}","templated":true}]}}