{"id":220254,"date":"2026-03-12T19:26:02","date_gmt":"2026-03-12T23:26:02","guid":{"rendered":"https:\/\/www.elsinodaldetamaulipas.com.mx\/?p=220254"},"modified":"2026-03-12T19:26:02","modified_gmt":"2026-03-12T23:26:02","slug":"vende-caro-tu-amor-aventurera","status":"publish","type":"post","link":"https:\/\/www.elsinodaldetamaulipas.com.mx\/?p=220254","title":{"rendered":"VENDE CARO TU AMOR&#8230; AVENTURERA"},"content":{"rendered":"<p>El rechazo a la propuesta de Reforma Electoral de la presidenta Claudia Sheinbaum en la C\u00e1mara de Diputados federal es una dura llamada de atenci\u00f3n para que atienda a su equipo que ahora se vio in\u00fatil, incapaz, torpe, pero tambi\u00e9n para que vaya pensando c\u00f3mo va a deshacerse de los legisladores de su partido que \u201cno pudieron\u201d convencer a nadie de apoyarlos, para que se deshaga de una vez y por todas del lopezobradorismo que en un acto de revancha le ha demostrado que no tiene todo el control del pa\u00eds como era en apariencia.<\/p>\n<p>Y s\u00ed, m\u00e1s que preocupados deben estar los del Verde y PT con lo ocurrido en la C\u00e1mara de Diputados, nadie le dice a la presidenta que no sin pagar la osad\u00eda, es un hecho que han muerto muchos proyectos a futuro en una sola tarde, pa\u00b4l baile vamos.<\/p>\n<p>Pero m\u00e1s preocupados deben estar los militantes de alto rango en Morena, los que \u201cno pudieron\u201d convencer a los verdes o pete\u00edstas de aprobar la Reforma Electoral como la planteaba la presidenta con A, porque el rev\u00e9s que recibi\u00f3 Sheinbaum es de esos dolorosos, de los que calan no solo en el proyecto de naci\u00f3n, tambi\u00e9n en el orgullo.<\/p>\n<p>M\u00e1s nerviosos deben estar los del equipo cercano de Claudia qu\u00e9, le insisto, se vio d\u00e9bil, in\u00fatil, incapaz de cumplirle a su comandanta a la que ahora la visualizan d\u00e9bil, vulnerable, en las manos de una camarilla de sicarios de la pol\u00edtica que todo ponen al mejor postor, de vulgares ambiciosos que no pasan de traidores a la patria.<\/p>\n<p>Los morenos, muchos morenos y morenas, seguro igual andar\u00e1n muy nerviosos porque saben se har\u00e1 un corte de caja y se exhibir\u00e1 a quienes fingen lealtad y por debajo de la mesa dan los rodillazos, los golpes que tumban, se descubrir\u00e1 qui\u00e9nes alimentaron el rechazo a la propuesta.<\/p>\n<p>Es obvio que los legisladores saben que puede estar muriendo su futuro, porque la apariencia es que fingieron lealtad, la prueba es que pretenden culpar a entes, sin fuerza pol\u00edtica ni moral, de haber derribado la propuesta, vil farsa la de Morenos, que les crea el diablo que no pudieron convencer o forzar el apoyo del Verde y del PT, lo peor es que quieren burlarse en la cara de la presidenta Claudia Sheinbaum y no se ve que alguien meta las manos por ella.<\/p>\n<p>El rev\u00e9s a la reforma tambi\u00e9n es un llamado a la presidenta para que analice la que ser\u00e1 su C\u00e1mara de Diputados, antes que pensar en un Plan B ya deber\u00eda estar revisando los 500 prospectos con los que va a jugar a lo largo y ancho del pa\u00eds en la pr\u00f3xima elecci\u00f3n de ese poder.<\/p>\n<p>Por lo pronto, con esta exhibida que le han dado, Claudia debe entender que ya es tiempo de quitarse de encima a los lop\u00e9zobradoristas que le juran lealtad y no hacen nada por respaldarla en hechos, que lo \u00fanico que pretenden es seguir en los cargos de poder.<\/p>\n<p>Claro, si usted quiere suponer que el rechazo a la reforma electoral fue un acto democr\u00e1tico y que muestra la libertad de los legisladores en la toma de decisiones, pues tr\u00e1guese esa historia, la realidad es que la pol\u00edtica no cambia, que si no los apoyaron fue a prop\u00f3sito, por voluntad de quienes comandan las mayor\u00edas, en el peor de los casos, con la intenci\u00f3n de vender m\u00e1s caro el amor de aventuras que tienen todos ellos y ellas, mezclados verdes, rojos y guindas.<\/p>\n<p>Dec\u00eda un pol\u00edtico de la vieja guardia que en esa actividad \u201ctodos los perros tienen due\u00f1o\u201d, es decir, que si alguno se pon\u00eda intransigente o un bloque se pon\u00eda intransigente la negociaci\u00f3n no era con ellos sino con quien ten\u00eda autoridad sobre los mismos o la capacidad de corregirlos, nadie busco a los due\u00f1os de los negados, por placer o por consigna, vaya usted a saber.<\/p>\n<p>Alguien le fall\u00f3 a la presidenta, muchos le dieron el no sin miedo y, por un reflejo de mera gobernabilidad, eso no debe quedarse as\u00ed, el primero que se tiene que ir es Monreal y luego, en la elecci\u00f3n del pr\u00f3ximo a\u00f1o, todo su lopezobradorismo junto, sobre todo los que se disfrazaron de dem\u00f3cratas y ahora se exhiben como viles traidorzuelos\u2026<\/p>\n<p>DESDE LA MA\u00d1ANERA, CLAUDIA SHEINBAUM ENCABEZA ENTREGA DE VIVIENDAS EN TAMAULIPAS\u2026 Ciudad Victoria, Tamaulipas.- La meta del programa Vivienda para el Bienestar registra un avance de casi 60 por ciento en Tamaulipas, afirm\u00f3 Edna Vega Rangel, secretaria de Desarrollo Agrario, Territorial y Urbano, quien luego de un enlace virtual con la presidenta Claudia Sheinbaum, y acompa\u00f1ada del director de Infonavit, Octavio Romero Oropeza reconoci\u00f3 que, con el apoyo del gobernador Am\u00e9rico Villarreal Anaya, al t\u00e9rmino del sexenio se podr\u00eda abatir el rezago de vivienda en este estado. \u00abVamos por eso\u00bb, expres\u00f3.<\/p>\n<p>Durante la conexi\u00f3n a la conferencia ma\u00f1anera, desde el fraccionamiento Todos por Tamaulipas, entregaron su nueva vivienda a Thania Nayeli Mart\u00ednez Hern\u00e1ndez, beneficiaria del programa Vivienda para el Bienestar, de un total de 42 nuevas viviendas.<\/p>\n<p>\u00abDe la mano de nuestra presidenta Claudia Sheinbaum, vamos a seguir llevando vivienda, bienestar, certeza jur\u00eddica y justicia a todo M\u00e9xico. Porque cuando una familia recibe las llaves de su casa, no solo recibe las paredes, el techo, recibe la seguridad, recibe la justicia y recibe un nuevo comienzo. Eso es la Cuarta Transformaci\u00f3n\u00bb, afirm\u00f3 Vega Rangel.<\/p>\n<p>Agreg\u00f3 que de la meta inicial de 43 mil viviendas para el estado, el n\u00famero se increment\u00f3 a 84,026, lo que representa una inversi\u00f3n de 50 mil millones de pesos, generando 252 mil empleos directos y 378 mil indirectos. Inform\u00f3 que, en la entidad, el Infonavit y la Comisi\u00f3n Nacional de Vivienda (Conavi) ya tienen cerca del 60 por ciento de la meta sexenal, mientras que, en escrituraci\u00f3n se han entregado 3 mil 350 escrituras.<\/p>\n<p>AGRADECE AM\u00c9RICO EL RESPALDO DE LA PRESIDENTA CLAUDIA SHEINBAUM El gobernador Am\u00e9rico Villarreal Anaya agradeci\u00f3 la distinci\u00f3n de realizar la entrega de vivienda desde Tamaulipas y destac\u00f3 el respaldo de la presidenta Claudia Sheinbaum y su preocupaci\u00f3n para impulsar el bienestar y el desarrollo humano.<\/p>\n<p>\u00abCompartir este momento es un momento humano, es un momento de vivencia muy valorable en que podemos decir y percibir que nos da mucho gusto que te est\u00e9 yendo bien, porque es muy seguro que si a ti te va bien, a nosotros tambi\u00e9n nos va a ir bien y que podamos seguir construyendo esta gran sociedad que nos merecemos los mexicanos y, sobre todo, en esta gran entidad que es nuestro Tamaulipas\u00bb, mencion\u00f3.<\/p>\n<p>AGRADECE LALO GATT\u00c1S A PRESIDENTA SHEINBAUM IMPULSO A LA VIVIENDA EN VICTORIA\u2026 Cd. Victoria, 11 de marzo de 2026. \u2013 Al asistir a la entrega de 42 viviendas m\u00e1s del Bienestar, el alcalde de Victoria, Eduardo Gatt\u00e1s B\u00e1ez, agradeci\u00f3 a la presidenta de M\u00e9xico Claudia Sheinbaum Pardo la inversi\u00f3n y empleo que genera con su programa prioritario de gobierno en la ciudad.<\/p>\n<p>\u201cAgradezco a la presidenta Claudia Sheinbaum Pardo por la inversi\u00f3n de 6 mil 247 viviendas en ciudad Victoria, es una derrama que viene a darle impulso econ\u00f3mico y de empleo a la Capital de Tamaulipas\u201d expres\u00f3, luego de concurrir al evento en el fraccionamiento Todos por Tamaulipas.<\/p>\n<p>En el acto, Gatt\u00e1s B\u00e1ez recibi\u00f3 el agradecimiento del director general del INFONAVIT Octavio Romero Oropeza, por la contribuci\u00f3n de su gobierno, con el Estado y la Federaci\u00f3n, en el tr\u00e1mite de pago de permisos y licencias de construcci\u00f3n para reducir el costo de la vivienda.<\/p>\n<p>\u201cGracias al gobernador Am\u00e9rico Villarreal y al presidente municipal Eduardo Gatt\u00e1s B\u00e1ez por todo el apoyo que hemos recibido en este programa\u00bb, dijo el funcionario federal en el evento donde estuvo Edna Vega Rangel, secretaria de Desarrollo Agrario, Territorio y Urbano.<\/p>\n<p>CONTRATADAS Y EN CONSTRUCCI\u00d3N 45 MIL 500 VIVIENDAS EN TAMAULIPAS\u2026 En el evento, el director general del Infonavit, Octavio Romero Oropeza, inform\u00f3 que en Tamaulipas est\u00e1n contratadas y en construcci\u00f3n 45,500 viviendas y este a\u00f1o la cifra podr\u00eda incrementarse en 10,000 m\u00e1s, lo que permitir\u00eda alcanzar el 90 % de la meta sexenal, adem\u00e1s de que se beneficiar\u00e1 a 289 mil familias con la reestructuraci\u00f3n de los cr\u00e9ditos impagables y la liberaci\u00f3n de 17 mil escrituras de manera gratuita.<\/p>\n<p>\u00abEstamos avanzando muy r\u00e1pido aqu\u00ed; Tamaulipas es de los estados donde m\u00e1s avances traemos en Vivienda para el Bienestar\u00bb, reconoci\u00f3 el funcionario.<\/p>\n<p>Explic\u00f3 que en el fraccionamiento Todos por Tamaulipas se construyen 935 viviendas y ya se han entregado 277.<\/p>\n<p>A nombre de las y los beneficiarios del Infonavit, Karla Gabriela R\u00edos Rodr\u00edguez agradeci\u00f3 a las autoridades por la entrega de su vivienda. \u00abGracias a ustedes, mis hijos van a tener un hogar digno\u00bb, expres\u00f3.<\/p>\n<p>RESGUARDA LA UAT SU PATRIMONIO DOCUMENTAL Y MEMORIA HIST\u00d3RICA\u2026 El rector de la Universidad Aut\u00f3noma de Tamaulipas (UAT), D\u00e1maso Anaya Alvarado, inaugur\u00f3 la Primera Jornada de Gesti\u00f3n Documental y Administraci\u00f3n de Archivos, desarrollada en conjunto con el Archivo General del Estado de Tamaulipas, con el prop\u00f3sito de fortalecer el manejo, organizaci\u00f3n y conservaci\u00f3n del patrimonio administrativo e hist\u00f3rico de la casa de estudios.<\/p>\n<p>En su mensaje, el rector D\u00e1maso Anaya destac\u00f3 la importancia de preservar adecuadamente los documentos institucionales que dan testimonio tanto del trabajo acad\u00e9mico, cient\u00edfico y social, como de las aportaciones que la Universidad ha realizado para el desarrollo de Tamaulipas y del pa\u00eds.<\/p>\n<p>Por su parte, el director del Archivo General del Estado de Tamaulipas, Jos\u00e9 Rafael S\u00e1enz Rangel, destac\u00f3 la colaboraci\u00f3n de la Universidad para promover la aplicaci\u00f3n de la Ley de Archivos en la entidad, cuya normativa establece los lineamientos para que las instituciones p\u00fablicas consoliden sistemas eficientes de gesti\u00f3n y preservaci\u00f3n documental.<\/p>\n<p>Reconoci\u00f3 la disposici\u00f3n del rector D\u00e1maso Anaya para trabajar de manera conjunta en el fortalecimiento de la cultura archiv\u00edstica, tras subrayar que la UAT es parte fundamental en el Consejo Estatal de Archivos, \u00f3rgano que define las pol\u00edticas, lineamientos y estrategias en esta materia.<\/p>\n<p>Agreg\u00f3 que esta colaboraci\u00f3n permitir\u00e1 desarrollar proyectos de gran relevancia, entre ellos programas de capacitaci\u00f3n, diplomados especializados, publicaciones acad\u00e9micas y congresos en materia archiv\u00edstica, adem\u00e1s de l\u00edneas de investigaci\u00f3n relacionadas con la conservaci\u00f3n documental.<\/p>\n<p>En la ceremonia, la titular del Archivo General Universitario de la UAT, Mar\u00eda Hilda S\u00e1mano Garc\u00eda, indic\u00f3 que estas jornadas buscan promover una cultura institucional basada en la transparencia, la rendici\u00f3n de cuentas y la eficiencia administrativa, incorporando nuevas tecnolog\u00edas y modelos de gesti\u00f3n para la conservaci\u00f3n y el acceso responsable a la informaci\u00f3n.<\/p>\n<p>Explic\u00f3 que el Archivo General Universitario inici\u00f3 formalmente sus actividades en 2025, en cumplimiento de la Ley General de Archivos y la legislaci\u00f3n estatal en la materia, las cuales establecen la obligaci\u00f3n de las instituciones p\u00fablicas de organizar y resguardar su documentaci\u00f3n.<\/p>\n<p>De acuerdo con el programa, la jornada comprende actividades de capacitaci\u00f3n dirigidas al personal universitario, en temas orientados a fortalecer los conocimientos y buenas pr\u00e1cticas en la gesti\u00f3n documental.<\/p>\n<p>Coloque en el buscador de facebok @CENADeNegros1 y le agradecer\u00e9 que me regale un Me Gusta, adem\u00e1s nos puede seguir en la cuenta de X @gatovaliente y, como siempre, le dejo el correo electr\u00f3nico a sus \u00f3rdenes para lo que guste y mande\u2026\u00a0<a href=\"mailto:marcovazquez20001@hotmail.com\" target=\"_blank\" rel=\"noreferrer noopener\">marcovazquez20001@hotmail.com<\/a><\/p>\n","protected":false},"excerpt":{"rendered":"<p>El rechazo a la propuesta de Reforma Electoral de la presidenta Claudia Sheinbaum en la C\u00e1mara de Diputados federal es una dura llamada de atenci\u00f3n para que atienda a su equipo que ahora se vio in\u00fatil, incapaz, torpe, pero tambi\u00e9n para que vaya pensando c\u00f3mo va a deshacerse de los legisladores de su partido que [&hellip;]<\/p>\n","protected":false},"author":1,"featured_media":196852,"comment_status":"closed","ping_status":"closed","sticky":false,"template":"","format":"standard","meta":{"footnotes":""},"categories":[16],"tags":[],"class_list":["post-220254","post","type-post","status-publish","format-standard","has-post-thumbnail","hentry","category-opinion"],"_links":{"self":[{"href":"https:\/\/www.elsinodaldetamaulipas.com.mx\/index.php?rest_route=\/wp\/v2\/posts\/220254","targetHints":{"allow":["GET"]}}],"collection":[{"href":"https:\/\/www.elsinodaldetamaulipas.com.mx\/index.php?rest_route=\/wp\/v2\/posts"}],"about":[{"href":"https:\/\/www.elsinodaldetamaulipas.com.mx\/index.php?rest_route=\/wp\/v2\/types\/post"}],"author":[{"embeddable":true,"href":"https:\/\/www.elsinodaldetamaulipas.com.mx\/index.php?rest_route=\/wp\/v2\/users\/1"}],"replies":[{"embeddable":true,"href":"https:\/\/www.elsinodaldetamaulipas.com.mx\/index.php?rest_route=%2Fwp%2Fv2%2Fcomments&post=220254"}],"version-history":[{"count":1,"href":"https:\/\/www.elsinodaldetamaulipas.com.mx\/index.php?rest_route=\/wp\/v2\/posts\/220254\/revisions"}],"predecessor-version":[{"id":220260,"href":"https:\/\/www.elsinodaldetamaulipas.com.mx\/index.php?rest_route=\/wp\/v2\/posts\/220254\/revisions\/220260"}],"wp:featuredmedia":[{"embeddable":true,"href":"https:\/\/www.elsinodaldetamaulipas.com.mx\/index.php?rest_route=\/wp\/v2\/media\/196852"}],"wp:attachment":[{"href":"https:\/\/www.elsinodaldetamaulipas.com.mx\/index.php?rest_route=%2Fwp%2Fv2%2Fmedia&parent=220254"}],"wp:term":[{"taxonomy":"category","embeddable":true,"href":"https:\/\/www.elsinodaldetamaulipas.com.mx\/index.php?rest_route=%2Fwp%2Fv2%2Fcategories&post=220254"},{"taxonomy":"post_tag","embeddable":true,"href":"https:\/\/www.elsinodaldetamaulipas.com.mx\/index.php?rest_route=%2Fwp%2Fv2%2Ftags&post=220254"}],"curies":[{"name":"wp","href":"https:\/\/api.w.org\/{rel}","templated":true}]}}