{"id":220256,"date":"2026-03-12T19:27:29","date_gmt":"2026-03-12T23:27:29","guid":{"rendered":"https:\/\/www.elsinodaldetamaulipas.com.mx\/?p=220256"},"modified":"2026-03-12T19:27:29","modified_gmt":"2026-03-12T23:27:29","slug":"culpables-del-fracaso","status":"publish","type":"post","link":"https:\/\/www.elsinodaldetamaulipas.com.mx\/?p=220256","title":{"rendered":"CULPABLES DEL FRACASO"},"content":{"rendered":"<p>GOLPE A GOLPE<\/p>\n<p>Por Juan S\u00e1nchez Mendoza<\/p>\n<p>Adm\u00edtase, o no, el p\u00fatrido sistema de partidos, del que es parte Movimiento Regeneraci\u00f3n Nacional (morena), impide la evoluci\u00f3n del Poder Legislativo al anteponer intereses de \u2018tribus\u2019 a la construcci\u00f3n de un nuevo marco legal para, mediante el di\u00e1logo, alcanzar consensos en la diversidad.<\/p>\n<p>Cierto es que la reforma electoral, de Claudia Sheinbaum Pardo, naci\u00f3 muerta.<\/p>\n<p>Por dos razones muy simples:<\/p>\n<p>1) Ser una copia de la malograda iniciativa que, en 2022 promoviera el entonces presidente Andr\u00e9s Manuel L\u00f3pez Obrador \u2013al proponer reducir la cifra de legisladores plurinominales, recortar el financiamiento p\u00fablico a los partidos pol\u00edticos y adelgazar el gasto de los procesos electorales\u2013, y<\/p>\n<p>2) Cerrarse la presidenta a entablar negociaciones con \u2018la oposici\u00f3n\u2019 a fin de alcanzar acuerdos sustantivos \u2013inclusive ignor\u00f3 a sus aliados del PT y PVEM\u2013, dejando esa responsabilidad en manos de Rosa Icela Rodr\u00edguez Vel\u00e1zquez (secretaria de Gobernaci\u00f3n), Luisa Mar\u00eda Alcalde Luj\u00e1n (lideresa nacional de morena) y Ricardo Monreal \u00c1vila (pastor de la bancada guinda, en la c\u00e1mara baja), como al encargado del proyecto: Pablo G\u00f3mez \u00c1lvarez.<\/p>\n<p>Hubo tambi\u00e9n otros \u2018operadores\u2019 que minimizaron a la oposici\u00f3n. Pero, igual a los aliados como el diputado Francisco Arturo Federico \u00c1vila Anaya, quien cotidianamente se burlaba en programas audiovisuales y entrevistas, con los medios de comunicaci\u00f3n impresos, de los contras a la reforma, con datos estad\u00edsticos, seg\u00fan \u00e9l, de lo que quiere el pueblo de M\u00e9xico.<\/p>\n<p>Adem\u00e1s de ellos, asoman como operadores sustantivos los senadores Jos\u00e9 Gerardo Rodolfo Fern\u00e1ndez Noro\u00f1a y Mois\u00e9s Ignacio Mier Velazco, el presidente de la Junta de Coordinaci\u00f3n Pol\u00edtica de la c\u00e1mara alta.<\/p>\n<p>As\u00ed que, entre otras estampas de la nomenclatura guinda, ellos son los culpables del fracaso de Claudia Sheinbaum Pardo, por malentender que el tiempo del autoritarismo no es el tiempo que espera el pueblo mexicano.<\/p>\n<p>De cualquier forma, quiz\u00e1s a partir de ma\u00f1ana \u2013tras ser rechazada por el pleno cameral la reforma pol\u00edtico-electoral de Sheinbaum Pardo\u2013 inicie a nivel nacional un movimiento en defensa sobre su derrota, contemplando:<\/p>\n<p>a) Que el rechazo, a la propuesta presidencial, atenta contra el pueblo, como argucia para<\/p>\n<p>b) Adelantar los tiempos proselitistas del proceso electoral que viene y al trav\u00e9s de una estrategia medi\u00e1tica eliminar, en las urnas, a la oposici\u00f3n.<\/p>\n<p>Como fuere, el fracaso presidencial es un hecho.<\/p>\n<p>Como lo fue el fracaso de su antecesor (en 2022) respecto al tema en comento.<\/p>\n<p>Y es aqu\u00ed, precisamente, cuando surgen tres preguntas a Claudia:<\/p>\n<p>a) \u00bfPor qu\u00e9 no sostuvo di\u00e1logos personalmente con los due\u00f1os de los partidos aliados y opositores al suyo, antes de promover la reforma?<\/p>\n<p>b) \u00bfAcaso crey\u00f3 que el paternalismo gubernamental hacia quienes en \u00e9ste fincan su alimentaci\u00f3n o por compra de los medicamentos que les son negados por las instituciones le creen, para seguir apoy\u00e1ndola?; y<\/p>\n<p>c) \u00bfTampoco se ha dado cuenta de que no es con discursos ni con apapachos como podr\u00eda legitimarse en el cargo?<\/p>\n<p>Lo comento porque en el fracaso de la reforma electoral aparecen m\u00e1s responsables, como lo consign\u00e9 l\u00edneas arriba.<\/p>\n<p>Y son ellos, precisamente, quienes quieren evadir esa responsabilidad culpando a sus pares opositores, cuando no fueron capaces de decirle a su presidenta que la reforma electoral, a cargo de Pablo G\u00f3mez \u00c1lvarez, ser\u00eda rechazada por ambivalente y desatinada.<\/p>\n<p>El ejemplo m\u00e1s claro es la elecci\u00f3n (propuesta en la reforma) para ser diputado plurinominal, electo directamente en las urnas, pues un candidato estar\u00eda obligado a recorrer la circunscripci\u00f3n electoral por la que juega.<\/p>\n<p>Respecto la segunda circunscripci\u00f3n (donde se enmarca Tamaulipas), aparecen Aguascalientes, Coahuila, Guanajuato, Nuevo Le\u00f3n, Quer\u00e9taro, San Luis Potos\u00ed y Zacatecas, haciendo campa\u00f1a territorial,<\/p>\n<p>\u00a1Vaya, barbaridad!<\/p>\n<p>\u00bfAcaso los asesores presidenciales no repararon en el gasto que los aspirantes a diputados de representaci\u00f3n proporcional tendr\u00edan que hacer, en su recorrido interestatal, que ser\u00eda superior el gasto de campa\u00f1a de un candidato uninominal que s\u00f3lo atender\u00eda un distrito, aunque no lo haga ya apoltronado en la curul, en realidad?<\/p>\n<p>En fin, ese es tan s\u00f3lo uno de los desaciertos para desechar de plano la iniciativa presidencial<\/p>\n<p>inclusive, en la sesi\u00f3n plenaria de la v\u00edspera, no todos los diputados de morena votaron a favor, seg\u00fan pudo confirmarse en el tablero, donde hay tres legisladoras guindas que votaron en contra: Giselle Arellano \u00c1vila, Santy Montemayor Castillo y Alejandra Chedraui Peralta.<\/p>\n<p>Adem\u00e1s, Olga S\u00e1nchez Cordero se abstuvo y faltaron dos diputados, tambi\u00e9n de morena, a la sesi\u00f3n ordinaria. As\u00ed que 11 legisladores del reba\u00f1o verde y uno del PT se sumaron a la ola guinda.<\/p>\n<p>Pero, palo dado, ni Dios lo quita.<\/p>\n<p>Correo:\u00a0<a href=\"mailto:jusam_gg@hotmail.com\" target=\"_blank\" rel=\"noreferrer noopener\">jusam_gg@hotmail.com<\/a><\/p>\n","protected":false},"excerpt":{"rendered":"<p>GOLPE A GOLPE Por Juan S\u00e1nchez Mendoza Adm\u00edtase, o no, el p\u00fatrido sistema de partidos, del que es parte Movimiento Regeneraci\u00f3n Nacional (morena), impide la evoluci\u00f3n del Poder Legislativo al anteponer intereses de \u2018tribus\u2019 a la construcci\u00f3n de un nuevo marco legal para, mediante el di\u00e1logo, alcanzar consensos en la diversidad. Cierto es que la [&hellip;]<\/p>\n","protected":false},"author":1,"featured_media":211451,"comment_status":"closed","ping_status":"closed","sticky":false,"template":"","format":"standard","meta":{"footnotes":""},"categories":[16],"tags":[],"class_list":["post-220256","post","type-post","status-publish","format-standard","has-post-thumbnail","hentry","category-opinion"],"_links":{"self":[{"href":"https:\/\/www.elsinodaldetamaulipas.com.mx\/index.php?rest_route=\/wp\/v2\/posts\/220256","targetHints":{"allow":["GET"]}}],"collection":[{"href":"https:\/\/www.elsinodaldetamaulipas.com.mx\/index.php?rest_route=\/wp\/v2\/posts"}],"about":[{"href":"https:\/\/www.elsinodaldetamaulipas.com.mx\/index.php?rest_route=\/wp\/v2\/types\/post"}],"author":[{"embeddable":true,"href":"https:\/\/www.elsinodaldetamaulipas.com.mx\/index.php?rest_route=\/wp\/v2\/users\/1"}],"replies":[{"embeddable":true,"href":"https:\/\/www.elsinodaldetamaulipas.com.mx\/index.php?rest_route=%2Fwp%2Fv2%2Fcomments&post=220256"}],"version-history":[{"count":1,"href":"https:\/\/www.elsinodaldetamaulipas.com.mx\/index.php?rest_route=\/wp\/v2\/posts\/220256\/revisions"}],"predecessor-version":[{"id":220261,"href":"https:\/\/www.elsinodaldetamaulipas.com.mx\/index.php?rest_route=\/wp\/v2\/posts\/220256\/revisions\/220261"}],"wp:featuredmedia":[{"embeddable":true,"href":"https:\/\/www.elsinodaldetamaulipas.com.mx\/index.php?rest_route=\/wp\/v2\/media\/211451"}],"wp:attachment":[{"href":"https:\/\/www.elsinodaldetamaulipas.com.mx\/index.php?rest_route=%2Fwp%2Fv2%2Fmedia&parent=220256"}],"wp:term":[{"taxonomy":"category","embeddable":true,"href":"https:\/\/www.elsinodaldetamaulipas.com.mx\/index.php?rest_route=%2Fwp%2Fv2%2Fcategories&post=220256"},{"taxonomy":"post_tag","embeddable":true,"href":"https:\/\/www.elsinodaldetamaulipas.com.mx\/index.php?rest_route=%2Fwp%2Fv2%2Ftags&post=220256"}],"curies":[{"name":"wp","href":"https:\/\/api.w.org\/{rel}","templated":true}]}}