{"id":220272,"date":"2026-03-12T21:04:27","date_gmt":"2026-03-13T01:04:27","guid":{"rendered":"https:\/\/www.elsinodaldetamaulipas.com.mx\/?p=220272"},"modified":"2026-03-12T21:04:27","modified_gmt":"2026-03-13T01:04:27","slug":"aun-no-llegan-registros-con-datos-biometricos","status":"publish","type":"post","link":"https:\/\/www.elsinodaldetamaulipas.com.mx\/?p=220272","title":{"rendered":"AUN NO LLEGAN REGISTROS CON DATOS BIOM\u00c9TRICOS"},"content":{"rendered":"<p><em><strong>Por Gil Vicente Galindo\/EL SINODAL DE TAMAULIPAS<\/strong><\/em><\/p>\n<p>Reynosa, Tam.- El programa de registro de datos biom\u00e9tricos no ha llegado a los municipios, al menos no a esta oficial\u00eda segunda del registro civil, al momento solo en ciudad Victoria-, comento el titular de esa dependencia, licenciado Oscar Federico de la Garza Garc\u00eda.<\/p>\n<p>El gobierno federal puso en marcha el programa de registro de datos biom\u00e9tricos que en un momento dado ser\u00e1 la manera de identificaci\u00f3n plena y sin error de identidad suplantada.<\/p>\n<p>Al respecto, el licenciado De La Garza Garc\u00eda, reitero el llamado a la ciudadan\u00eda a que tengan paciencia, ya que los aparatos para ese tema, estar\u00e1n llegando, quiz\u00e1, por el mes de mayo.<\/p>\n<p>\u201cNosotros aqu\u00ed seguimos trabajando de acuerdo a lo que realizamos y damos fe de nacimientos, defunciones, matrimonios e incluso bodas del mismo sexo\u201d, dijo el funcionario estatal.<\/p>\n<p>Precisamente en lo que va de este 2026 se present\u00f3 una pareja del mismo sexo para solicitar formalmente su uni\u00f3n, ya que es legal en Tamaulipas desde el a\u00f1o de 2022 y acceder a servicios sociales e incluso adopciones, dijo el licenciado Oscar Federico de la Garza Garc\u00eda.<\/p>\n","protected":false},"excerpt":{"rendered":"<p>Por Gil Vicente Galindo\/EL SINODAL DE TAMAULIPAS Reynosa, Tam.- El programa de registro de datos biom\u00e9tricos no ha llegado a los municipios, al menos no a esta oficial\u00eda segunda del registro civil, al momento solo en ciudad Victoria-, comento el titular de esa dependencia, licenciado Oscar Federico de la Garza Garc\u00eda. El gobierno federal puso [&hellip;]<\/p>\n","protected":false},"author":1,"featured_media":220273,"comment_status":"closed","ping_status":"closed","sticky":false,"template":"","format":"standard","meta":{"footnotes":""},"categories":[1,2],"tags":[],"class_list":["post-220272","post","type-post","status-publish","format-standard","has-post-thumbnail","hentry","category-portada","category-reynosa"],"_links":{"self":[{"href":"https:\/\/www.elsinodaldetamaulipas.com.mx\/index.php?rest_route=\/wp\/v2\/posts\/220272","targetHints":{"allow":["GET"]}}],"collection":[{"href":"https:\/\/www.elsinodaldetamaulipas.com.mx\/index.php?rest_route=\/wp\/v2\/posts"}],"about":[{"href":"https:\/\/www.elsinodaldetamaulipas.com.mx\/index.php?rest_route=\/wp\/v2\/types\/post"}],"author":[{"embeddable":true,"href":"https:\/\/www.elsinodaldetamaulipas.com.mx\/index.php?rest_route=\/wp\/v2\/users\/1"}],"replies":[{"embeddable":true,"href":"https:\/\/www.elsinodaldetamaulipas.com.mx\/index.php?rest_route=%2Fwp%2Fv2%2Fcomments&post=220272"}],"version-history":[{"count":1,"href":"https:\/\/www.elsinodaldetamaulipas.com.mx\/index.php?rest_route=\/wp\/v2\/posts\/220272\/revisions"}],"predecessor-version":[{"id":220274,"href":"https:\/\/www.elsinodaldetamaulipas.com.mx\/index.php?rest_route=\/wp\/v2\/posts\/220272\/revisions\/220274"}],"wp:featuredmedia":[{"embeddable":true,"href":"https:\/\/www.elsinodaldetamaulipas.com.mx\/index.php?rest_route=\/wp\/v2\/media\/220273"}],"wp:attachment":[{"href":"https:\/\/www.elsinodaldetamaulipas.com.mx\/index.php?rest_route=%2Fwp%2Fv2%2Fmedia&parent=220272"}],"wp:term":[{"taxonomy":"category","embeddable":true,"href":"https:\/\/www.elsinodaldetamaulipas.com.mx\/index.php?rest_route=%2Fwp%2Fv2%2Fcategories&post=220272"},{"taxonomy":"post_tag","embeddable":true,"href":"https:\/\/www.elsinodaldetamaulipas.com.mx\/index.php?rest_route=%2Fwp%2Fv2%2Ftags&post=220272"}],"curies":[{"name":"wp","href":"https:\/\/api.w.org\/{rel}","templated":true}]}}