{"id":220278,"date":"2026-03-12T21:17:08","date_gmt":"2026-03-13T01:17:08","guid":{"rendered":"https:\/\/www.elsinodaldetamaulipas.com.mx\/?p=220278"},"modified":"2026-03-12T21:17:08","modified_gmt":"2026-03-13T01:17:08","slug":"la-foto-de-chucho-nader","status":"publish","type":"post","link":"https:\/\/www.elsinodaldetamaulipas.com.mx\/?p=220278","title":{"rendered":"LA FOTO DE CHUCHO NADER"},"content":{"rendered":"<p>TIEMPO Y ESPACIO<\/p>\n<p>Por Jaime Luis Soto.<br \/>\nEl mi\u00e9rcoles pasado, poco despu\u00e9s de las tres y media de la tarde,<br \/>\nel diputado federal y exalcalde de Tampico, CHUCHO NADER,<br \/>\npublic\u00f3 en sus redes sociales una fotograf\u00eda en donde informa que<br \/>\nvot\u00f3 en contra de la Reforma Electoral.<br \/>\nObvio que lo iba a hacer pues, se supone, es panista y el PAN<br \/>\nsiempre se mostr\u00f3 en contra de la mencionada Reforma. Eso no<br \/>\nsorprende.<br \/>\nLo que s\u00ed caus\u00f3 asombro fue el rechazo de los legisladores del<br \/>\nVerde y del PT que, en teor\u00eda, en la pr\u00e1ctica ya no, son aliados de<br \/>\nMorena.<br \/>\nLa foto de CHUCHO se comparti\u00f3 m\u00e1s de mil veces\u2026<br \/>\nEn Tampico es un secreto a voces la posibilidad de que CHUCHO<br \/>\nNADER -o bien, su disc\u00edpulo, el diputado local PEPE SCHEKAIB\u00c1N-,<br \/>\nbuscar\u00e1 ser candidato a la alcald\u00eda en el 2027.<br \/>\nHasta ahorita, CHUCHO se la hab\u00eda llevado tranquila tanto con el<br \/>\ngobierno federal como con el estatal. Pero la foto que subi\u00f3<br \/>\ndemuestra que quiere armar pol\u00e9mica.<br \/>\nY aguas con eso\u2026<br \/>\nEl horno no est\u00e1 para bollos\u2026<br \/>\nMorena no va a permitir que el PAN, o CHUCHO NADER que no es<br \/>\nlo mismo, le arrebate el Municipio de Tampico que forma parte del<br \/>\nPacto del Sur.<\/p>\n<p>La alcaldesa M\u00d3NICA VILLARREAL no ha dicho nada, hasta que sean<br \/>\nlos tiempos prudentes y correspondientes, sobre si buscar\u00e1 o no su<br \/>\nreelecci\u00f3n.<br \/>\nPero todo indica que s\u00ed buscar\u00e1 volver a ser la candidata del partido<br \/>\nguinda por el Puerto Jaibo.<br \/>\nYa hemos escrito que M\u00d3NICA esta haciendo un excelente trabajo<br \/>\ncomo alcaldesa de Tampico y recientemente hizo cambios en su<br \/>\nequipo de colaboradores, especialmente en el \u00e1rea de<br \/>\ncomunicaci\u00f3n social.<br \/>\nAh\u00ed, en el sur, Morena sigue teniendo un impresionante<br \/>\ncrecimiento y eso lo sabe CHUCHO NADER. Ante tal panorama, lo<br \/>\nm\u00e1s seguro es que mejor impulse a PEPE SCHEKAIB\u00c1N como<br \/>\ncandidato panista.<br \/>\nPorque si CHUCHO es candidato y pierde, hasta ah\u00ed llegar\u00eda su<br \/>\ncarrera pol\u00edtica.<br \/>\nNo olvidemos que, en el PAN, donde ahorita hay un tremendo<br \/>\nconflicto, hay tribus que ser\u00edan felices si el hoy diputado federal<br \/>\nfuera candidato y perdiera. Fuego amigo, le llaman.<br \/>\nCambiando de tema, la presidenta CLAUDIA SHEINBAUM dijo que el<br \/>\npr\u00f3ximo lunes presentar\u00e1 el Plan B que plantea la disminuci\u00f3n de<br \/>\ngastos en los congresos locales, disminuci\u00f3n del n\u00famero de<br \/>\nregidores y fortalecer la consulta popular, principalmente.<br \/>\nDijo que se buscar\u00e1 un ahorro de m\u00e1s de 4 mil millones de pesos y<br \/>\nrevel\u00f3 que en algunos estados, como Baja California, cada<br \/>\nlegislador le cuesta al pueblo m\u00e1s de 34 millones de pesos. Qu\u00e9<br \/>\nbarbaridad.<\/p>\n<p>El Plan B consiste en cambios que no requieren reformas<br \/>\nconstitucionales, por lo que con mayor\u00eda simple podr\u00e1n aprobarse<br \/>\npor lo que ya casi es un hecho.<br \/>\nAqu\u00ed, en Tamaulipas, mire usted que el Consejo Ciudadano del<br \/>\nSistema Estatal de Radio y Televisi\u00f3n Tamaulipas (SERTT) lanza la<br \/>\nconsulta ciudadana \u201cEscuchar-nos\u201d.<br \/>\nSe trata de un ejercicio abierto que busca conocer la opini\u00f3n de la<br \/>\npoblaci\u00f3n sobre el desempe\u00f1o, contenidos y funci\u00f3n social de los<br \/>\nmedios p\u00fablicos del estado.<br \/>\nLa Dra. OLGA NACORI L\u00d3PEZ HERN\u00c1NDEZ, presidenta del Consejo<br \/>\nCiudadano del SERTT, inform\u00f3 que esta consulta se realiza<br \/>\nmediante un cuestionario digital de participaci\u00f3n voluntaria y<br \/>\nan\u00f3nima.<br \/>\nY que estar\u00e1 disponible durante tres semanas y est\u00e1 dirigida a<br \/>\npersonas mayores de 15 a\u00f1os residentes en Tamaulipas que<br \/>\nconsumen o podr\u00edan consumir los contenidos de radio y multimedia<br \/>\ndel sistema estatal.<br \/>\nA trav\u00e9s de este instrumento se busca medir la percepci\u00f3n<br \/>\nciudadana en cuatro aspectos fundamentales: la calidad y confianza<br \/>\nen los contenidos, el cumplimiento de los fines p\u00fablicos de la radio,<br \/>\nla inclusi\u00f3n y pluralidad en la programaci\u00f3n, y las expectativas de la<br \/>\nciudadan\u00eda respecto a los medios p\u00fablicos.<br \/>\nLa informaci\u00f3n recabada permitir\u00e1 al Consejo Ciudadano del SERTT<br \/>\nelaborar un informe t\u00e9cnico con recomendaciones orientadas a<br \/>\nmejorar la programaci\u00f3n, fortalecer la relaci\u00f3n con las audiencias y<br \/>\nconsolidar el car\u00e1cter p\u00fablico, plural e incluyente de la radio del<br \/>\nestado.<\/p>\n<p>Los resultados permitir\u00e1n identificar tendencias, \u00e1reas de<br \/>\noportunidad y expectativas de la poblaci\u00f3n, con el fin de fortalecer<br \/>\nla radio p\u00fablica como un espacio de informaci\u00f3n, cultura,<br \/>\nparticipaci\u00f3n y cohesi\u00f3n social.<br \/>\nY la UAT, bajo el liderazgo del rector D\u00c1MASO ANAYA ALVARADO,<br \/>\ncontin\u00faa impulsando acciones orientadas al conocimiento cient\u00edfico<br \/>\ny al desarrollo de talentos, promoviendo oportunidades para que<br \/>\nsus estudiantes participen en escenarios acad\u00e9micos que<br \/>\ncontribuyan a su formaci\u00f3n y crecimiento profesional.<br \/>\nEn ese contexto, tres estudiantes de bachillerato de la Unidad<br \/>\nAcad\u00e9mica Multidisciplinaria Valle Hermoso (UAMVH) se<br \/>\nposicionaron entre los primeros lugares de la Etapa Regional de la<br \/>\nXXXV Olimpiada Nacional de Qu\u00edmica.<br \/>\nCuyo logro les permite integrar la selecci\u00f3n que representar\u00e1 a<br \/>\nTamaulipas en la etapa nacional de este certamen a celebrarse en<br \/>\nabril de 2026, en Hermosillo, Sonora.<br \/>\nEn una destacada participaci\u00f3n, los estudiantes que demostraron<br \/>\nsu excelencia acad\u00e9mica son: M\u00c1XIMO ALEXANDER CASTILLO<br \/>\nGUZM\u00c1N, de sexto semestre, quien obtuvo el primer lugar.<br \/>\nJOS\u00c9 \u00c1NGEL ESCOBEDO CANT\u00da, tambi\u00e9n de sexto semestre, quien<br \/>\nalcanz\u00f3 el segundo lugar; mientras que la tercera posici\u00f3n fue para<br \/>\nLUIS JAIME ESCAMILLA AGUILAR, estudiante de cuarto semestre.<br \/>\nCon la Unidad Acad\u00e9mica Multidisciplinaria Reynosa Aztl\u00e1n de la<br \/>\nUAT como sede, la Etapa Regional Tamaulipas del certamen<br \/>\nnacional congreg\u00f3 a 137 estudiantes de nivel medio superior,<br \/>\nrepresentando a 26 instituciones educativas del estado.<br \/>\nEn esta jornada los participantes evaluaron sus conocimientos con<br \/>\nun examen te\u00f3rico especializado en qu\u00edmica general, fisicoqu\u00edmica<\/p>\n<p>org\u00e1nica y an\u00e1lisis qu\u00edmico, destacando la s\u00f3lida preparaci\u00f3n y<br \/>\ntalento de los j\u00f3venes representantes de la UAT.<br \/>\nEn la capital tamaulipeca y con el fin de facilitar la llegada de nueva<br \/>\ninversi\u00f3n y fuentes de empleo para Victoria, el alcalde EDUARDO<br \/>\nGATT\u00c1S B\u00c1EZ anunci\u00f3 la apertura de ventanilla exclusiva al sector<br \/>\nempresarial para la atenci\u00f3n y orientaci\u00f3n de tr\u00e1mites.<br \/>\nEn reuni\u00f3n con representantes de c\u00e1maras, asociaciones y colegios,<br \/>\ndijo estar convencido que las mejores decisiones se construyen<br \/>\njuntos y el sector empresarial es factor clave de la estrategia para<br \/>\nimpulsar el desarrollo econ\u00f3mico en la Capital de Tamaulipas.<br \/>\nEntre otros acuerdos y propuestas por parte de la CANACO, CMIC,<br \/>\nCOPARMEX, AMPI, CANIETI, la Asociaci\u00f3n de Hoteles y Moteles y<br \/>\nlos colegios de abogados, ingenieros y arquitectos, notarios y de<br \/>\npsicol\u00f3gicos, se escucharon en esta mesa de alianzas por el<br \/>\ndesarrollo y bienestar de Victoria.<br \/>\nEl Gobierno Municipal present\u00f3 el proyecto \u201cQu\u00e9date en Victoria,<br \/>\nla capital de Tamaulipas\u201d, las actividades recreativas de Victoria<br \/>\npara esta Semana Santa y entreg\u00f3 el mantel tur\u00edstico para su<br \/>\nrevisi\u00f3n y mejoramiento al presidente de la CANIRAC, JES\u00daS<br \/>\nARNOLDO G\u00d3MEZ GONZ\u00c1LEZ.<br \/>\nEs todo por hoy. Muchas gracias por leer.<br \/>\nCorreo electr\u00f3nico: jaimeluissoto@hotmail.com<\/p>\n","protected":false},"excerpt":{"rendered":"<p>TIEMPO Y ESPACIO Por Jaime Luis Soto. El mi\u00e9rcoles pasado, poco despu\u00e9s de las tres y media de la tarde, el diputado federal y exalcalde de Tampico, CHUCHO NADER, public\u00f3 en sus redes sociales una fotograf\u00eda en donde informa que vot\u00f3 en contra de la Reforma Electoral. Obvio que lo iba a hacer pues, se [&hellip;]<\/p>\n","protected":false},"author":1,"featured_media":214847,"comment_status":"closed","ping_status":"closed","sticky":false,"template":"","format":"standard","meta":{"footnotes":""},"categories":[16],"tags":[],"class_list":["post-220278","post","type-post","status-publish","format-standard","has-post-thumbnail","hentry","category-opinion"],"_links":{"self":[{"href":"https:\/\/www.elsinodaldetamaulipas.com.mx\/index.php?rest_route=\/wp\/v2\/posts\/220278","targetHints":{"allow":["GET"]}}],"collection":[{"href":"https:\/\/www.elsinodaldetamaulipas.com.mx\/index.php?rest_route=\/wp\/v2\/posts"}],"about":[{"href":"https:\/\/www.elsinodaldetamaulipas.com.mx\/index.php?rest_route=\/wp\/v2\/types\/post"}],"author":[{"embeddable":true,"href":"https:\/\/www.elsinodaldetamaulipas.com.mx\/index.php?rest_route=\/wp\/v2\/users\/1"}],"replies":[{"embeddable":true,"href":"https:\/\/www.elsinodaldetamaulipas.com.mx\/index.php?rest_route=%2Fwp%2Fv2%2Fcomments&post=220278"}],"version-history":[{"count":1,"href":"https:\/\/www.elsinodaldetamaulipas.com.mx\/index.php?rest_route=\/wp\/v2\/posts\/220278\/revisions"}],"predecessor-version":[{"id":220281,"href":"https:\/\/www.elsinodaldetamaulipas.com.mx\/index.php?rest_route=\/wp\/v2\/posts\/220278\/revisions\/220281"}],"wp:featuredmedia":[{"embeddable":true,"href":"https:\/\/www.elsinodaldetamaulipas.com.mx\/index.php?rest_route=\/wp\/v2\/media\/214847"}],"wp:attachment":[{"href":"https:\/\/www.elsinodaldetamaulipas.com.mx\/index.php?rest_route=%2Fwp%2Fv2%2Fmedia&parent=220278"}],"wp:term":[{"taxonomy":"category","embeddable":true,"href":"https:\/\/www.elsinodaldetamaulipas.com.mx\/index.php?rest_route=%2Fwp%2Fv2%2Fcategories&post=220278"},{"taxonomy":"post_tag","embeddable":true,"href":"https:\/\/www.elsinodaldetamaulipas.com.mx\/index.php?rest_route=%2Fwp%2Fv2%2Ftags&post=220278"}],"curies":[{"name":"wp","href":"https:\/\/api.w.org\/{rel}","templated":true}]}}