{"id":220280,"date":"2026-03-12T21:19:44","date_gmt":"2026-03-13T01:19:44","guid":{"rendered":"https:\/\/www.elsinodaldetamaulipas.com.mx\/?p=220280"},"modified":"2026-03-12T21:19:44","modified_gmt":"2026-03-13T01:19:44","slug":"isidro-suelta-al-pt-antes-de-que-se-hunda","status":"publish","type":"post","link":"https:\/\/www.elsinodaldetamaulipas.com.mx\/?p=220280","title":{"rendered":"ISIDRO SUELTA AL PT, ANTES DE QUE SE HUNDA"},"content":{"rendered":"<p>A MI MANERA<\/p>\n<p>Por Tello Montes<\/p>\n<p>&nbsp;<\/p>\n<ul class=\"wp-block-list\">\n<li><em><strong>Matamoros alista Playa Bagdad para Semana Santa con mejor infraestructura.<\/strong><\/em><\/li>\n<\/ul>\n<p>En pol\u00edtica, nadie se mueve por casualidad. Y cuando un actor empieza a tomar distancia del partido que lo llev\u00f3 al poder, lo que est\u00e1 haciendo no es un ajuste menor: est\u00e1 cuidando su futuro.<\/p>\n<p>Eso es lo que hoy parece estar haciendo el diputado local Isidro Vargas Fern\u00e1ndez, quien lleg\u00f3 al Congreso de Tamaulipas siglado por el PT, pero que ahora ya comenz\u00f3 a recargarse en Morena para no quedarse fuera de la jugada interna rumbo a la alcald\u00eda de Matamoros en el 2027.<\/p>\n<p>La raz\u00f3n de fondo es clara: el PT podr\u00eda quedar fuera, o al menos debilitado, en la futura alianza con Morena, luego de haberle regateado respaldo a la reforma electoral impulsada por la presidenta Claudia Sheinbaum.<\/p>\n<p>Y en pol\u00edtica, cuando un partido se desmarca de una iniciativa presidencial, la factura puede llegar m\u00e1s temprano que tarde.<\/p>\n<p>Isidro ya ley\u00f3 esa se\u00f1al.<\/p>\n<p>Por eso hoy defiende su identidad morenista, minimiza el peso del PT y remarca que los votos que lo llevaron al Congreso fueron mayoritariamente de Morena.<\/p>\n<p>En pocas palabras, ya entendi\u00f3 que si el PT se enfr\u00eda o se rompe con el bloque guinda rumbo al 2027, \u00e9l no quiere hundirse con esas siglas.<\/p>\n<p>Y menos cuando su apuesta pol\u00edtica parece estar puesta en algo mayor.<\/p>\n<p>Porque la sucesi\u00f3n de Matamoros no se va a jugar en el PT. Se va a jugar dentro de Morena. Y para entrar a esa competencia, Isidro necesita dejar de verse como una carta prestada del Partido del Trabajo y empezar a venderse como un cuadro propio del morenismo.<\/p>\n<p>De ah\u00ed su prisa.<\/p>\n<p>De ah\u00ed el distanciamiento.<\/p>\n<p>De ah\u00ed el feo al PT.<\/p>\n<p>Al final, aqu\u00ed no estamos viendo un debate de convicciones, sino una maniobra de supervivencia pol\u00edtica. Isidro Vargas ya oli\u00f3 que el PT puede dejar de ser \u00fatil en la pr\u00f3xima contienda, y por eso<\/p>\n<p>comenz\u00f3 a moverse con tiempo para no quedarse fuera del reparto rumbo al 2027.<\/p>\n<p>Porque en pol\u00edtica, el que no se acomoda a tiempo, se queda fuera.<\/p>\n<p>POR OTRO LADO\u2026, La Universidad Aut\u00f3noma de Tamaulipas sigue fortaleciendo el talento acad\u00e9mico de sus estudiantes, y prueba de ello es que tres alumnos de bachillerato de la Unidad Acad\u00e9mica Multidisciplinaria Valle Hermoso lograron su pase a la etapa nacional de la XXXV Olimpiada Nacional de Qu\u00edmica.<\/p>\n<p>Los j\u00f3venes que integrar\u00e1n la selecci\u00f3n de Tamaulipas son M\u00e1ximo Alexander Castillo Guzm\u00e1n, quien obtuvo el primer lugar; Jos\u00e9 \u00c1ngel Escobedo Cant\u00fa, con el segundo; y Luis Jaime Escamilla Aguilar, quien alcanz\u00f3 la tercera posici\u00f3n.<\/p>\n<p>La etapa regional se realiz\u00f3 en la UAM Reynosa Aztl\u00e1n, con la participaci\u00f3n de 137 estudiantes de 26 instituciones de nivel medio superior de todo el estado.<\/p>\n<p>Tras este resultado, los alumnos continuar\u00e1n su preparaci\u00f3n acad\u00e9mica rumbo a la fase nacional, que se celebrar\u00e1 en abril de 2026 en Hermosillo, Sonora, con el respaldo de docentes de la UAT.<\/p>\n<p>Y PARA CERRAAR\u2026, El Gobierno Municipal de Matamoros avanza en la preparaci\u00f3n de Playa Bagdad para recibir a miles de visitantes durante Semana Santa, con obras de mejora en infraestructura y servicios.<\/p>\n<p>El alcalde Beto Granados inform\u00f3 que se contar\u00e1 con 20 caba\u00f1as rehabilitadas y una nueva techumbre construida con materiales anticorrosivos para mayor durabilidad y comodidad de los turistas.<\/p>\n<p>Adem\u00e1s, se realizan trabajos de mantenimiento en la red hidr\u00e1ulica, rehabilitaci\u00f3n de cisterna y cuarto de bombas, as\u00ed como adecuaci\u00f3n de accesos y delimitaci\u00f3n de carriles para dar mayor seguridad al tr\u00e1nsito vehicular.<\/p>\n<p>Como parte del Festival del Mar, el 3 de abril se realizar\u00e1 la coronaci\u00f3n de la Reina o Rey de la fiesta, y el 4 de abril se presentar\u00e1 el grupo Pesado. Tambi\u00e9n habr\u00e1 actividades deportivas, concursos de arena y eventos para pescadores.<\/p>\n<p>En materia de seguridad, se implementar\u00e1 un operativo permanente en carreteras y accesos a la playa para garantizar la protecci\u00f3n de los visitantes.<\/p>\n<p>Con estas acciones, Matamoros busca recibir en mejores condiciones al turismo regional y fortalecer la promoci\u00f3n de Playa Bagdad.<\/p>\n","protected":false},"excerpt":{"rendered":"<p>A MI MANERA Por Tello Montes &nbsp; Matamoros alista Playa Bagdad para Semana Santa con mejor infraestructura. En pol\u00edtica, nadie se mueve por casualidad. Y cuando un actor empieza a tomar distancia del partido que lo llev\u00f3 al poder, lo que est\u00e1 haciendo no es un ajuste menor: est\u00e1 cuidando su futuro. Eso es lo [&hellip;]<\/p>\n","protected":false},"author":1,"featured_media":213390,"comment_status":"closed","ping_status":"closed","sticky":false,"template":"","format":"standard","meta":{"footnotes":""},"categories":[16],"tags":[],"class_list":["post-220280","post","type-post","status-publish","format-standard","has-post-thumbnail","hentry","category-opinion"],"_links":{"self":[{"href":"https:\/\/www.elsinodaldetamaulipas.com.mx\/index.php?rest_route=\/wp\/v2\/posts\/220280","targetHints":{"allow":["GET"]}}],"collection":[{"href":"https:\/\/www.elsinodaldetamaulipas.com.mx\/index.php?rest_route=\/wp\/v2\/posts"}],"about":[{"href":"https:\/\/www.elsinodaldetamaulipas.com.mx\/index.php?rest_route=\/wp\/v2\/types\/post"}],"author":[{"embeddable":true,"href":"https:\/\/www.elsinodaldetamaulipas.com.mx\/index.php?rest_route=\/wp\/v2\/users\/1"}],"replies":[{"embeddable":true,"href":"https:\/\/www.elsinodaldetamaulipas.com.mx\/index.php?rest_route=%2Fwp%2Fv2%2Fcomments&post=220280"}],"version-history":[{"count":1,"href":"https:\/\/www.elsinodaldetamaulipas.com.mx\/index.php?rest_route=\/wp\/v2\/posts\/220280\/revisions"}],"predecessor-version":[{"id":220282,"href":"https:\/\/www.elsinodaldetamaulipas.com.mx\/index.php?rest_route=\/wp\/v2\/posts\/220280\/revisions\/220282"}],"wp:featuredmedia":[{"embeddable":true,"href":"https:\/\/www.elsinodaldetamaulipas.com.mx\/index.php?rest_route=\/wp\/v2\/media\/213390"}],"wp:attachment":[{"href":"https:\/\/www.elsinodaldetamaulipas.com.mx\/index.php?rest_route=%2Fwp%2Fv2%2Fmedia&parent=220280"}],"wp:term":[{"taxonomy":"category","embeddable":true,"href":"https:\/\/www.elsinodaldetamaulipas.com.mx\/index.php?rest_route=%2Fwp%2Fv2%2Fcategories&post=220280"},{"taxonomy":"post_tag","embeddable":true,"href":"https:\/\/www.elsinodaldetamaulipas.com.mx\/index.php?rest_route=%2Fwp%2Fv2%2Ftags&post=220280"}],"curies":[{"name":"wp","href":"https:\/\/api.w.org\/{rel}","templated":true}]}}