{"id":220286,"date":"2026-03-12T22:15:47","date_gmt":"2026-03-13T02:15:47","guid":{"rendered":"https:\/\/www.elsinodaldetamaulipas.com.mx\/?p=220286"},"modified":"2026-03-12T22:16:26","modified_gmt":"2026-03-13T02:16:26","slug":"quedaran-huerfanos-ahijados-de-amlo","status":"publish","type":"post","link":"https:\/\/www.elsinodaldetamaulipas.com.mx\/?p=220286","title":{"rendered":"\u00bfQUEDAR\u00c1N HU\u00c9RFANOS AHIJADOS DE AMLO?"},"content":{"rendered":"<p><strong><em>Si antes no las pudieron,<\/em><\/strong><\/p>\n<p><strong><em>con \u201cpadrino\u201d poderoso,<\/em><\/strong><\/p>\n<p><strong><em>hoy que est\u00e1 desastroso, <\/em><\/strong><\/p>\n<p><strong><em>de sue\u00f1os se despidieron\u2026<\/em><\/strong><\/p>\n<p><strong><em>\u00a0<\/em><\/strong><\/p>\n<p><strong><em>Don AMLO y sus \u201cahijados\u201d,<\/em><\/strong><\/p>\n<p><strong><em>cada vez se van diezmando<\/em><\/strong><\/p>\n<p><strong><em>y sus proyectos fracasando;<\/em><\/strong><\/p>\n<p><strong><em>de la c\u00faspide son bajados\u2026<\/em><\/strong><\/p>\n<p>&nbsp;<\/p>\n<p>Hasta el momento, nadie lo quiere reconocer en p\u00fablico, pero por debajo de la mesa las patadas est\u00e1n feroces, criminales y muy brutales entre quienes se dicen los \u201cahijados\u201d del expresidente <strong>ANDR\u00c9S MANUEL L\u00d3PEZ OBRADOR<\/strong> y los neomorenistas y\/o los llamados \u201cclaudistas\u201d.<\/p>\n<p>Guste o no, se acepte o no, el expresidente <strong>L\u00d3PEZ OBRADOR<\/strong>, tra\u00eda muchas ganas de regresar a la actividad p\u00fablica y ya la andaba \u201cpegando\u201d luego de sacar su libro \u201cGrandeza\u201d, para mantenerse vigente\u2026 \u00a1<strong><em>Ufff<\/em><\/strong>!<\/p>\n<p>El problema al que se enfrent\u00f3 el creador de la Cuarta Transformaci\u00f3n es que cuando estaba en el poder, por andar controlando a los opositores, cr\u00edticos y periodistas, desde \u201cLa Ma\u00f1anera\u201d de Palacio Nacional, se le \u201colvid\u00f3\u201d controlar a los integrantes de su \u201ccuadro chico\u201d, amarrarle las manos y por eso todo se fue a \u201cLa Chingada\u201d.<\/p>\n<p>Claramente se evidenci\u00f3 que aquella narrativa de \u201cprimero los pobres\u201d, \u201cno robar, no mentir y no traicionar\u201d, \u201cabrazos, no balazos\u201d; qued\u00f3 dinamitada, destruida, pulverizada. S\u00f3lo que, parad\u00f3jicamente, no se la destruy\u00f3 la Oposici\u00f3n, sino los mismos integrantes del \u201ccuadro chicho\u201d, esos que realmente tienen ADN \u201cAmloveista\u201d\u2026 \u00a1<strong><em>Ufff<\/em><\/strong>!<\/p>\n<p>Hay constancia clara de que fueron los esc\u00e1ndalos de personajes muy cercanos \u2014a los que <strong>AMLO<\/strong> les dio demasiado juego\u2014 los que al final le \u201creventaron\u201d sus deseos de regresar al poder, con sus nexos inconfesables, olor a gasolina o conductas fif\u00eds; cancelando la intenci\u00f3n de mantener parte del control del pa\u00eds a trav\u00e9s de sus \u201clistas\u201d de candidatos para la C\u00e1mara de Diputados, gubernaturas, alcald\u00edas y diputaciones locales\u2026 \u00a1<strong><em>Ch\u00fapale pich\u00f3n<\/em><\/strong>!<\/p>\n<p>La pregunta que se hacen en este momento al interior del Movimiento de Regeneraci\u00f3n Nacional (Morena) es: \u00bfQuedar\u00e1n hu\u00e9rfanos los \u201cahijados\u201d de <strong>AMLO<\/strong> o se les dar\u00e1 jugada para el 2027\u2026?<\/p>\n<p>Se est\u00e1n conjugando varios factores para que los \u201cahijados\u201d de <strong>AMLO<\/strong> queden fuera y que sus nombres ni siquiera aparezcan en ap\u00f3crifas listas de competidores y los factores van desde el rechazo a la reforma electoral, como el \u201cfuego amigo\u201d que se ha detonado en contra del Gobierno de Tamaulipas y del propio Gobierno federal.<\/p>\n<p>Por ejemplo, los \u201csobrinos olvidados\u201d del expresidente <strong>AMLO<\/strong> en Tamaulipas, es decir los diputados, <strong>\u00daRSULA PATRICIA SALAZAR MOJICA<\/strong>, legisladora local del Distrito 21 y <strong>JOS\u00c9 BRA\u00d1A MOJICA<\/strong>, legislador federal del distrito 05, ambos de Morena, ser\u00edan los primeros \u201chu\u00e9rfanos\u201d\u2026<\/p>\n<p>Y aunque BRA\u00d1A vot\u00f3 a favor de la reforma electoral, \u00bfqui\u00e9n sabe si eso le baste para mantenerse chupando la ubre presupuestal despu\u00e9s del 2027\u2026 \u00a1<strong><em>Zaaas culebra<\/em><\/strong>!<\/p>\n<p>Aunque ambos \u201csobrinos olvidados\u201d tienen todo el derecho a suspirar, lo cierto es que, si se les despoja de la marca guinda, no ganan ni la casilla en donde viven, por muchas fotos que se tomen con personajes encumbrados o pre-destapes \u201cmamalones\u201d disfrazados de mega-cumplea\u00f1os divorciados de esa austeridad, que tanto gustan pregonar en la Cuarta Transformaci\u00f3n\u2026 \u00a1<strong><em>Qu\u00e9 gacho Tacho<\/em><\/strong>!<\/p>\n<p>Pero eso no es todo, en redes sociales y en grupos de WhatsApp, abiertamente hay una campa\u00f1a en contra de las pol\u00edticas del Gobierno de Tamaulipas, como por ejemplo la concesi\u00f3n de la carretera Rumbo Nuevo.<\/p>\n<p>Ya no es \u201cfuego amigo\u201d, es abierta campa\u00f1a que busca desacreditar la concesi\u00f3n, emple\u00e1ndola como una forma de que los \u201cahijados\u201d de <strong>AMLO<\/strong> puedan ser visibilizados para que sean tomados en cuenta\u2026 \u00bf<strong><em>Ser\u00e1<\/em><\/strong>?<\/p>\n<p>Recientemente todos los \u201cahijados\u201d se auto \u201cacalambraron\u201d, sudaron fr\u00edo y hasta les temblaron las corvas luego de que trascendiera que su \u201cpadrino\u201d <strong>AMLO<\/strong> no estaba muy bien de salud que digamos. Y aunque la especie fue desmentida, el \u201cda\u00f1o psicol\u00f3gico\u201d que muchos \u201cAmlovers\u201d sufrieron en Tamaulipas, no se lo curaron ni con tragos de agua con az\u00facar, barridas de albahaca o palo hediondo\u2026 \u00a1<strong><em>Zaaas culebra<\/em><\/strong>!<\/p>\n<p>Ya lo he escrito en otras colaboraciones: si cuando <strong>AMLO<\/strong> estuvo en el poder no tuvieron \u201cjugada\u201d, menos tendr\u00e1n jugada ahora y mucho menos si su \u201cpadrino\u201d se jubila permanentemente\u2026 \u00a1<strong><em>\u00cdjoles<\/em><\/strong>!<\/p>\n<p>Si personajes como <strong>AD\u00c1N AUGUSTO L\u00d3PEZ HERN\u00c1NDEZ<\/strong>, <strong>ANDY L\u00d3PEZ BELTR\u00c1N<\/strong>, <strong>GERARDO FERN\u00c1NDEZ NORO\u00d1A<\/strong> y varios tabasque\u00f1os fueron lanzados \u201cvivos\u201d al pozo de los leones medi\u00e1ticos, por lo que peligran sus respectivos futuros pol\u00edticos, qu\u00e9 podr\u00edan esperar simples mortales tamaulipecos que sue\u00f1an un d\u00eda con ingresar a las grandes ligas de la \u201cubre presupuestal oficial\u201d, pero no cargan nada en el morral o m\u00e1s bien ni morral cargan; y s\u00f3lo atinan a sostener campa\u00f1itas en redes sociales, lanzando dagas medi\u00e1ticas a la estructura del Gobierno de Tamaulipas y sus pol\u00edticas p\u00fablicas para ver si as\u00ed los visibilizan\u2026 \u00a1<strong><em>Ufff<\/em><\/strong>!<\/p>\n<p>Tras darse a conocer el calendario electoral de Morena, las preguntas obligadas son: \u00bfquedar\u00e1n hu\u00e9rfanos o ya lo est\u00e1n, los \u201cahijados\u201d de AMLO\u2026? Todav\u00eda tienen tiempo para desmarcarse, aunque desde hace tiempo se agacharon y ense\u00f1aron los chones\u2026 \u00a1<strong><em>Ostias t\u00edo de la Virgen santa<\/em><\/strong>!<\/p>\n<p>En otro tema\u2026 La Universidad Aut\u00f3noma de Tamaulipas (UAT), bajo el liderazgo del rector <strong>D\u00c1MASO ANAYA ALVARADO<\/strong>, contin\u00faa impulsando acciones orientadas al conocimiento cient\u00edfico y al desarrollo de talentos, promoviendo oportunidades para que sus estudiantes participen en escenarios acad\u00e9micos que contribuyan a su formaci\u00f3n y crecimiento profesional.<\/p>\n<p>En ese contexto, tres estudiantes de bachillerato de la Unidad Acad\u00e9mica Multidisciplinaria Valle Hermoso (UAMVH) se posicionaron entre los primeros lugares de la Etapa Regional de la XXXV Olimpiada Nacional de Qu\u00edmica, cuyo logro les permite integrar la selecci\u00f3n que representar\u00e1 a Tamaulipas en la etapa nacional de este certamen a celebrarse en abril de 2026, en Hermosillo, Sonora.<\/p>\n<p>En una destacada participaci\u00f3n, los estudiantes que demostraron su excelencia acad\u00e9mica son: <strong>M\u00c1XIMO ALEXANDER CASTILLO GUZM\u00c1N<\/strong>, de sexto semestre, quien obtuvo el primer lugar; <strong>JOS\u00c9 \u00c1NGEL ESCOBEDO CANT\u00da<\/strong>, tambi\u00e9n de sexto semestre, quien alcanz\u00f3 el segundo lugar; mientras que la tercera posici\u00f3n fue para <strong>LUIS JAIME ESCAMILLA AGUILAR<\/strong>, estudiante de cuarto semestre.<\/p>\n<p>Con la Unidad Acad\u00e9mica Multidisciplinaria Reynosa Aztl\u00e1n de la UAT como sede, la Etapa Regional Tamaulipas del certamen nacional congreg\u00f3 a 137 estudiantes de nivel medio superior, representando a 26 instituciones educativas del estado.<\/p>\n<p>De cara a la siguiente etapa, los alumnos seleccionados continuar\u00e1n su preparaci\u00f3n con el acompa\u00f1amiento de docentes de la UAM Reynosa Aztl\u00e1n, quienes estar\u00e1n a cargo del proceso de entrenamiento acad\u00e9mico rumbo a la competencia nacional\u2026 \u00a1<strong><em>Enhorabuena<\/em><\/strong>!<\/p>\n<p><strong>LA GRILLOTINA: DICHOS Y DESDICHOS<\/strong><\/p>\n<p><strong>++ANDAN DICIENDO QUE\u2026<\/strong> En la enorme crisis de credibilidad que pasa el Instituto Mexicano del Seguro Social (IMSS) en Tamaulipas, por los presuntos actos de corrupci\u00f3n, el desabasto de medicamentos y la p\u00e9sima atenci\u00f3n m\u00e9dica que ha ocasionado la muerte de varios derechohabientes \u2014entre ellos un periodista\u2014, el Consejo Consultivo tiene mucha culpa o enorme responsabilidad\u2026 <strong>CUENTAN QUE\u2026<\/strong> De acuerdo con la denuncia p\u00fablica, a trav\u00e9s de una entrevista, el regidor del Movimiento de Regeneraci\u00f3n Nacional (Morena) de Tampico, <strong>GREGORIO PEGO CRUZ<\/strong>, hizo ver que \u201cel Consejo Consultivo est\u00e1 corrompido\u201d, peg\u00e1ndole directamente a la Secretar\u00eda de Salud de Tamaulipas, cuyo titular es <strong>VICENTE HERN\u00c1NDEZ NAVARRO<\/strong>, pues dicho Consejo fue conformado para ver que las cosas en el IMSS se manejen con transparencia y en beneficio de la derechohabiencia\u2026 <strong>TAMBI\u00c9N CUENTAN QUE\u2026<\/strong> El Consejo Consultivo est\u00e1 presidido por el delegado del IMSS, <strong>JOS\u00c9 LUIS ARANZA AGUILAR<\/strong>, llevando a representantes de las c\u00e1maras empresariales, como la Canaco, los sindicatos y una representaci\u00f3n del Gobierno del Estado, en este caso la Secretar\u00eda de Salud de Tamaulipas\u2026 Y ante tantas fallas del IMSS, por qu\u00e9 ha guardado silencio <strong>VICENTE HERN\u00c1NDEZ<\/strong>\u2026 \u00a1<strong><em>Calla pes\u00e1o<\/em><\/strong>!<\/p>\n<p><strong>++ANDAN DICIENDO QUE\u2026<\/strong> El pre-destape anticipado disfrazado de cumplea\u00f1os del connotado empresario del agua oxigenada y el alcohol isoprop\u00edlico, <strong>JORGE<\/strong> \u201c<strong>Tico<\/strong>\u201d <strong>GARC\u00cdA<\/strong>, gener\u00f3 mucho ruido y nos hacen ver que el victorense nuevamente buscar\u00e1 la Alcald\u00eda, pero por una opci\u00f3n distinta al Movimiento de Regeneraci\u00f3n Nacional (Morena) y el Partido Verde Ecologista de M\u00e9xico (PVEM)\u2026 <strong>CUENTAN QUE\u2026<\/strong> Al parecer los asesores de <strong>TICO<\/strong> ya le volvieron a \u201cbajar la Luna y las estrellas\u201d, pero lo que no le dicen es que cualquiera que busque la Alcald\u00eda de Victoria, se tendr\u00e1 que enfrentar a la s\u00f3lida estructura electoral del alcalde <strong>LALO GATT\u00c1S<\/strong>; que con todo y que \u201c<strong>Tico<\/strong>\u201d <strong>GARC\u00cdA<\/strong>, <strong>MARGGID RODR\u00cdGUEZ<\/strong> y <strong>GERARDO ILLOLDI<\/strong> dejaron solo a <strong>GATT\u00c1S<\/strong> durante el 2024, el hoy Alcalde sac\u00f3 adelante su reelecci\u00f3n y esa misma estructura tambi\u00e9n sac\u00f3 adelante la elecci\u00f3n judicial a la vuelta de a\u00f1o\u2026 <strong>PEEERO<\/strong>\u2026 Cualquiera que piense en Victoria, debe tomar en cuenta que una cosa son las campa\u00f1as medi\u00e1ticas en contra de <strong>GATT\u00c1S B\u00c1EZ<\/strong> y otra cosa muy distinta la estructura electoral que posee y que podr\u00e1 inclinar la balanza en las urnas\u2026 \u00a1<strong><em>Santas Baticlaridades<\/em><\/strong>!<\/p>\n<p><strong>++ANDAN DICIENDO QUE\u2026<\/strong> Tremenda \u201cencueradota\u201d le dio el secretario de Recursos Hidr\u00e1ulicos para el Desarrollo Social, <strong>RA\u00daL QUIROGA \u00c1LVAREZ<\/strong>, al alcalde de R\u00edo Bravo, <strong>MIGUEL \u00c1NGEL ALMARAZ MALDONADO<\/strong>, con eso de la solicitud para que el control y manejo de la Comisi\u00f3n Municipal de Agua Potable y Alcantarillado (Comapa) sea reintegrado al Ayuntamiento\u2026 <strong>CUENTAN QUE\u2026<\/strong> Palabras m\u00e1s, palabras menos,<strong> QUIROGA \u00c1LVAREZ<\/strong> acus\u00f3 que <strong>ALMARAZ MALDONADO<\/strong> no ten\u00eda una \u201craz\u00f3n moral\u201d para sustentar dicha solicitud, toda vez que se niega a pagar una deuda superior a los tres millones de pesos por consumo de agua\u2026 <strong>TAMBI\u00c9N CUENTAN QUE\u2026 <\/strong>El Secretario expondr\u00e1 al Congreso del Estado las condiciones en que recibi\u00f3 la Comapa de R\u00edo Bravo y las actuales para que hagan un comparativo y determinen que el Gobierno de <strong>ALMARAZ MALDONADO<\/strong> no tiene la capacidad para operar la Comapa y, para colmo de males del alcalde de R\u00edo Bravo, el Poder Legislativo es mayoritariamente guinda, contrario a los colores azules, de manera que se antoja dif\u00edcil que le den la raz\u00f3n al Alcalde fronterizo\u2026 \u00a1<strong><em>Muy oj\u00f3n pa\u2019 ser paloma<\/em><\/strong>!<\/p>\n<p>En otro tema\u2026 El alcalde de Ciudad Victoria, <strong>EDUARDO GATT\u00c1S B\u00c1EZ<\/strong>, con el prop\u00f3sito de facilitar la llegada de nueva inversi\u00f3n y fuentes de empleo a la Capital de Tamaulipas, anunci\u00f3 la apertura de una ventanilla exclusiva para el sector empresarial donde se brinde atenci\u00f3n y orientaci\u00f3n de tr\u00e1mites.<\/p>\n<p>En reuni\u00f3n con representantes de c\u00e1maras, asociaciones y colegios, dijo estar convencido que las mejores decisiones se construyen juntos y el sector empresarial es factor clave de la estrategia para impulsar el desarrollo econ\u00f3mico en la Capital de Tamaulipas.<\/p>\n<p>Entre otros acuerdos y propuestas por parte de la CANACO, CMIC, COPARMEX, AMPI, CANIETI, la Asociaci\u00f3n de Hoteles y Moteles y los colegios de abogados, ingenieros y arquitectos, notarios y de psicol\u00f3gicos, se escucharon en esta mesa de alianzas por el desarrollo y bienestar de Victoria.<\/p>\n<p>El Gobierno Municipal con el proyecto \u201c<strong><em>Qu\u00e9date en Victoria, la Capital de Tamaulipas<\/em><\/strong>\u201d, present\u00f3 las actividades recreativas de Victoria para esta Semana Santa y entreg\u00f3 el mantel tur\u00edstico para su revisi\u00f3n y mejoramiento al presidente de la CANIRAC, <strong>JES\u00daS ARNOLDO G\u00d3MEZ GONZ\u00c1LEZ<\/strong>.<\/p>\n<p><strong>GRACIAS\u2026<\/strong> Nos leemos hasta el lunes<\/p>\n<p><strong>COMENTARIOS<\/strong>: <a href=\"mailto:letrasprohibidas2011@hotmail.com\">letrasprohibidas2011@hotmail.com<\/a><\/p>\n<p>&nbsp;<\/p>\n","protected":false},"excerpt":{"rendered":"<p>Si antes no las pudieron, con \u201cpadrino\u201d poderoso, hoy que est\u00e1 desastroso, de sue\u00f1os se despidieron\u2026 \u00a0 Don AMLO y sus \u201cahijados\u201d, cada vez se van diezmando y sus proyectos fracasando; de la c\u00faspide son bajados\u2026 &nbsp; Hasta el momento, nadie lo quiere reconocer en p\u00fablico, pero por debajo de la mesa las patadas est\u00e1n [&hellip;]<\/p>\n","protected":false},"author":1,"featured_media":214894,"comment_status":"closed","ping_status":"closed","sticky":false,"template":"","format":"standard","meta":{"footnotes":""},"categories":[16],"tags":[],"class_list":["post-220286","post","type-post","status-publish","format-standard","has-post-thumbnail","hentry","category-opinion"],"_links":{"self":[{"href":"https:\/\/www.elsinodaldetamaulipas.com.mx\/index.php?rest_route=\/wp\/v2\/posts\/220286","targetHints":{"allow":["GET"]}}],"collection":[{"href":"https:\/\/www.elsinodaldetamaulipas.com.mx\/index.php?rest_route=\/wp\/v2\/posts"}],"about":[{"href":"https:\/\/www.elsinodaldetamaulipas.com.mx\/index.php?rest_route=\/wp\/v2\/types\/post"}],"author":[{"embeddable":true,"href":"https:\/\/www.elsinodaldetamaulipas.com.mx\/index.php?rest_route=\/wp\/v2\/users\/1"}],"replies":[{"embeddable":true,"href":"https:\/\/www.elsinodaldetamaulipas.com.mx\/index.php?rest_route=%2Fwp%2Fv2%2Fcomments&post=220286"}],"version-history":[{"count":1,"href":"https:\/\/www.elsinodaldetamaulipas.com.mx\/index.php?rest_route=\/wp\/v2\/posts\/220286\/revisions"}],"predecessor-version":[{"id":220289,"href":"https:\/\/www.elsinodaldetamaulipas.com.mx\/index.php?rest_route=\/wp\/v2\/posts\/220286\/revisions\/220289"}],"wp:featuredmedia":[{"embeddable":true,"href":"https:\/\/www.elsinodaldetamaulipas.com.mx\/index.php?rest_route=\/wp\/v2\/media\/214894"}],"wp:attachment":[{"href":"https:\/\/www.elsinodaldetamaulipas.com.mx\/index.php?rest_route=%2Fwp%2Fv2%2Fmedia&parent=220286"}],"wp:term":[{"taxonomy":"category","embeddable":true,"href":"https:\/\/www.elsinodaldetamaulipas.com.mx\/index.php?rest_route=%2Fwp%2Fv2%2Fcategories&post=220286"},{"taxonomy":"post_tag","embeddable":true,"href":"https:\/\/www.elsinodaldetamaulipas.com.mx\/index.php?rest_route=%2Fwp%2Fv2%2Ftags&post=220286"}],"curies":[{"name":"wp","href":"https:\/\/api.w.org\/{rel}","templated":true}]}}