{"id":220287,"date":"2026-03-12T22:10:12","date_gmt":"2026-03-13T02:10:12","guid":{"rendered":"https:\/\/www.elsinodaldetamaulipas.com.mx\/?p=220287"},"modified":"2026-03-12T22:10:12","modified_gmt":"2026-03-13T02:10:12","slug":"un-sexenio-dorado-solo-para-24-familias","status":"publish","type":"post","link":"https:\/\/www.elsinodaldetamaulipas.com.mx\/?p=220287","title":{"rendered":"UN SEXENIO DORADO SOLO PARA 24 FAMILIAS"},"content":{"rendered":"<p>Opini\u00f3n Econ\u00f3mica y Financiera.<\/p>\n<p>Dr. Jorge A. Lera Mej\u00eda.<br \/>\nEspecialista en pol\u00edticas p\u00fablicas.<\/p>\n<p>Mientras la econom\u00eda mexicana vivi\u00f3 el sexenio de menor crecimiento desde los a\u00f1os ochenta, los 24 mexicanos m\u00e1s ricos vieron crecer sus fortunas en magnitudes que se miden ya en puntos del PIB, condensando en la c\u00faspide lo que no lleg\u00f3 a la mesa de la mayor\u00eda.<\/p>\n<p>En la \u00faltima edici\u00f3n del listado de multimillonarios de Forbes, M\u00e9xico rompe un r\u00e9cord poco celebrable: nunca antes hab\u00edan aparecido tantos mexicanos en esa exclusiva clasificaci\u00f3n ni hab\u00edan concentrado tanta riqueza.<\/p>\n<p>Hoy son 24 empresarios los que encabezan la c\u00fapula econ\u00f3mica del pa\u00eds, con una fortuna conjunta que ronda los 267 mil 300 millones de d\u00f3lares, tras un salto de m\u00e1s de 60% en solo un a\u00f1o.<\/p>\n<p>Si se mira el periodo que va del sexenio de L\u00f3pez Obrador al primer a\u00f1o de Sheinbaum, el aumento acumulado de la riqueza de este grupo ronda los 256 mil millones de d\u00f3lares: un monto que equivale aproximadamente al 13 o 14% del PIB anual mexicano, considerando que en 2024 la econom\u00eda del pa\u00eds produjo en torno a 1.85 billones de d\u00f3lares.<\/p>\n<p>La aritm\u00e9tica pol\u00edtica resulta inc\u00f3moda: mientras el discurso oficial presum\u00eda el fin del \u201cperiodo neoliberal\u201d, en la pr\u00e1ctica emergi\u00f3 una nueva edad de oro para el capital m\u00e1s concentrado.<\/p>\n<p>Carlos Slim, en particular, consolid\u00f3 su posici\u00f3n como el hombre m\u00e1s rico de M\u00e9xico con una fortuna estimada en alrededor de 125 mil millones de d\u00f3lares en 2026; s\u00f3lo en los a\u00f1os recientes su patrimonio dio un salto de decenas de miles de millones, al grado de explicar por s\u00ed solo cerca de la mitad de la ganancia agregada del club de los 24.<\/p>\n<p>Traducido a cuentas nacionales, el incremento patrimonial de un solo individuo en este ciclo de la 4T representa varios puntos porcentuales del PIB: lo que en la econom\u00eda real supone el valor anual de ramas completas como la electricidad, la miner\u00eda o buena parte de la construcci\u00f3n.<\/p>\n<p>El contraste con el desempe\u00f1o de la econom\u00eda en su conjunto no podr\u00eda ser m\u00e1s claro. De acuerdo con distintos recuentos, entre 2018 y 2024 el PIB de M\u00e9xico creci\u00f3 menos de 5% acumulado, lo que implica una tasa promedio anual en el entorno de 0.8\u20131%, el menor crecimiento sexenal desde la administraci\u00f3n de Miguel de la Madrid.<\/p>\n<p>Incluso si se matiza por el golpe de la pandemia, el dato es contundente: seis a\u00f1os despu\u00e9s, el PIB per c\u00e1pita apenas vuelve a niveles similares a los de 2018\u20132019, muy lejos de cualquier narrativa de \u201cmilagro\u201d o transformaci\u00f3n estructural.<\/p>\n<p>La cifra de 2024 es elocuente: se estima un crecimiento en torno a 1.6%, claramente insuficiente para elevar de manera sostenida el nivel de vida promedio de la poblaci\u00f3n.<\/p>\n<p>En el terreno del empleo formal las autoridades presumen r\u00e9cord tras r\u00e9cord: al cierre de 2024, el IMSS reporta alrededor de 22.6 millones de puestos de trabajo asegurados, la cifra m\u00e1s alta desde que se tiene registro.<\/p>\n<p>Es cierto que se trata de un logro importante en t\u00e9rminos absolutos, pero tambi\u00e9n lo es que la tasa de crecimiento anual del empleo formal se mueve alrededor de 2\u20133%, acompasada con una econom\u00eda que apenas avanza y, sobre todo, con un mercado laboral que sigue expulsando trabajadores al sector informal o a la migraci\u00f3n.<\/p>\n<p>El salario promedio de los asegurados ha tenido aumentos nominales relevantes, apoyados en los incrementos al salario m\u00ednimo, pero chocan contra una inflaci\u00f3n persistente y contra la precariedad de millones de empleos que no llegan a cubrir la canasta alimentaria; la pobreza laboral se resiste a ceder.<\/p>\n<p>As\u00ed, mientras la cima de la pir\u00e1mide vive un verdadero boom patrimonial que se mide en centenares de miles de millones de d\u00f3lares, la base observa un pa\u00eds que pr\u00e1cticamente no crece, que apenas crea los empleos formales necesarios para no ir hacia atr\u00e1s y en el que el ingreso per c\u00e1pita se mantiene casi est\u00e1tico.<\/p>\n<p>La fotograf\u00eda del sexenio y del arranque del nuevo gobierno no es la de una econom\u00eda que reparte mejor, sino la de una concentraci\u00f3n extrema: 24 fortunas que aumentan en una d\u00e9cada lo que el resto del pa\u00eds no logra mover en su ingreso medio, y un Estado que, pese al discurso igualitarista, no ha logrado o no ha querido convertir el dinamismo de esas grandes riquezas en un motor efectivo de crecimiento, empleo y bienestar para la mayor\u00eda.<\/p>\n","protected":false},"excerpt":{"rendered":"<p>Opini\u00f3n Econ\u00f3mica y Financiera. Dr. Jorge A. Lera Mej\u00eda. Especialista en pol\u00edticas p\u00fablicas. Mientras la econom\u00eda mexicana vivi\u00f3 el sexenio de menor crecimiento desde los a\u00f1os ochenta, los 24 mexicanos m\u00e1s ricos vieron crecer sus fortunas en magnitudes que se miden ya en puntos del PIB, condensando en la c\u00faspide lo que no lleg\u00f3 a [&hellip;]<\/p>\n","protected":false},"author":1,"featured_media":215025,"comment_status":"closed","ping_status":"closed","sticky":false,"template":"","format":"standard","meta":{"footnotes":""},"categories":[16],"tags":[],"class_list":["post-220287","post","type-post","status-publish","format-standard","has-post-thumbnail","hentry","category-opinion"],"_links":{"self":[{"href":"https:\/\/www.elsinodaldetamaulipas.com.mx\/index.php?rest_route=\/wp\/v2\/posts\/220287","targetHints":{"allow":["GET"]}}],"collection":[{"href":"https:\/\/www.elsinodaldetamaulipas.com.mx\/index.php?rest_route=\/wp\/v2\/posts"}],"about":[{"href":"https:\/\/www.elsinodaldetamaulipas.com.mx\/index.php?rest_route=\/wp\/v2\/types\/post"}],"author":[{"embeddable":true,"href":"https:\/\/www.elsinodaldetamaulipas.com.mx\/index.php?rest_route=\/wp\/v2\/users\/1"}],"replies":[{"embeddable":true,"href":"https:\/\/www.elsinodaldetamaulipas.com.mx\/index.php?rest_route=%2Fwp%2Fv2%2Fcomments&post=220287"}],"version-history":[{"count":1,"href":"https:\/\/www.elsinodaldetamaulipas.com.mx\/index.php?rest_route=\/wp\/v2\/posts\/220287\/revisions"}],"predecessor-version":[{"id":220288,"href":"https:\/\/www.elsinodaldetamaulipas.com.mx\/index.php?rest_route=\/wp\/v2\/posts\/220287\/revisions\/220288"}],"wp:featuredmedia":[{"embeddable":true,"href":"https:\/\/www.elsinodaldetamaulipas.com.mx\/index.php?rest_route=\/wp\/v2\/media\/215025"}],"wp:attachment":[{"href":"https:\/\/www.elsinodaldetamaulipas.com.mx\/index.php?rest_route=%2Fwp%2Fv2%2Fmedia&parent=220287"}],"wp:term":[{"taxonomy":"category","embeddable":true,"href":"https:\/\/www.elsinodaldetamaulipas.com.mx\/index.php?rest_route=%2Fwp%2Fv2%2Fcategories&post=220287"},{"taxonomy":"post_tag","embeddable":true,"href":"https:\/\/www.elsinodaldetamaulipas.com.mx\/index.php?rest_route=%2Fwp%2Fv2%2Ftags&post=220287"}],"curies":[{"name":"wp","href":"https:\/\/api.w.org\/{rel}","templated":true}]}}