{"id":220290,"date":"2026-03-12T22:21:42","date_gmt":"2026-03-13T02:21:42","guid":{"rendered":"https:\/\/www.elsinodaldetamaulipas.com.mx\/?p=220290"},"modified":"2026-03-12T22:21:42","modified_gmt":"2026-03-13T02:21:42","slug":"dia-especial-en-el-calendario-politico","status":"publish","type":"post","link":"https:\/\/www.elsinodaldetamaulipas.com.mx\/?p=220290","title":{"rendered":"D\u00cdA ESPECIAL EN EL CALENDARIO POL\u00cdTICO"},"content":{"rendered":"<p>C R O N I C A S\u00a0\u00a0\u00a0 P O L I T I C A S<\/p>\n<p><strong>Por Alberto Guerra Salazar<\/strong><\/p>\n<p>&nbsp;<\/p>\n<p><strong>CIUDAD VICTORIA, (ASI).\u2014 No lo parece, pero este d\u00eda es especial en el calendario pol\u00edtico de Tamaulipas pues es la fecha en que el Gobernador del Estado presenta su informe anual de actividades, para cumplir un mandato constitucional que habla de transparencia y rendici\u00f3n de cuentas. \u00a0<\/strong><\/p>\n<p><strong>Pero estamos hablando de un simbolismo pues es una fecha cambiante y el informe deja muchas veces m\u00e1s dudas que certezas, sobre todo cuando se trata de un mandatario tipo Cabeza de Vaca.<\/strong><\/p>\n<p><strong>T\u00e9cnicamente, hoy se entrega el informe 2026 del Gobernador, en una ceremonia a la que anuncian como solemne, aunque ser\u00e1 hasta dentro de diez d\u00edas, el lunes 23 de marzo, cuando ocurra la comparecencia del mandatario ante el tambi\u00e9n llamado H. (suponemos de Honorable) Congreso local, para leer el documento, bueno, una s\u00edntesis.<\/strong><\/p>\n<p><strong>Un emisario del Gobernador visitar\u00e1 hoy la sede legislativa para entregar un paquete de libros que se supone contienen la informaci\u00f3n completa del quehacer cotidiano anual del titular del poder ejecutivo estatal.<\/strong><\/p>\n<p><strong>Son libros que los diputados dejan a un lado pues no tienen el h\u00e1bito de la lectura, menos de ciencia ficci\u00f3n.<\/strong><\/p>\n<p><strong>Otra nota de humor involuntario la leemos en un bolet\u00edn de un llamado Consejo Ciudadano del Sistema Estatal de Radio y Televisi\u00f3n Tamaulipas, donde anuncian que har\u00e1n una consulta popular sobre los contenidos de Radio Tamaulipas.<\/strong><\/p>\n<p><strong>Se informa en ese bolet\u00edn que preguntar\u00e1n a la ciudadan\u00eda su opini\u00f3n sobre el desempe\u00f1o, contenido y funci\u00f3n social \u201cde los medios p\u00fablicos del Estado\u201d, aunque se refiere \u00fanicamente a Radio Tamaulipas.<\/strong><\/p>\n<p><strong>No queremos ser aguafiestas, pero creemos que batallar\u00e1n los encuestadores para conseguir personas que conozcan de Radio Tamaulipas y menos de sus contenidos, pues se trata de una entelequia que el gobierno mantiene a gran costo pero s\u00f3lo por ser una obligaci\u00f3n institucional.<\/strong><\/p>\n<p><strong>Alguna vez visitamos las instalaciones de Radio Tamaulipas y eran puras ruinas, equipo obsoleto, anacr\u00f3nico, lleno de telara\u00f1as, con repetidoras \u201cca\u00eddas\u201d, fuera de servicio, para ponerse a llorar.<\/strong><\/p>\n<p><strong>Una buena noticia surgi\u00f3 en Nuevo Laredo con el anuncio de la entrega de un paquete veh\u00edcular a la Direcci\u00f3n de Protecci\u00f3n Civil y Bomberos, con un costo superior a los 30 millones de pesos.<\/strong><\/p>\n<p><strong>La presidenta municipal Carmen Lilia Cant\u00farosas Villarreal destac\u00f3 que con este nuevo equipamiento permitir\u00e1 mejorar la movilidad, atenci\u00f3n y combate de emergencias en distintos puntos de la ciudad.<\/strong><\/p>\n<p><strong>Se trata de 20 camionetas Ford Rangel XL modelo 2025, para reforzar la movilidad y respuesta r\u00e1pida de las cuadrillas de emergencia, as\u00ed como una apagadora Freightliner modelo M2 106 a\u00f1o 2026, unidad especializada para el combate de incendios de gran magnitud.<\/strong><\/p>\n<p><strong>Carmen Lilia reconoci\u00f3 el trabajo del personal de la corporaci\u00f3n y agradeci\u00f3 las palabras de la Comandante Teresa Casta\u00f1eeda Carmona, quien habl\u00f3 en representaci\u00f3n del heroico cuerpo de bomberos y de protecci\u00f3n civil.<\/strong><\/p>\n<p><strong>Esta dotaci\u00f3n forma parte de un programa integral de fortalecimiento institucional que inici\u00f3 el a\u00f1o 2025. En abril se entregaron 170 art\u00edculos de equipamiento y herramientas de protecci\u00f3n con una inversi\u00f3n de 277 mil 905 pesos.<\/strong><\/p>\n<p><strong>Y en agosto de 2025 se dot\u00f3 a la corporaci\u00f3n con 276 equipos especializados, entre ellos kits para bomberos, equipo de recarga de cilindros, mangueras, pitones y equipos de aire aut\u00f3nomo, con una inversi\u00f3n superior a los 20 millones de pesos.<\/strong><\/p>\n<p><strong>M\u00e1s adelante, en noviembre de 2025, se reforz\u00f3 el parque vehicular con cuatro unidades F-150, ambulancias y una unidad Fast-Attack, con una inversi\u00f3n de 12 millones 323 mil 085 presos.<\/strong><\/p>\n<p><strong>Tambi\u00e9n anunci\u00f3 que pr\u00f3ximamente se integrar\u00e1n dos mini bombas Fast-Attack adicionales, con una inversi\u00f3n superior a 7 millones de pesos, destacando que estos avances son resultado del trabajo coordinados entre los distintos nivele de gobierno.<\/strong><\/p>\n<p><strong>\u201dQue Nuevo Laredo sea una ciudad preparada para cualquier emergencia es una tarea que juntos hacemos posible\u201d, concluy\u00f3 diciendo.<\/strong><\/p>\n<p><strong>Por el rumbo de la Universidad Aut\u00f3noma de Tamaulipas, tres estudiantes de bachillerato de la Unidad Acad\u00e9mica Multidisciplinaria Valle Hermoso se posicionaron entre los primeros lugares de la Etapa Regional de la XXXV Olimpiada Nacional de Qu\u00edmica, cuyo logro les permite integrar la selecci\u00f3n que representar\u00e1 a Tamaulipas en la etapa nacional de este certamen, a celebrarse en abril de 2026 en Hermosillo, Sonora.<\/strong><\/p>\n<p><strong>Se trata de los estudiantes M\u00e1ximo Alexander Castillo Guzm\u00e1n, de sexto semestre; Jos\u00e9 \u00c1ngel Escobedo Cant\u00fa y Luis Jaime Escamilla Aguilar.<\/strong><\/p>\n<p><strong>correo electr\u00f3nico:\u00a0<a href=\"mailto:albertoguerra65@hotmail.com\" target=\"_blank\" rel=\"noreferrer noopener\">albertoguerra65@hotmail.com<\/a><\/strong><\/p>\n","protected":false},"excerpt":{"rendered":"<p>C R O N I C A S\u00a0\u00a0\u00a0 P O L I T I C A S Por Alberto Guerra Salazar &nbsp; CIUDAD VICTORIA, (ASI).\u2014 No lo parece, pero este d\u00eda es especial en el calendario pol\u00edtico de Tamaulipas pues es la fecha en que el Gobernador del Estado presenta su informe anual de actividades, [&hellip;]<\/p>\n","protected":false},"author":1,"featured_media":214855,"comment_status":"closed","ping_status":"closed","sticky":false,"template":"","format":"standard","meta":{"footnotes":""},"categories":[16],"tags":[],"class_list":["post-220290","post","type-post","status-publish","format-standard","has-post-thumbnail","hentry","category-opinion"],"_links":{"self":[{"href":"https:\/\/www.elsinodaldetamaulipas.com.mx\/index.php?rest_route=\/wp\/v2\/posts\/220290","targetHints":{"allow":["GET"]}}],"collection":[{"href":"https:\/\/www.elsinodaldetamaulipas.com.mx\/index.php?rest_route=\/wp\/v2\/posts"}],"about":[{"href":"https:\/\/www.elsinodaldetamaulipas.com.mx\/index.php?rest_route=\/wp\/v2\/types\/post"}],"author":[{"embeddable":true,"href":"https:\/\/www.elsinodaldetamaulipas.com.mx\/index.php?rest_route=\/wp\/v2\/users\/1"}],"replies":[{"embeddable":true,"href":"https:\/\/www.elsinodaldetamaulipas.com.mx\/index.php?rest_route=%2Fwp%2Fv2%2Fcomments&post=220290"}],"version-history":[{"count":1,"href":"https:\/\/www.elsinodaldetamaulipas.com.mx\/index.php?rest_route=\/wp\/v2\/posts\/220290\/revisions"}],"predecessor-version":[{"id":220291,"href":"https:\/\/www.elsinodaldetamaulipas.com.mx\/index.php?rest_route=\/wp\/v2\/posts\/220290\/revisions\/220291"}],"wp:featuredmedia":[{"embeddable":true,"href":"https:\/\/www.elsinodaldetamaulipas.com.mx\/index.php?rest_route=\/wp\/v2\/media\/214855"}],"wp:attachment":[{"href":"https:\/\/www.elsinodaldetamaulipas.com.mx\/index.php?rest_route=%2Fwp%2Fv2%2Fmedia&parent=220290"}],"wp:term":[{"taxonomy":"category","embeddable":true,"href":"https:\/\/www.elsinodaldetamaulipas.com.mx\/index.php?rest_route=%2Fwp%2Fv2%2Fcategories&post=220290"},{"taxonomy":"post_tag","embeddable":true,"href":"https:\/\/www.elsinodaldetamaulipas.com.mx\/index.php?rest_route=%2Fwp%2Fv2%2Ftags&post=220290"}],"curies":[{"name":"wp","href":"https:\/\/api.w.org\/{rel}","templated":true}]}}