{"id":220298,"date":"2026-03-13T09:11:46","date_gmt":"2026-03-13T13:11:46","guid":{"rendered":"https:\/\/www.elsinodaldetamaulipas.com.mx\/?p=220298"},"modified":"2026-03-13T09:11:46","modified_gmt":"2026-03-13T13:11:46","slug":"imputado-por-violacion-vinculado-a-proceso","status":"publish","type":"post","link":"https:\/\/www.elsinodaldetamaulipas.com.mx\/?p=220298","title":{"rendered":"IMPUTADO POR VIOLACI\u00d3N VINCULADO A PROCESO"},"content":{"rendered":"<p>EL SINODAL DE TAMAULIPAS<\/p>\n<p>Ciudad Victoria, Tamaulipas.\u2013 El Agente del Ministerio P\u00fablico de la Fiscal\u00eda Especializada en la Investigaci\u00f3n de Delitos contra Ni\u00f1as, Ni\u00f1os y Adolescentes y Delitos Cometidos contra las Mujeres por Raz\u00f3n de G\u00e9nero (FENNAM) present\u00f3 elementos de prueba suficientes para que un Juez de Control vinculara a proceso a Fernando Antonio \u201cG\u201d, por su probable responsabilidad en el delito de Violaci\u00f3n.<\/p>\n<p>La resoluci\u00f3n fue dictada por la autoridad judicial luego de analizar los elementos de prueba presentados por la Representaci\u00f3n Social y determinar que existen datos suficientes para establecer la probable responsabilidad del imputado en hechos registrados el 30 de diciembre de 2025, ocurridos en las instalaciones de un hospital ubicado en la Calzada General Luis Caballero, de esta ciudad.<\/p>\n<p>Asimismo, a petici\u00f3n del Ministerio P\u00fablico, el Juzgador determin\u00f3 imponer al imputado la medida cautelar de Prisi\u00f3n Preventiva Justificada por el termino de dos a\u00f1os y un plazo de cuatro meses para el cierre de la investigaci\u00f3n complementaria.<\/p>\n<p>Con estas acciones, la Fiscal\u00eda General de Justicia del Estado de Tamaulipas reitera su compromiso de investigar y perseguir con firmeza los delitos contra las mujeres, utilizando todos los recursos jur\u00eddicos disponibles para garantizar la justicia para las v\u00edctimas y el esclarecimiento de los hechos.<\/p>\n","protected":false},"excerpt":{"rendered":"<p>EL SINODAL DE TAMAULIPAS Ciudad Victoria, Tamaulipas.\u2013 El Agente del Ministerio P\u00fablico de la Fiscal\u00eda Especializada en la Investigaci\u00f3n de Delitos contra Ni\u00f1as, Ni\u00f1os y Adolescentes y Delitos Cometidos contra las Mujeres por Raz\u00f3n de G\u00e9nero (FENNAM) present\u00f3 elementos de prueba suficientes para que un Juez de Control vinculara a proceso a Fernando Antonio \u201cG\u201d, [&hellip;]<\/p>\n","protected":false},"author":1,"featured_media":220299,"comment_status":"closed","ping_status":"closed","sticky":false,"template":"","format":"standard","meta":{"footnotes":""},"categories":[25],"tags":[],"class_list":["post-220298","post","type-post","status-publish","format-standard","has-post-thumbnail","hentry","category-leyyorden"],"_links":{"self":[{"href":"https:\/\/www.elsinodaldetamaulipas.com.mx\/index.php?rest_route=\/wp\/v2\/posts\/220298","targetHints":{"allow":["GET"]}}],"collection":[{"href":"https:\/\/www.elsinodaldetamaulipas.com.mx\/index.php?rest_route=\/wp\/v2\/posts"}],"about":[{"href":"https:\/\/www.elsinodaldetamaulipas.com.mx\/index.php?rest_route=\/wp\/v2\/types\/post"}],"author":[{"embeddable":true,"href":"https:\/\/www.elsinodaldetamaulipas.com.mx\/index.php?rest_route=\/wp\/v2\/users\/1"}],"replies":[{"embeddable":true,"href":"https:\/\/www.elsinodaldetamaulipas.com.mx\/index.php?rest_route=%2Fwp%2Fv2%2Fcomments&post=220298"}],"version-history":[{"count":1,"href":"https:\/\/www.elsinodaldetamaulipas.com.mx\/index.php?rest_route=\/wp\/v2\/posts\/220298\/revisions"}],"predecessor-version":[{"id":220300,"href":"https:\/\/www.elsinodaldetamaulipas.com.mx\/index.php?rest_route=\/wp\/v2\/posts\/220298\/revisions\/220300"}],"wp:featuredmedia":[{"embeddable":true,"href":"https:\/\/www.elsinodaldetamaulipas.com.mx\/index.php?rest_route=\/wp\/v2\/media\/220299"}],"wp:attachment":[{"href":"https:\/\/www.elsinodaldetamaulipas.com.mx\/index.php?rest_route=%2Fwp%2Fv2%2Fmedia&parent=220298"}],"wp:term":[{"taxonomy":"category","embeddable":true,"href":"https:\/\/www.elsinodaldetamaulipas.com.mx\/index.php?rest_route=%2Fwp%2Fv2%2Fcategories&post=220298"},{"taxonomy":"post_tag","embeddable":true,"href":"https:\/\/www.elsinodaldetamaulipas.com.mx\/index.php?rest_route=%2Fwp%2Fv2%2Ftags&post=220298"}],"curies":[{"name":"wp","href":"https:\/\/api.w.org\/{rel}","templated":true}]}}