{"id":220301,"date":"2026-03-13T16:47:26","date_gmt":"2026-03-13T20:47:26","guid":{"rendered":"https:\/\/www.elsinodaldetamaulipas.com.mx\/?p=220301"},"modified":"2026-03-13T16:48:56","modified_gmt":"2026-03-13T20:48:56","slug":"mia-isabela-del-angel-lopez-representara-a-la-zona-59","status":"publish","type":"post","link":"https:\/\/www.elsinodaldetamaulipas.com.mx\/?p=220301","title":{"rendered":"M\u00cdA ISABELA DEL \u00c1NGEL L\u00d3PEZ, REPRESENTAR\u00c1 A LA ZONA 59"},"content":{"rendered":"<p><em><strong>Por J. Carlos Rodr\u00edguez Terrazas\/EL SINODAL DE TAMAULIPAS<\/strong><\/em><\/p>\n<p>Reynosa, Tam.- Emotivo, de bonitos contrastes, con conceptuosas piezas que enaltecen el legado del ex presidente de la rep\u00fablica, Benito Ju\u00e1rez Garc\u00eda, result\u00f3 el concurso de Oratoria Sentimiento Juarista del nivel preescolar, entre alumnos pertenecientes a la zona escolar No. 59.<\/p>\n<p>Luego de una ronda de discursos en la que sobresali\u00f3 el temple y car\u00e1cter en formaci\u00f3n de los peque\u00f1os participantes, el jurado calificador determin\u00f3 que la alumna M\u00eda Isabela Del \u00c1ngel L\u00f3pez, del Jard\u00edn de \u201cNi\u00f1os Reynosa\u201d, fue quien alcanz\u00f3 las m\u00e1s alta calificaci\u00f3n, revisados todos los aspectos concernientes al concurso.<\/p>\n<p>La etapa de zona 59 se disput\u00f3 en la peque\u00f1a biblioteca el jard\u00edn de Ni\u00f1os, \u201cFrancisco Gabilondo Soler\u201d de la Colonia Fuentes Lomas, con la anfitrion\u00eda de su directora, maestra Elizabeth Rodr\u00edguez Bernal, quien dio una grata bienvenida a los participantes, sus padres \u00a0e integrantes del jurado calificador que conformaron la licenciada Mildred Alicia Caballero Rodr\u00edguez, destacaba participante de oratoria en concursos magisteriales; el profesor Gilberto Gracia, director de la Escuela Primaria \u201cEstefan\u00eda Casta\u00f1eda\u201d y el ingeniero Alfredo Ju\u00e1rez Maldonado, venerable maestro de la Logia Simb\u00f3lica F\u00e9nix del 40.<\/p>\n<p><img loading=\"lazy\" decoding=\"async\" class=\"aligncenter wp-image-220304 size-full\" src=\"https:\/\/www.elsinodaldetamaulipas.com.mx\/wp-content\/uploads\/2026\/03\/mia-2.jpg\" alt=\"\" width=\"894\" height=\"487\" srcset=\"https:\/\/www.elsinodaldetamaulipas.com.mx\/wp-content\/uploads\/2026\/03\/mia-2.jpg 894w, https:\/\/www.elsinodaldetamaulipas.com.mx\/wp-content\/uploads\/2026\/03\/mia-2-300x163.jpg 300w, https:\/\/www.elsinodaldetamaulipas.com.mx\/wp-content\/uploads\/2026\/03\/mia-2-768x418.jpg 768w\" sizes=\"auto, (max-width: 894px) 100vw, 894px\" \/><\/p>\n<p style=\"text-align: center;\"><strong>DESTACADOS PARTICIPANTES<\/strong><\/p>\n<p>\u00a0\u00a0\u00a0\u00a0\u00a0\u00a0\u00a0\u00a0\u00a0\u00a0\u00a0\u00a0\u00a0\u00a0\u00a0 En el evento conducido con excelsitud por maestra de ceremonias, profesora Marisol Ju\u00e1rez, participaron los alumnos Yanira Noemi Ortega Gonz\u00e1lez, del jard\u00edn de Ni\u00f1os \u201dAlicia Lerma Rodr\u00edguez\u201d, quien fue asesorada por \u00a0la maestra Claudia Patricia Silva Garza; el alumno Jos\u00e9 Benjam\u00edn Aguilera Guti\u00e9rrez, del jard\u00edn de ni\u00f1os \u201cLuis Donaldo Colosio Murrieta\u201d con su maestra asesora Sarah\u00cd P\u00e9rez Leos; y los alumnos \u00c1lvaro Gonz\u00e1lez \u00c1valos y Emily Antonella Aguilar V\u00e1zquez, ambos del jard\u00edn de Ni\u00f1os \u201cNazarita Gonz\u00e1lez\u201d, con su asesora la maestra Marisa Gonz\u00e1lez Bautista.<\/p>\n<p>Tambi\u00e9n participaron con excelentes discursos la alumna Daniela Dayana Gabriela Delgadillo Mora, del Jard\u00edn de ni\u00f1os Capit\u00e1n Carlos Cant\u00fa, con su asesora, maestra Ana Fabiola Rosales Mart\u00ednez; Bruce Gonzalo Medrando Diaz del Jard\u00edn de Ni\u00f1os \u201cFrancisco Gabilondo Soler\u201d con su maestra asesora Sughey Elizabeth Jaime L\u00f3pez; y el alumno C\u00e9sar Felipe Guerra Mart\u00ednez, del Jard\u00edn de Ni\u00f1os \u201cRosa Elva Tapia Abrego\u201d con su maestra asesora Elvira Abenahay \u00c1lvarez Silguero.<\/p>\n<p style=\"text-align: center;\"><img loading=\"lazy\" decoding=\"async\" class=\"aligncenter wp-image-220303 size-full\" src=\"https:\/\/www.elsinodaldetamaulipas.com.mx\/wp-content\/uploads\/2026\/03\/MIA-3.jpg\" alt=\"\" width=\"894\" height=\"487\" srcset=\"https:\/\/www.elsinodaldetamaulipas.com.mx\/wp-content\/uploads\/2026\/03\/MIA-3.jpg 894w, https:\/\/www.elsinodaldetamaulipas.com.mx\/wp-content\/uploads\/2026\/03\/MIA-3-300x163.jpg 300w, https:\/\/www.elsinodaldetamaulipas.com.mx\/wp-content\/uploads\/2026\/03\/MIA-3-768x418.jpg 768w\" sizes=\"auto, (max-width: 894px) 100vw, 894px\" \/><strong>FALLO INAPELABLE<\/strong><\/p>\n<p>\u00a0\u00a0\u00a0\u00a0\u00a0\u00a0\u00a0\u00a0\u00a0\u00a0\u00a0\u00a0\u00a0\u00a0\u00a0 Antes de emitir el resultado final se extendieron diplomas a todos los participantes y sus maestras asesoras al igual que a los integrantes del jurado que emitieron su fallo inapelable.<\/p>\n<p>Se dio a conocer que la etapa de sector en la que participan representantes de cada una de las zonas escolares del mismo, se desarrollar\u00e1 el mi\u00e9rcoles 18 de marzo en la sede que determine esa jefatura.<\/p>\n<p>\u201cHoy tambi\u00e9n recordamos la vida y obra de Benito Ju\u00e1rez, un hombre que naci\u00f3 en un peque\u00f1o pueblo de Oaxaca y que gracias a si esfuerzo, estudio y perseverancia, llego a ser presidente de M\u00e9xico\u201d, puntualiz\u00f3 la Marisol Ju\u00e1rez, maestra de ceremonias, en la conclusi\u00f3n del emotivo certamen etapa de zona.<\/p>\n","protected":false},"excerpt":{"rendered":"<p>Por J. Carlos Rodr\u00edguez Terrazas\/EL SINODAL DE TAMAULIPAS Reynosa, Tam.- Emotivo, de bonitos contrastes, con conceptuosas piezas que enaltecen el legado del ex presidente de la rep\u00fablica, Benito Ju\u00e1rez Garc\u00eda, result\u00f3 el concurso de Oratoria Sentimiento Juarista del nivel preescolar, entre alumnos pertenecientes a la zona escolar No. 59. Luego de una ronda de discursos [&hellip;]<\/p>\n","protected":false},"author":1,"featured_media":220302,"comment_status":"closed","ping_status":"closed","sticky":false,"template":"","format":"standard","meta":{"footnotes":""},"categories":[1,2],"tags":[],"class_list":["post-220301","post","type-post","status-publish","format-standard","has-post-thumbnail","hentry","category-portada","category-reynosa"],"_links":{"self":[{"href":"https:\/\/www.elsinodaldetamaulipas.com.mx\/index.php?rest_route=\/wp\/v2\/posts\/220301","targetHints":{"allow":["GET"]}}],"collection":[{"href":"https:\/\/www.elsinodaldetamaulipas.com.mx\/index.php?rest_route=\/wp\/v2\/posts"}],"about":[{"href":"https:\/\/www.elsinodaldetamaulipas.com.mx\/index.php?rest_route=\/wp\/v2\/types\/post"}],"author":[{"embeddable":true,"href":"https:\/\/www.elsinodaldetamaulipas.com.mx\/index.php?rest_route=\/wp\/v2\/users\/1"}],"replies":[{"embeddable":true,"href":"https:\/\/www.elsinodaldetamaulipas.com.mx\/index.php?rest_route=%2Fwp%2Fv2%2Fcomments&post=220301"}],"version-history":[{"count":2,"href":"https:\/\/www.elsinodaldetamaulipas.com.mx\/index.php?rest_route=\/wp\/v2\/posts\/220301\/revisions"}],"predecessor-version":[{"id":220306,"href":"https:\/\/www.elsinodaldetamaulipas.com.mx\/index.php?rest_route=\/wp\/v2\/posts\/220301\/revisions\/220306"}],"wp:featuredmedia":[{"embeddable":true,"href":"https:\/\/www.elsinodaldetamaulipas.com.mx\/index.php?rest_route=\/wp\/v2\/media\/220302"}],"wp:attachment":[{"href":"https:\/\/www.elsinodaldetamaulipas.com.mx\/index.php?rest_route=%2Fwp%2Fv2%2Fmedia&parent=220301"}],"wp:term":[{"taxonomy":"category","embeddable":true,"href":"https:\/\/www.elsinodaldetamaulipas.com.mx\/index.php?rest_route=%2Fwp%2Fv2%2Fcategories&post=220301"},{"taxonomy":"post_tag","embeddable":true,"href":"https:\/\/www.elsinodaldetamaulipas.com.mx\/index.php?rest_route=%2Fwp%2Fv2%2Ftags&post=220301"}],"curies":[{"name":"wp","href":"https:\/\/api.w.org\/{rel}","templated":true}]}}