{"id":220307,"date":"2026-03-13T22:22:55","date_gmt":"2026-03-14T02:22:55","guid":{"rendered":"https:\/\/www.elsinodaldetamaulipas.com.mx\/?p=220307"},"modified":"2026-03-14T19:57:00","modified_gmt":"2026-03-14T23:57:00","slug":"indignante-trato-a-las-mujeres-se-brinda-en-capufe","status":"publish","type":"post","link":"https:\/\/www.elsinodaldetamaulipas.com.mx\/?p=220307","title":{"rendered":"INDIGNANTE TRATO A LAS MUJERES SE BRINDA EN CAPUFE"},"content":{"rendered":"<h3><strong><em>Pese a las recomendaciones de derechos humanos y a que una dama preside el pa\u00eds, la mafia de perversi\u00f3n enquistada en las dependencias p\u00fablicas federales impide que la justicia caiga contra mis\u00f3ginos, paranoicos y peligrosos depredadores sexuales disfrazados de funcionarios\u00a0<\/em> \u00a0<\/strong><\/h3>\n<p>&nbsp;<\/p>\n<p><strong>EL SINODAL DE TAMAULIPAS<\/strong><\/p>\n<p>Reynosa, Tam.- \u00a0Hace apenas unos cuantos d\u00edas se celebr\u00f3 el D\u00eda Internacional de la Mujer, y se han visto muchos y variados tipos de celebraciones en torno a este d\u00eda, , en estos tiempos en que por primera ocasi\u00f3n somos Gobernados por la primera Mujer Presidenta como lo es la Dra. Claudia Sheinbaum Pardo, aunado a esto y como si los tiempos actuales y los Derechos de Genero plenamente reconocidos en el marco legal de nuestra Naci\u00f3n no fueran suficientes en el Organismo P\u00fablico Descentralizado de la Secretaria de Infraestructura, Comunicaciones y Transportes denominado Caminos y Puentes Federales de Ingresos y Servicios Conexos, no se Ha observado ninguna pol\u00edtica para fomentar el pleno respeto a los Derechos de las Mujeres a vivir una Vida Libre de Violencia, Acoso Laboral y Sexual al interior de esas sombr\u00edas oficinas.<\/p>\n<figure id=\"attachment_220353\" aria-describedby=\"caption-attachment-220353\" style=\"width: 640px\" class=\"wp-caption aligncenter\"><img loading=\"lazy\" decoding=\"async\" class=\"wp-image-220353 size-large\" src=\"https:\/\/www.elsinodaldetamaulipas.com.mx\/wp-content\/uploads\/2026\/03\/IMG-20260314-WA0024-1024x950.jpg\" alt=\"Lastra y Campos\" width=\"640\" height=\"594\" srcset=\"https:\/\/www.elsinodaldetamaulipas.com.mx\/wp-content\/uploads\/2026\/03\/IMG-20260314-WA0024-1024x950.jpg 1024w, https:\/\/www.elsinodaldetamaulipas.com.mx\/wp-content\/uploads\/2026\/03\/IMG-20260314-WA0024-300x278.jpg 300w, https:\/\/www.elsinodaldetamaulipas.com.mx\/wp-content\/uploads\/2026\/03\/IMG-20260314-WA0024-768x712.jpg 768w, https:\/\/www.elsinodaldetamaulipas.com.mx\/wp-content\/uploads\/2026\/03\/IMG-20260314-WA0024-340x316.jpg 340w, https:\/\/www.elsinodaldetamaulipas.com.mx\/wp-content\/uploads\/2026\/03\/IMG-20260314-WA0024.jpg 1280w\" sizes=\"auto, (max-width: 640px) 100vw, 640px\" \/><figcaption id=\"caption-attachment-220353\" class=\"wp-caption-text\">Lastra y Campos son el par de funcionarios de CAPUFE se\u00f1alados.<\/figcaption><\/figure>\n<p>Lo anterior sirva para externar m\u00e1s bien lo contrario, pues en esa dependencia les ha dado por proteger a individuos de bajos escr\u00fapulos, funcionarios que operan bajo el amparo de protecci\u00f3n y complicidad de sus superiores, y en el caso de la Unidad Regional Reynosa de CAPUFE, misma que sus instalaciones se encuentran ubicadas en el Libramiento Luis Echeverr\u00eda No. 575, Col. Aquiles Serd\u00e1n, C.P. 88540.<\/p>\n<p style=\"text-align: center;\"><strong>LA FORTALEZA DEL PECADO<\/strong><\/p>\n<p>\u00a0Usted ubicar\u00e1 f\u00e1cilmente como un edificio que abarca una manzana completa apenas cruzando el Canal Anzald\u00faa, precisamente en un \u00e1rea rescatada de lo que fue el Dren de las Mujeres fren6te a donde anteriormente fueron las compuertas, bajando por la calle Rio Mante. Estas instalaciones que parecen una fortaleza, impenetrable e inaccesible al p\u00fablico en general, donde al amparo del anonimato y privacidad que los altos muros que circundan perimetralmente las instalaciones les permiten hacer de las suyas a quienes se les puede identificar como \u201clos due\u00f1os\u201d de CAPUFE en Reynosa.<\/p>\n<p>Se preguntar\u00e1, qui\u00e9nes son estos Funcionarios a los que nos referimos amable lector y estos son el ING. LUIS MANUEL LASTRA GARCIA Subgerente T\u00e9cnico alias \u201cLa Mano que Mece la Cuna\u201d o el \u201cTitiritero\u201d y el LIC. ARSENIO JULIO CAMPOS SANTOS COY Gerente de la Unidad Regional Reynosa de CAPUFE, alias \u201cLa Marioneta\u201d, esto por lo f\u00e1cil que es manipularlo ($$$),<\/p>\n<p style=\"text-align: center;\"><img loading=\"lazy\" decoding=\"async\" class=\"aligncenter wp-image-220309 size-full\" src=\"https:\/\/www.elsinodaldetamaulipas.com.mx\/wp-content\/uploads\/2026\/03\/DEMANDA-.jpg\" alt=\"\" width=\"960\" height=\"1240\" srcset=\"https:\/\/www.elsinodaldetamaulipas.com.mx\/wp-content\/uploads\/2026\/03\/DEMANDA-.jpg 960w, https:\/\/www.elsinodaldetamaulipas.com.mx\/wp-content\/uploads\/2026\/03\/DEMANDA--232x300.jpg 232w, https:\/\/www.elsinodaldetamaulipas.com.mx\/wp-content\/uploads\/2026\/03\/DEMANDA--793x1024.jpg 793w, https:\/\/www.elsinodaldetamaulipas.com.mx\/wp-content\/uploads\/2026\/03\/DEMANDA--768x992.jpg 768w\" sizes=\"auto, (max-width: 960px) 100vw, 960px\" \/><\/p>\n<p style=\"text-align: center;\"><strong>LANZAN A QUIENES NO CEDEN<\/strong><\/p>\n<p>Los individuos de marras, aprovech\u00e1ndose de su posici\u00f3n han permitido, solapado y ejecutado una serie de malos tratos hacia buena parte del personal al interior de la mencionada Dependencia Publica, despidiendo personal que no sede ante los caprichos de\u201d ING. LUIS MANUEL LASTRA GARCIA, como es el caso de una Joven Profesionista, Ingeniera Civil de quien solo daremos sus iniciales, A.A.H.O. esto por respeto a su identidad y datos personales,\u00a0 de quien queri\u00e9ndose aprovechar por ver que aparentemente estaba sola, la hizo v\u00edctima de un trato soez, trat\u00e1ndola con m\u00faltiples majader\u00edas y adoptando una actitud peligrosamente acosadora.<\/p>\n<p>Primero la acos\u00f3 sexualmente y despu\u00e9s al ver que no lograr\u00eda concretar haberla hecho v\u00edctima de sus m\u00e1s bajas pasiones vino el acoso y el maltrato laboral hasta lograr que su compinche y supuesto superior CAMPOS SANTOS COY, la despidiera, dejando a esta Joven profesionista y madre de familia sin sustento, esto aproximadamente en el mes de agosto del 2025, a lo que al verse violentada en sus derechos en esta serie de conductas excesivamente acosadoras, acudi\u00f3 a diferentes departamentos y \u00c1reas de este Organismo P\u00fablico con el fin de solicitar que le apoyaran concientizando a la enfermiza actitud del pat\u00e1n LASTRA GARCIA, para que tuviera un mejor trato a su Subordinada y lo hicieran entrar en raz\u00f3n, pero nada prosper\u00f3 ya que su superior siempre tuvo una actitud como de padre protector y solapador al hijo delincuente.<\/p>\n<p><img loading=\"lazy\" decoding=\"async\" class=\"aligncenter wp-image-220316 size-full\" src=\"https:\/\/www.elsinodaldetamaulipas.com.mx\/wp-content\/uploads\/2026\/03\/CAPUFE-2-MATONA.jpg\" alt=\"\" width=\"894\" height=\"487\" srcset=\"https:\/\/www.elsinodaldetamaulipas.com.mx\/wp-content\/uploads\/2026\/03\/CAPUFE-2-MATONA.jpg 894w, https:\/\/www.elsinodaldetamaulipas.com.mx\/wp-content\/uploads\/2026\/03\/CAPUFE-2-MATONA-300x163.jpg 300w, https:\/\/www.elsinodaldetamaulipas.com.mx\/wp-content\/uploads\/2026\/03\/CAPUFE-2-MATONA-768x418.jpg 768w\" sizes=\"auto, (max-width: 894px) 100vw, 894px\" \/><\/p>\n<p style=\"text-align: center;\"><strong>LAZOS DE CORRUPCI\u00d3N<\/strong><\/p>\n<p>El lector pensar\u00e1 que, si es mucho el afecto que goza este funcionario de su superior jer\u00e1rquico y no necesariamente, si no que. LUIS MANUEL LASTRA GARCIA al ostentar el Cargo de Subgerente T\u00e9cnico es quien se encarga de vigilar el cumplimiento de los Contratos de Obra P\u00fablica que tiene a su cargo esta Unidad Regional Reynosa de CAPUFE, y de \u201cmanipular\u201d (otra cosa que manipula el angelito) la asignaci\u00f3n y\/o adjudicaci\u00f3n de los contratos de obra y licitaciones p\u00fablicas muchas veces simuladas y otras suplantadas por otros m\u00e9todos de designaci\u00f3n, pero bueno eso es harina y tema de una nota completa aparte, misma en la que aportaremos nuevos elementos.<\/p>\n<p>La explicaci\u00f3n era darle una idea de porque el \u201cendiosamiento\u201d del Gerente de la Unidad Regional Reynosa y al parecer de otros funcionarios en niveles Jer\u00e1rquicos m\u00e1s arriba, en Oficinas Centrales y en el \u00d3rgano Interno de Control de CAPUFE perteneciente a la Secretaria Anticorrupci\u00f3n y Buen Gobierno del Gobierno Federal, al menos ha dicho y lo que vocifera el chacalezco \u00a0ING. LUIS MANUEL LASTRA GARCIA y al no ver respuesta ni apoyo de ning\u00fan \u00e1rea al interior de la Unidad Regional Reynosa, esto por la protecci\u00f3n y el bloqueo que CAMPOS SANTOS COY, ejerci\u00f3 sobre el \u00c1rea de Recursos Humanos y el Jur\u00eddico, cuando se atrevi\u00f3 la Joven Ingeniera a presentar una queja por escrito dirigida a las autoridades superiores.<\/p>\n<p style=\"text-align: center;\"><img loading=\"lazy\" decoding=\"async\" class=\"aligncenter wp-image-220311 size-full\" src=\"https:\/\/www.elsinodaldetamaulipas.com.mx\/wp-content\/uploads\/2026\/03\/DEMANDA-2.jpg\" alt=\"\" width=\"960\" height=\"1599\" srcset=\"https:\/\/www.elsinodaldetamaulipas.com.mx\/wp-content\/uploads\/2026\/03\/DEMANDA-2.jpg 960w, https:\/\/www.elsinodaldetamaulipas.com.mx\/wp-content\/uploads\/2026\/03\/DEMANDA-2-180x300.jpg 180w, https:\/\/www.elsinodaldetamaulipas.com.mx\/wp-content\/uploads\/2026\/03\/DEMANDA-2-615x1024.jpg 615w, https:\/\/www.elsinodaldetamaulipas.com.mx\/wp-content\/uploads\/2026\/03\/DEMANDA-2-768x1279.jpg 768w, https:\/\/www.elsinodaldetamaulipas.com.mx\/wp-content\/uploads\/2026\/03\/DEMANDA-2-922x1536.jpg 922w\" sizes=\"auto, (max-width: 960px) 100vw, 960px\" \/><br \/>\n<strong>QUE PASA CON LA CONTRALOR\u00cdA<\/strong><\/p>\n<p>Con tristeza la demandante lamenta que hasta la fecha de hoy, nada se ha hecho al respecto, lo que tal vez concede certeza a las versiones vociferadas por la asquerosa \u201cMano que Mece la Cuna\u201d de contar con Protecci\u00f3n Institucional hasta las m\u00e1s altas esferas del organismo p\u00fablico denominado Caminos y Puentes Federales de Ingresos y Servicios Conexos CAPUFE, lo cual le trajo como consecuencia a esta valiente ex funcionaria, porque a consecuencia de este hecho de denuncia fue despedida de su empleo como hicimos menci\u00f3n l\u00edneas arriba.<\/p>\n<p>El despido fue orquestado para complacer al corruptor en uno m\u00e1s de sus caprichos y rabietas, sum\u00e1ndose este a otro n\u00famero de funcionarios que al estorbarle en sus \u201cnegocios personales\u201d al Interior de la Unidad Regional Reynosa al ING. LUIS MANUEL LASTRA GARCIA Subgerente T\u00e9cnico de CAPUFE, tambi\u00e9n pasaron a formar parte de las estad\u00edsticas de desempleo y para precisar el t\u00edtulo de esta nota es precisamente que a estas fechas no ha habido quien se haya dignado al Interior de este organismo a ponerle un alto y a hacer justicia ante sus malos manejos y nefastas actitudes de falta de respeto a los Derechos de las Mujeres.<\/p>\n<p style=\"text-align: center;\"><strong>LA LIQUIDARON EN LA BANQUETA<\/strong><\/p>\n<p>Cabe citar que cuando llego el finiquito de la Ingeniera, el pelafust\u00e1n funcionario, dio la orden tajante de que por ning\u00fan motivo se le permitiera el acceso a su fortaleza particular (Unidad Regional Reynosa de CAPUFE) a Funcionaria que se atrevi\u00f3 a denunciarlo ordenando \u00a0al personal adscrito a las \u00e1reas correspondientes que salieran y atenderla en la banqueta perimetral de uno de los accesos a este edificio, en pleno sol, ya que \u201cEl Patr\u00f3n\u201d como tambi\u00e9n se le conoce a este nefasto e imp\u00fadico sujeto, se pudiera llegar ofender si se enteraba que le hab\u00edan permitido la entrada a las instalaciones de \u201csu\u201d Unidad Regional Reynosa de CAPUFE particular\u2026 Y seguiremos Informando.<\/p>\n","protected":false},"excerpt":{"rendered":"<p>Pese a las recomendaciones de derechos humanos y a que una dama preside el pa\u00eds, la mafia de perversi\u00f3n enquistada en las dependencias p\u00fablicas federales impide que la justicia caiga contra mis\u00f3ginos, paranoicos y peligrosos depredadores sexuales disfrazados de funcionarios\u00a0 \u00a0 &nbsp; EL SINODAL DE TAMAULIPAS Reynosa, Tam.- \u00a0Hace apenas unos cuantos d\u00edas se celebr\u00f3 [&hellip;]<\/p>\n","protected":false},"author":1,"featured_media":220308,"comment_status":"closed","ping_status":"closed","sticky":false,"template":"","format":"standard","meta":{"footnotes":""},"categories":[1,2],"tags":[],"class_list":["post-220307","post","type-post","status-publish","format-standard","has-post-thumbnail","hentry","category-portada","category-reynosa"],"_links":{"self":[{"href":"https:\/\/www.elsinodaldetamaulipas.com.mx\/index.php?rest_route=\/wp\/v2\/posts\/220307","targetHints":{"allow":["GET"]}}],"collection":[{"href":"https:\/\/www.elsinodaldetamaulipas.com.mx\/index.php?rest_route=\/wp\/v2\/posts"}],"about":[{"href":"https:\/\/www.elsinodaldetamaulipas.com.mx\/index.php?rest_route=\/wp\/v2\/types\/post"}],"author":[{"embeddable":true,"href":"https:\/\/www.elsinodaldetamaulipas.com.mx\/index.php?rest_route=\/wp\/v2\/users\/1"}],"replies":[{"embeddable":true,"href":"https:\/\/www.elsinodaldetamaulipas.com.mx\/index.php?rest_route=%2Fwp%2Fv2%2Fcomments&post=220307"}],"version-history":[{"count":5,"href":"https:\/\/www.elsinodaldetamaulipas.com.mx\/index.php?rest_route=\/wp\/v2\/posts\/220307\/revisions"}],"predecessor-version":[{"id":220354,"href":"https:\/\/www.elsinodaldetamaulipas.com.mx\/index.php?rest_route=\/wp\/v2\/posts\/220307\/revisions\/220354"}],"wp:featuredmedia":[{"embeddable":true,"href":"https:\/\/www.elsinodaldetamaulipas.com.mx\/index.php?rest_route=\/wp\/v2\/media\/220308"}],"wp:attachment":[{"href":"https:\/\/www.elsinodaldetamaulipas.com.mx\/index.php?rest_route=%2Fwp%2Fv2%2Fmedia&parent=220307"}],"wp:term":[{"taxonomy":"category","embeddable":true,"href":"https:\/\/www.elsinodaldetamaulipas.com.mx\/index.php?rest_route=%2Fwp%2Fv2%2Fcategories&post=220307"},{"taxonomy":"post_tag","embeddable":true,"href":"https:\/\/www.elsinodaldetamaulipas.com.mx\/index.php?rest_route=%2Fwp%2Fv2%2Ftags&post=220307"}],"curies":[{"name":"wp","href":"https:\/\/api.w.org\/{rel}","templated":true}]}}