{"id":220324,"date":"2026-03-13T22:59:05","date_gmt":"2026-03-14T02:59:05","guid":{"rendered":"https:\/\/www.elsinodaldetamaulipas.com.mx\/?p=220324"},"modified":"2026-03-13T22:59:05","modified_gmt":"2026-03-14T02:59:05","slug":"reforma-%c2%a8a-chaleco%c2%a8","status":"publish","type":"post","link":"https:\/\/www.elsinodaldetamaulipas.com.mx\/?p=220324","title":{"rendered":"REFORMA \u00a8A CHALECO\u00a8"},"content":{"rendered":"<p>CONJURADA LA REFOMA ELECTORAL en el Congreso de la Uni\u00f3n, en donde MORENA no logr\u00f3 una mayor\u00eda calificada para imponer sus nuevas reglas electorales. AYER MISMO la Presidenta CLAUDIA SHEINBAUM PARDO present\u00f3 el Plan \u201cB\u201d en Iniciativa de Reforma a Leyes Secundarias, en donde con su mayor\u00eda de legisladores es m\u00e1s que suficiente para conseguir su aprobaci\u00f3n.<\/p>\n<p>SOLO QUE AHORA A\u00d1ADE UN elemento, que al igual que ocurri\u00f3 en el seno del Congreso Federal, ahora la Reforma Electoral se transfiere el tema de discusi\u00f3n a los 32 estados del pa\u00eds.<\/p>\n<p>RESULTA QUE LA INICIATIVA de CLAUDIA SHEINBAUM en un lance temerario que VIOLENTA LA AUTONOMIA de los Congresos Locales, pretende imponer una reducci\u00f3n en los gastos, estructura pol\u00edtica, asesores y sueldos de los diputados locales en las entidades.<\/p>\n<p>Y PARA VARIAR QUE \u201cEL AHORRO\u201d que ello implique, sea distribuido en beneficios para el Pueblo.<\/p>\n<p>DE POR SI LA FRACASADA REFORMA dej\u00f3 \u201cla v\u00edbora chillando\u201d por los enconos y divisiones que provoc\u00f3, ahora se le cargar\u00e1 la Reforma Electoral a los Congresos Locales, en donde las estructuras legislativas son m\u00e1s cerradas y unidas, cuando de tocarles sus PRIVILEGIOS se trata.<\/p>\n<p>POR CIERTO. LA VOTACION dividida en torno a la Reforma Electoral en San L\u00e1zaro, dej\u00f3 interesantes lecturas, por ejemplo, la diputada del Partido Verde. CASSANDRA DE LOS SANTOS emiti\u00f3 un voto en contra, al igual que la diputada OLGA JULIANA ELIZONDO GUERRA del Partido del Trabajo.<\/p>\n<p>LA DIPUTADA DE REYNOSA. CLAUDIA HERNANDEZ SAENZ vot\u00f3 a favor de la Reforma Electoral, asi como los diputados JOSE BRA\u00d1A y CARLOS CANTUROSAS.<\/p>\n<p>CUANDO SE TRATE DE CONGRESOS con mayor\u00eda de MORENA- como es el caso de Tamaulipas y con Gobernadores del mismo partido. Tal vez prospere el Plan \u201cB\u201d, pero tambi\u00e9n le dar\u00e1 a los Gobernadores una moneda de negociaci\u00f3n pol\u00edtica, pues estar\u00e1n en condici\u00f3n y disposici\u00f3n de negociar los votos de sus diputados locales: \u00bfPero a cambio de\u2026?<\/p>\n<p>UN AUTENTICO \u201cFRANKESTEIN\u201d partidista es lo que est\u00e1 preparando para el 2027 el MAKIATO en Reynosa, y darle la batalla a MORENA. Si a Morena, sin importar que su Alcalde fue DOS VECES postulado por MORENA y ahora de facto se ha aliado con el PVEM.<\/p>\n<p>EL EXPERIMENTO DIGNO del Doctor \u201cFrankenstein\u201d es convocar a una mega alianza partidista, apoyada por los Amigos entra\u00f1ables del MAKIATO- que jamas lo han negado- de Movimiento Ciudadano, pero ahora tambi\u00e9n \u201cinvitar\u201d a una tajada del pastel al PRI y al PAN, asi como el PVEM al frente de esta singular \u201calianza\u201d.<\/p>\n<p>ASI ES. NOS REFIERE UNA FUENTE confiable que, desde hace varias semanas, se han entablado \u201cplaticas\u201d de acercamiento, propuesta y plan pol\u00edtico-electoral para Reynosa, no solamente para el 2027, sino tambi\u00e9n para el 2028, es decir la elecci\u00f3n pr\u00f3xima de Gobernador.<\/p>\n<p>\u00bfQUE RESULTARA DE ESE EXPERIMENTO? Es claro que MAKI ORTIZ DOMINGUEZ Matriarca del MAKIATO, es la principal interesada en consolidar dicha mega alianza partidista para un eventual proyecto pol\u00edtico por la gubernatura de Tamaulipas.<\/p>\n<p>Y CONFIRMA DOS VERSIONES que hace muchos dias escribimos en este espacio. Primero que NO est\u00e1 dispuesta a respetar el acuerdo de su hijo con el senador JOSE RAMON GOMEZ LEAL a quien le entreg\u00f3 Reynosa para que sea el candidato a la gubernatura o pr\u00f3ximo alcalde de Reynosa. Si asi lo desea JR.<\/p>\n<p>SEGUNDO. NOS CONFIRMA que tal como lo anticipamos antes que nadie. MAKI ORTIZ inici\u00f3 con el PAN de Reynosa y por ende con aval de FRANCISCO GARCIA CABEZA DE VACA una ins\u00f3lita alianza nueva, tras haberlos traicionado, pues en dos ocasiones fue postulada por el PAN a la alcald\u00eda de Reynosa.<\/p>\n<p>MAKI ORTIZ DOMINGUEZ. Trae en este momento en su bolso de mano la mitad del boleto para competir con todo por la candidatura a la gubernatura de Tamaulipas. Las formas y m\u00e9todos que tenga que echar mano para conseguirlo es lo de menos.<\/p>\n<p>ES MAS QUE CLARO que posee las alianzas, recursos y relaciones para conseguir y alcanzar sus objetivos, no solo es el Huevo de la Serpiente, es tambi\u00e9n una encantadora, h\u00e1bil y astuta operadora pol\u00edtica. Su ingenio es innegable y lo est\u00e1 demostrando, mientras otros a\u00fan siguen pensando que hacer con Reynosa.<\/p>\n","protected":false},"excerpt":{"rendered":"<p>CONJURADA LA REFOMA ELECTORAL en el Congreso de la Uni\u00f3n, en donde MORENA no logr\u00f3 una mayor\u00eda calificada para imponer sus nuevas reglas electorales. AYER MISMO la Presidenta CLAUDIA SHEINBAUM PARDO present\u00f3 el Plan \u201cB\u201d en Iniciativa de Reforma a Leyes Secundarias, en donde con su mayor\u00eda de legisladores es m\u00e1s que suficiente para conseguir [&hellip;]<\/p>\n","protected":false},"author":1,"featured_media":216328,"comment_status":"closed","ping_status":"closed","sticky":false,"template":"","format":"standard","meta":{"footnotes":""},"categories":[16],"tags":[],"class_list":["post-220324","post","type-post","status-publish","format-standard","has-post-thumbnail","hentry","category-opinion"],"_links":{"self":[{"href":"https:\/\/www.elsinodaldetamaulipas.com.mx\/index.php?rest_route=\/wp\/v2\/posts\/220324","targetHints":{"allow":["GET"]}}],"collection":[{"href":"https:\/\/www.elsinodaldetamaulipas.com.mx\/index.php?rest_route=\/wp\/v2\/posts"}],"about":[{"href":"https:\/\/www.elsinodaldetamaulipas.com.mx\/index.php?rest_route=\/wp\/v2\/types\/post"}],"author":[{"embeddable":true,"href":"https:\/\/www.elsinodaldetamaulipas.com.mx\/index.php?rest_route=\/wp\/v2\/users\/1"}],"replies":[{"embeddable":true,"href":"https:\/\/www.elsinodaldetamaulipas.com.mx\/index.php?rest_route=%2Fwp%2Fv2%2Fcomments&post=220324"}],"version-history":[{"count":1,"href":"https:\/\/www.elsinodaldetamaulipas.com.mx\/index.php?rest_route=\/wp\/v2\/posts\/220324\/revisions"}],"predecessor-version":[{"id":220325,"href":"https:\/\/www.elsinodaldetamaulipas.com.mx\/index.php?rest_route=\/wp\/v2\/posts\/220324\/revisions\/220325"}],"wp:featuredmedia":[{"embeddable":true,"href":"https:\/\/www.elsinodaldetamaulipas.com.mx\/index.php?rest_route=\/wp\/v2\/media\/216328"}],"wp:attachment":[{"href":"https:\/\/www.elsinodaldetamaulipas.com.mx\/index.php?rest_route=%2Fwp%2Fv2%2Fmedia&parent=220324"}],"wp:term":[{"taxonomy":"category","embeddable":true,"href":"https:\/\/www.elsinodaldetamaulipas.com.mx\/index.php?rest_route=%2Fwp%2Fv2%2Fcategories&post=220324"},{"taxonomy":"post_tag","embeddable":true,"href":"https:\/\/www.elsinodaldetamaulipas.com.mx\/index.php?rest_route=%2Fwp%2Fv2%2Ftags&post=220324"}],"curies":[{"name":"wp","href":"https:\/\/api.w.org\/{rel}","templated":true}]}}