{"id":220339,"date":"2026-03-13T23:38:00","date_gmt":"2026-03-14T03:38:00","guid":{"rendered":"https:\/\/www.elsinodaldetamaulipas.com.mx\/?p=220339"},"modified":"2026-03-13T23:38:00","modified_gmt":"2026-03-14T03:38:00","slug":"cuatro-anos-del-renacimiento-de-tamaulipas","status":"publish","type":"post","link":"https:\/\/www.elsinodaldetamaulipas.com.mx\/?p=220339","title":{"rendered":"CUATRO A\u00d1OS DEL RENACIMIENTO DE TAMAULIPAS"},"content":{"rendered":"<p>La noticia del d\u00eda es proporcionada directamente por la oficina del gobernador al cumplir en tiempo y forma informar al Congreso el Cuarto Informe.<\/p>\n<p>El Congreso del Estado, recibi\u00f3 del Poder Ejecutivo estatal, el documento que contiene el estado que guarda la administraci\u00f3n p\u00fablica, correspondiente al Cuarto Informe de Gobierno, en cumplimiento de lo establecido por la Constituci\u00f3n Pol\u00edtica del Estado.<\/p>\n<p>En representaci\u00f3n del Gobernador AM\u00c9RICO VILLARREAL ANAYA, el Secretario General de Gobierno, H\u00c9CTOR JOEL VILLEGAS GONZ\u00c1LEZ, acudi\u00f3 al recinto del Poder Legislativo, para hacer entrega formal del documento.<\/p>\n<p>El Secretario General dijo al momento de su recepci\u00f3n, que el informe representa un ejercicio de rendici\u00f3n de cuentas y refleja el trabajo realizado por un gobierno con enfoque humanista que, de la mano del pueblo, avanza y transforma la vida p\u00fablica del estado; que trabaja por la seguridad, la paz y el desarrollo con bienestar dentro del Estado de Derecho, colocando en el centro de su acci\u00f3n a las personas.<\/p>\n<p>Recibi\u00f3 el documento el Presidente de la Mesa Directiva del Congreso, diputado SERGIO ARTURO OJEDA CASTILLO, se\u00f1al\u00f3 que este acto solemne constituye uno de los pilares de la vida democr\u00e1tica, al fortalecer la rendici\u00f3n de cuentas y la transparencia.<\/p>\n<p>Al final, el diputado OJEDA CASTILLO anunci\u00f3 el an\u00e1lisis del informe en la glosa con los integrantes del gabinete.<\/p>\n<p>El documento en s\u00ed, detalla las pol\u00edticas p\u00fablicas, acciones y programas que est\u00e1n en marcha para el desarrollo y bienestar de las regiones de Tamaulipas.<\/p>\n<p>Vamos a darle seguimiento a la presentaci\u00f3n de los Secretarios para la glosa.<\/p>\n<p>Mientras el Secretario General de Gobierno HECTOR VILLEGAS entregaba a nombre del ejecutivo el documento y sus anexos para su estudio, el gobernador asist\u00eda a la Cd. de M\u00e9xico donde sostuvo una reuni\u00f3n con la Secretaria de Gobernaci\u00f3n ROSA ICELA RODRIGUEZ.<\/p>\n<p>Ser\u00e1 el pr\u00f3ximo lunes 23 de marzo cuando el titular del Ejecutivo estatal presente su informe al pueblo de Tamaulipas, en un acto que se celebrar\u00e1 en el Polyforum de Ciudad Victoria.<\/p>\n<p>Marzo viene con todo para Tamaulipas, se han presentado altos funcionarios del gobierno federal, luego viene la presidenta el 18 de marzo a Tampico.<\/p>\n<p>La presidenta no se equivoc\u00f3 al decir que viene a Tampico a celebrar la Expropiaci\u00f3n Petrolera, aunque la refiner\u00eda est\u00e9 en Ciudad Madero, como algunos han se\u00f1alado, y tienen raz\u00f3n.<\/p>\n<p>Pero, hist\u00f3ricamente, Tampico fue la cuna del petr\u00f3leo en M\u00e9xico, algo curioso sin tener pozos en su territorio.<\/p>\n<p>Desde este puerto se export\u00f3 el petr\u00f3leo de \u00c9bano y de la Faja de Oro, en el norte de Veracruz, y aqu\u00ed se establecieron las primeras oficinas y la administraci\u00f3n de la industria petrolera en el pa\u00eds.<\/p>\n<p>Por eso, Tampico ocupa un lugar fundamental en la historia del petr\u00f3leo mexicano.<\/p>\n<p>La UAT hace historia deportiva nacional.<\/p>\n<p>Con apenas 18 a\u00f1os, TANIA AGUILAR TEJEDA hizo historia al debutar con el equipo Correbasket, en la Liga Nacional de Baloncesto Profesional, ejemplo del impulso al deporte universitario que promueve el rector D\u00c1MASO ANAYA ALVARADO.<\/p>\n<p>La joven victorense, estudiante de la Unidad Acad\u00e9mica de Trabajo Social y Ciencias para el Desarrollo Humano de la UAT, cumpli\u00f3 su sue\u00f1o de participar en el basquetbol profesional de nuestro pa\u00eds, al participar en el encuentro en el que Correbasket venci\u00f3 82-60 a Abejas de Le\u00f3n, en el Gimnasio Multidisciplinario del Campus Victoria.<\/p>\n<p>Pertenecer a la LNBP Femenil no es cuesti\u00f3n de suerte.<\/p>\n<p>En la ciudad de Reynosa se formaliz\u00f3 el \u201coperativo espacial de semana santa 2026\u201d correspondiente al Programa Paisano.<\/p>\n<p>En esta ocasi\u00f3n el alcalde CARLOS PE\u00d1A ORTIZ invit\u00f3 al Consulado de M\u00e9xico en Mcallen para explicar el contenido y alcance del programa que iniciar\u00e1 el pr\u00f3ximo 18 de marzo.<\/p>\n<p>Despu\u00e9s el alcalde PE\u00d1A ORTIZ dese\u00f3 el mayor de los \u00e9xitos a los muchachos seleccionados de b\u00e9isbol que representar\u00e1n a Tamaulipas en torneo regional que se llevar\u00e1 a cabo en la ciudad de Monterrey.<\/p>\n<p>En la ciudad capital por primera vez en la historia de 20 a\u00f1os, se reunieron c\u00e1maras empresariales, Canaco, CMIC, Coparmex, Asociaci\u00f3n de hoteles, Colegios de Abogados, Ingenieros, Notarios, para tomar acuerdos en la mesa de alianza por el desarrollo y bienestar del municipio de Victoria, con el alcalde LALO GATTAS.<\/p>\n<p>La finalidad es impulsar el desarrollo econ\u00f3mico en todos los sectores productivos del municipio.<\/p>\n<p>Juntos gobierno municipal \u2013 sectores productivos hacen empat\u00eda para el progreso.<\/p>\n<p>Como tema estelar de los municipios tenemos que el Gobierno de Nuevo Laredo, a trav\u00e9s de la Secretar\u00eda de Desarrollo Econ\u00f3mico, emiti\u00f3 la convocatoria para integrar la segunda generaci\u00f3n del Plan de Acompa\u00f1amiento \u201cHecho en Nuevo Laredo\u201d, programa dirigido a emprendedores y micro, peque\u00f1as y medianas empresas locales.<\/p>\n<p>El objetivo tiene una m\u00e9trica medible, la capacitaci\u00f3n en el entendimiento de la formalizaci\u00f3n del emprendurismo con la finalidad que m\u00e1s empresas pasen del ambiente informal las actividades formales con el beneficio de los beneficios sociales.<\/p>\n<p>La presidenta municipal CARMEN LILIA CANTUROSAS VILLARREAL es una convencida orientada a fortalecer el ecosistema emprendedor y el desarrollo econ\u00f3mico local mediante el respaldo a proyectos productivos generados en la ciudad.<\/p>\n<p>AGENDA FRONTERIZA es una colaboraci\u00f3n de temas relacionados con el desarrollo econ\u00f3mico del estado de Tamaulipas y sus municipios. Se distribuye a trav\u00e9s de la Agencia Informaci\u00f3n y An\u00e1lisis Estad\u00edstico.<\/p>\n<p>MI CORREO: humbertografico@yahoo.com.mx<\/p>\n","protected":false},"excerpt":{"rendered":"<p>La noticia del d\u00eda es proporcionada directamente por la oficina del gobernador al cumplir en tiempo y forma informar al Congreso el Cuarto Informe. El Congreso del Estado, recibi\u00f3 del Poder Ejecutivo estatal, el documento que contiene el estado que guarda la administraci\u00f3n p\u00fablica, correspondiente al Cuarto Informe de Gobierno, en cumplimiento de lo establecido [&hellip;]<\/p>\n","protected":false},"author":1,"featured_media":216380,"comment_status":"closed","ping_status":"closed","sticky":false,"template":"","format":"standard","meta":{"footnotes":""},"categories":[16],"tags":[],"class_list":["post-220339","post","type-post","status-publish","format-standard","has-post-thumbnail","hentry","category-opinion"],"_links":{"self":[{"href":"https:\/\/www.elsinodaldetamaulipas.com.mx\/index.php?rest_route=\/wp\/v2\/posts\/220339","targetHints":{"allow":["GET"]}}],"collection":[{"href":"https:\/\/www.elsinodaldetamaulipas.com.mx\/index.php?rest_route=\/wp\/v2\/posts"}],"about":[{"href":"https:\/\/www.elsinodaldetamaulipas.com.mx\/index.php?rest_route=\/wp\/v2\/types\/post"}],"author":[{"embeddable":true,"href":"https:\/\/www.elsinodaldetamaulipas.com.mx\/index.php?rest_route=\/wp\/v2\/users\/1"}],"replies":[{"embeddable":true,"href":"https:\/\/www.elsinodaldetamaulipas.com.mx\/index.php?rest_route=%2Fwp%2Fv2%2Fcomments&post=220339"}],"version-history":[{"count":1,"href":"https:\/\/www.elsinodaldetamaulipas.com.mx\/index.php?rest_route=\/wp\/v2\/posts\/220339\/revisions"}],"predecessor-version":[{"id":220340,"href":"https:\/\/www.elsinodaldetamaulipas.com.mx\/index.php?rest_route=\/wp\/v2\/posts\/220339\/revisions\/220340"}],"wp:featuredmedia":[{"embeddable":true,"href":"https:\/\/www.elsinodaldetamaulipas.com.mx\/index.php?rest_route=\/wp\/v2\/media\/216380"}],"wp:attachment":[{"href":"https:\/\/www.elsinodaldetamaulipas.com.mx\/index.php?rest_route=%2Fwp%2Fv2%2Fmedia&parent=220339"}],"wp:term":[{"taxonomy":"category","embeddable":true,"href":"https:\/\/www.elsinodaldetamaulipas.com.mx\/index.php?rest_route=%2Fwp%2Fv2%2Fcategories&post=220339"},{"taxonomy":"post_tag","embeddable":true,"href":"https:\/\/www.elsinodaldetamaulipas.com.mx\/index.php?rest_route=%2Fwp%2Fv2%2Ftags&post=220339"}],"curies":[{"name":"wp","href":"https:\/\/api.w.org\/{rel}","templated":true}]}}