{"id":221971,"date":"2026-04-25T16:39:01","date_gmt":"2026-04-25T20:39:01","guid":{"rendered":"https:\/\/www.elsinodaldetamaulipas.com.mx\/?p=221971"},"modified":"2026-04-25T16:46:31","modified_gmt":"2026-04-25T20:46:31","slug":"inolvidable-festejo-dio-siamarm-a-los-pequenos","status":"publish","type":"post","link":"https:\/\/www.elsinodaldetamaulipas.com.mx\/?p=221971","title":{"rendered":"INOLVIDABLE FESTEJO DIO SIAMARM A LOS PEQUE\u00d1OS"},"content":{"rendered":"<h5><em><strong>Por Juan Carlos Rodr\u00edguez Terrazas\/EL SINODAL DE TAMAULIPAS<\/strong><\/em><\/h5>\n<p>Reynosa, Tam.- La tarde del viernes 24 de abril ser\u00e1 una fecha inolvidable para los peque\u00f1ines de Reynosa que tuvieron la oportunidad de conocer a Winsi El Dog, durante la funci\u00f3n de lucha libre con la que el Sindicato Industrial Aut\u00f3nomo de Maquiladora de la Rep\u00fablica Mexicana, les celebr\u00f3 anticipadamente el \u201cD\u00eda del Ni\u00f1o\u201d.<\/p>\n<p><img loading=\"lazy\" decoding=\"async\" class=\"aligncenter wp-image-221974 size-full\" src=\"https:\/\/www.elsinodaldetamaulipas.com.mx\/wp-content\/uploads\/2026\/04\/llenazo-2.jpg\" alt=\"\" width=\"894\" height=\"487\" srcset=\"https:\/\/www.elsinodaldetamaulipas.com.mx\/wp-content\/uploads\/2026\/04\/llenazo-2.jpg 894w, https:\/\/www.elsinodaldetamaulipas.com.mx\/wp-content\/uploads\/2026\/04\/llenazo-2-300x163.jpg 300w, https:\/\/www.elsinodaldetamaulipas.com.mx\/wp-content\/uploads\/2026\/04\/llenazo-2-768x418.jpg 768w\" sizes=\"auto, (max-width: 894px) 100vw, 894px\" \/><\/p>\n<p>El amplio escenario de la Plaza de Toros Monumental de Reynosa, result\u00f3 pr\u00e1cticamente insuficiente para dar cabida a los mas de seis mil ni\u00f1os y mas de mil quinientos adultos que se apretujaron para disfrutar de la fiesta que ofreci\u00f3 la dirigencia sindical encabezada por el diputado y l\u00edder nacional Alberto Lara Bazald\u00faa.<img loading=\"lazy\" decoding=\"async\" class=\"aligncenter wp-image-221975 size-full\" src=\"https:\/\/www.elsinodaldetamaulipas.com.mx\/wp-content\/uploads\/2026\/04\/LLENAZO-3.jpg\" alt=\"\" width=\"894\" height=\"487\" srcset=\"https:\/\/www.elsinodaldetamaulipas.com.mx\/wp-content\/uploads\/2026\/04\/LLENAZO-3.jpg 894w, https:\/\/www.elsinodaldetamaulipas.com.mx\/wp-content\/uploads\/2026\/04\/LLENAZO-3-300x163.jpg 300w, https:\/\/www.elsinodaldetamaulipas.com.mx\/wp-content\/uploads\/2026\/04\/LLENAZO-3-768x418.jpg 768w\" sizes=\"auto, (max-width: 894px) 100vw, 894px\" \/><\/p>\n<p style=\"text-align: center;\"><strong>INVITADOS DE HONOR<\/strong><\/p>\n<p>Como testigos de esta proeza que engrandece el esp\u00edritu solidario y humanista de la organizaci\u00f3n sindical, estuvieron presentes distinguidas personalidades entre ellas el presidente municipal Carlos Pe\u00f1a Ortiz, su Secretario de Desarrollo Social Antonio Ch\u00e1vez y los diputados locales Eva Reyes Gonz\u00e1lez, el presidente de la Junta de Gobierno del Congreso Humberto Prieto Herrera y, el de casa Byron Cavazos Tapia, asi como el regidor del cabildo Emanuel Coronado Zamora.<\/p>\n<p><img loading=\"lazy\" decoding=\"async\" class=\"aligncenter wp-image-221976 size-full\" src=\"https:\/\/www.elsinodaldetamaulipas.com.mx\/wp-content\/uploads\/2026\/04\/LLENAZO-4.jpg\" alt=\"\" width=\"894\" height=\"487\" srcset=\"https:\/\/www.elsinodaldetamaulipas.com.mx\/wp-content\/uploads\/2026\/04\/LLENAZO-4.jpg 894w, https:\/\/www.elsinodaldetamaulipas.com.mx\/wp-content\/uploads\/2026\/04\/LLENAZO-4-300x163.jpg 300w, https:\/\/www.elsinodaldetamaulipas.com.mx\/wp-content\/uploads\/2026\/04\/LLENAZO-4-768x418.jpg 768w\" sizes=\"auto, (max-width: 894px) 100vw, 894px\" \/><\/p>\n<p>Correspondi\u00f3 al sub director del Instituto Nacional Indigenista y l\u00edder de las juventudes de SIAMARM, Brando Lara Montesinos a nombre del gremio dar la bienvenida a los invitados especiales que fueron los ni\u00f1os y muchos de los padres de estos que disfrutaron de un gran show esteralizado por los payasos \u201cRegalito\u201d y compa\u00f1\u00eda, adem\u00e1s de El Payasote, quienes interpretaron varios de sus m\u00e1s sonados \u00e9xitos musicales.<\/p>\n<p><img loading=\"lazy\" decoding=\"async\" class=\"aligncenter wp-image-221977 size-full\" src=\"https:\/\/www.elsinodaldetamaulipas.com.mx\/wp-content\/uploads\/2026\/04\/LLENAZO-5.jpg\" alt=\"\" width=\"894\" height=\"487\" srcset=\"https:\/\/www.elsinodaldetamaulipas.com.mx\/wp-content\/uploads\/2026\/04\/LLENAZO-5.jpg 894w, https:\/\/www.elsinodaldetamaulipas.com.mx\/wp-content\/uploads\/2026\/04\/LLENAZO-5-300x163.jpg 300w, https:\/\/www.elsinodaldetamaulipas.com.mx\/wp-content\/uploads\/2026\/04\/LLENAZO-5-768x418.jpg 768w\" sizes=\"auto, (max-width: 894px) 100vw, 894px\" \/><\/p>\n<p style=\"text-align: center;\"><strong>LOS REYES DEL HOGAR<\/strong><\/p>\n<p>Todos los menores asistentes recibieron al llegar, juguetes, golosinas, pizza, refrescos, agua y hotdogs, un tit\u00e1nico esfuerzo que se logr\u00f3 gracias al trabajo de cientos de miembros del staff SIAMARM que se involucraron en la organizaci\u00f3n de la ya tradicional celebraci\u00f3n a la ni\u00f1ez reynosense.<\/p>\n<p><img loading=\"lazy\" decoding=\"async\" class=\"aligncenter wp-image-221979 size-full\" src=\"https:\/\/www.elsinodaldetamaulipas.com.mx\/wp-content\/uploads\/2026\/04\/LLEBAZO-6.jpg\" alt=\"\" width=\"894\" height=\"487\" srcset=\"https:\/\/www.elsinodaldetamaulipas.com.mx\/wp-content\/uploads\/2026\/04\/LLEBAZO-6.jpg 894w, https:\/\/www.elsinodaldetamaulipas.com.mx\/wp-content\/uploads\/2026\/04\/LLEBAZO-6-300x163.jpg 300w, https:\/\/www.elsinodaldetamaulipas.com.mx\/wp-content\/uploads\/2026\/04\/LLEBAZO-6-768x418.jpg 768w\" sizes=\"auto, (max-width: 894px) 100vw, 894px\" \/><\/p>\n<p>Antes de dar inicio la lucha estrella de la tarde que protagonizaron Wisin El Dog, Octagoncito y Rey Imperial en relevos australianos contra los malosos Shere Kan, Charro Aguilar y Mini Psycosis, se llev\u00f3 a cabo un sorteo de bicicletas que los peque\u00f1os afortunados recibieron en el p\u00f3rtico de la plaza de Toros Monumental Reynosa.<\/p>\n<p><img loading=\"lazy\" decoding=\"async\" class=\"aligncenter wp-image-221980 size-full\" src=\"https:\/\/www.elsinodaldetamaulipas.com.mx\/wp-content\/uploads\/2026\/04\/LLENAZO-7.jpg\" alt=\"\" width=\"894\" height=\"487\" srcset=\"https:\/\/www.elsinodaldetamaulipas.com.mx\/wp-content\/uploads\/2026\/04\/LLENAZO-7.jpg 894w, https:\/\/www.elsinodaldetamaulipas.com.mx\/wp-content\/uploads\/2026\/04\/LLENAZO-7-300x163.jpg 300w, https:\/\/www.elsinodaldetamaulipas.com.mx\/wp-content\/uploads\/2026\/04\/LLENAZO-7-768x418.jpg 768w\" sizes=\"auto, (max-width: 894px) 100vw, 894px\" \/><\/p>\n<p style=\"text-align: center;\"><strong>SIN INCIDENTES<\/strong><\/p>\n<p>Cabe mencionar que elementos de la Cruz Roja, radio brigadistas y elementos del ERUP, tuvieron a su cargo la atenci\u00f3n de ni\u00f1os perdidos e insolados por las altas temperaturas que predominaron por algunos instantes durante la funci\u00f3n de const\u00f3 de cuatro horas de diversi\u00f3n, pero afortunadamente se report\u00f3 un saldo blanco en la celebraci\u00f3n que reuni\u00f3 a los miles de peque\u00f1os.<\/p>\n<p><img loading=\"lazy\" decoding=\"async\" class=\"aligncenter wp-image-221981 size-full\" src=\"https:\/\/www.elsinodaldetamaulipas.com.mx\/wp-content\/uploads\/2026\/04\/LLENAZO-9.jpg\" alt=\"\" width=\"894\" height=\"487\" srcset=\"https:\/\/www.elsinodaldetamaulipas.com.mx\/wp-content\/uploads\/2026\/04\/LLENAZO-9.jpg 894w, https:\/\/www.elsinodaldetamaulipas.com.mx\/wp-content\/uploads\/2026\/04\/LLENAZO-9-300x163.jpg 300w, https:\/\/www.elsinodaldetamaulipas.com.mx\/wp-content\/uploads\/2026\/04\/LLENAZO-9-768x418.jpg 768w\" sizes=\"auto, (max-width: 894px) 100vw, 894px\" \/><\/p>\n<p>Menci\u00f3n aparte a la humana actitud del joven Brando Lara, que obsequi\u00f3 a una peque\u00f1ita con s\u00edndrome down, un mu\u00f1eco con la imagen de Regalito que hab\u00eda sido obsequiado como una muestra de agradecimiento al l\u00edder Alberto Lara Bazald\u00faa, durante esta fiesta inclusiva que ser\u00e1 recordada durante muchos a\u00f1os por los asistentes que se tomaron muchas fotograf\u00edas y videos durante la convivencia previa y posterior con el \u00eddolo infantil Winsi El Dog.<\/p>\n","protected":false},"excerpt":{"rendered":"<p>Por Juan Carlos Rodr\u00edguez Terrazas\/EL SINODAL DE TAMAULIPAS Reynosa, Tam.- La tarde del viernes 24 de abril ser\u00e1 una fecha inolvidable para los peque\u00f1ines de Reynosa que tuvieron la oportunidad de conocer a Winsi El Dog, durante la funci\u00f3n de lucha libre con la que el Sindicato Industrial Aut\u00f3nomo de Maquiladora de la Rep\u00fablica Mexicana, [&hellip;]<\/p>\n","protected":false},"author":1,"featured_media":221973,"comment_status":"closed","ping_status":"closed","sticky":false,"template":"","format":"standard","meta":{"footnotes":""},"categories":[1,2],"tags":[],"class_list":["post-221971","post","type-post","status-publish","format-standard","has-post-thumbnail","hentry","category-portada","category-reynosa"],"_links":{"self":[{"href":"https:\/\/www.elsinodaldetamaulipas.com.mx\/index.php?rest_route=\/wp\/v2\/posts\/221971","targetHints":{"allow":["GET"]}}],"collection":[{"href":"https:\/\/www.elsinodaldetamaulipas.com.mx\/index.php?rest_route=\/wp\/v2\/posts"}],"about":[{"href":"https:\/\/www.elsinodaldetamaulipas.com.mx\/index.php?rest_route=\/wp\/v2\/types\/post"}],"author":[{"embeddable":true,"href":"https:\/\/www.elsinodaldetamaulipas.com.mx\/index.php?rest_route=\/wp\/v2\/users\/1"}],"replies":[{"embeddable":true,"href":"https:\/\/www.elsinodaldetamaulipas.com.mx\/index.php?rest_route=%2Fwp%2Fv2%2Fcomments&post=221971"}],"version-history":[{"count":3,"href":"https:\/\/www.elsinodaldetamaulipas.com.mx\/index.php?rest_route=\/wp\/v2\/posts\/221971\/revisions"}],"predecessor-version":[{"id":221982,"href":"https:\/\/www.elsinodaldetamaulipas.com.mx\/index.php?rest_route=\/wp\/v2\/posts\/221971\/revisions\/221982"}],"wp:featuredmedia":[{"embeddable":true,"href":"https:\/\/www.elsinodaldetamaulipas.com.mx\/index.php?rest_route=\/wp\/v2\/media\/221973"}],"wp:attachment":[{"href":"https:\/\/www.elsinodaldetamaulipas.com.mx\/index.php?rest_route=%2Fwp%2Fv2%2Fmedia&parent=221971"}],"wp:term":[{"taxonomy":"category","embeddable":true,"href":"https:\/\/www.elsinodaldetamaulipas.com.mx\/index.php?rest_route=%2Fwp%2Fv2%2Fcategories&post=221971"},{"taxonomy":"post_tag","embeddable":true,"href":"https:\/\/www.elsinodaldetamaulipas.com.mx\/index.php?rest_route=%2Fwp%2Fv2%2Ftags&post=221971"}],"curies":[{"name":"wp","href":"https:\/\/api.w.org\/{rel}","templated":true}]}}