{"id":221983,"date":"2026-04-25T17:12:48","date_gmt":"2026-04-25T21:12:48","guid":{"rendered":"https:\/\/www.elsinodaldetamaulipas.com.mx\/?p=221983"},"modified":"2026-04-25T17:12:48","modified_gmt":"2026-04-25T21:12:48","slug":"no-pueden-comercializarse-autos-regularizados","status":"publish","type":"post","link":"https:\/\/www.elsinodaldetamaulipas.com.mx\/?p=221983","title":{"rendered":"NO PUEDEN COMERCIALIZARSE AUTOS REGULARIZADOS"},"content":{"rendered":"<p><em><strong>Por Gil Vicente Galindo\/EL SINODAL DE TAMAULIPAS<\/strong><\/em><\/p>\n<p>Reynosa, Tam.- El director general de Oficinas Fiscales del Estado, licenciado Marcelo Ol\u00e1n Mendoza dejo en claro que la regularizaci\u00f3n de miles de veh\u00edculos extranjeros, fueron nacionalizados, bajo estrictas normas.<\/p>\n<p>\u201cEl gobierno federal, dese el presidente Andr\u00e9s Manuel L\u00f3pez Obrador y una extensi\u00f3n de la presidenta Claudia Sheinbaum Pardo, fue para beneficiar a familias de escasos recursos, no para lucrar con ellos\u201d, dijo el funcionario estatal.<\/p>\n<p>Si un carro fue regularizado por decreto, no puede ser comercializado ni la Oficina Fiscal del Estado puede aceptar cambio de propietario, al hacer el tr\u00e1mite el due\u00f1o del carro firmo de que no puede vender su unidad motriz.<\/p>\n<p>\u201cEstos miles de carros que fueron regularizados por decreto, no pueden abandonar el pa\u00eds, es decir, no pueden cruzar el puente internacional hacia Estados Unidos de Norteam\u00e9rica, estar\u00edan cometiendo un delito federal\u201d, reiter\u00f3 el licenciado Marcelo Ol\u00e1n Mendoza.<\/p>\n<p>As\u00ed que el llamado a todo propietario de carros regularizados por decreto, ni pueden comercializar su unidad, ya que no podr\u00e1n hacer el cambio de propietario, no, al menos en Tamaulipas y si se comete un delito con esa unidad motriz, el titular puede ser vinculado a un proceso judicial, concluy\u00f3 diciendo el director de la fiscal en Tamaulipas.<\/p>\n","protected":false},"excerpt":{"rendered":"<p>Por Gil Vicente Galindo\/EL SINODAL DE TAMAULIPAS Reynosa, Tam.- El director general de Oficinas Fiscales del Estado, licenciado Marcelo Ol\u00e1n Mendoza dejo en claro que la regularizaci\u00f3n de miles de veh\u00edculos extranjeros, fueron nacionalizados, bajo estrictas normas. \u201cEl gobierno federal, dese el presidente Andr\u00e9s Manuel L\u00f3pez Obrador y una extensi\u00f3n de la presidenta Claudia Sheinbaum [&hellip;]<\/p>\n","protected":false},"author":1,"featured_media":221984,"comment_status":"closed","ping_status":"closed","sticky":false,"template":"","format":"standard","meta":{"footnotes":""},"categories":[1,2],"tags":[],"class_list":["post-221983","post","type-post","status-publish","format-standard","has-post-thumbnail","hentry","category-portada","category-reynosa"],"_links":{"self":[{"href":"https:\/\/www.elsinodaldetamaulipas.com.mx\/index.php?rest_route=\/wp\/v2\/posts\/221983","targetHints":{"allow":["GET"]}}],"collection":[{"href":"https:\/\/www.elsinodaldetamaulipas.com.mx\/index.php?rest_route=\/wp\/v2\/posts"}],"about":[{"href":"https:\/\/www.elsinodaldetamaulipas.com.mx\/index.php?rest_route=\/wp\/v2\/types\/post"}],"author":[{"embeddable":true,"href":"https:\/\/www.elsinodaldetamaulipas.com.mx\/index.php?rest_route=\/wp\/v2\/users\/1"}],"replies":[{"embeddable":true,"href":"https:\/\/www.elsinodaldetamaulipas.com.mx\/index.php?rest_route=%2Fwp%2Fv2%2Fcomments&post=221983"}],"version-history":[{"count":1,"href":"https:\/\/www.elsinodaldetamaulipas.com.mx\/index.php?rest_route=\/wp\/v2\/posts\/221983\/revisions"}],"predecessor-version":[{"id":221985,"href":"https:\/\/www.elsinodaldetamaulipas.com.mx\/index.php?rest_route=\/wp\/v2\/posts\/221983\/revisions\/221985"}],"wp:featuredmedia":[{"embeddable":true,"href":"https:\/\/www.elsinodaldetamaulipas.com.mx\/index.php?rest_route=\/wp\/v2\/media\/221984"}],"wp:attachment":[{"href":"https:\/\/www.elsinodaldetamaulipas.com.mx\/index.php?rest_route=%2Fwp%2Fv2%2Fmedia&parent=221983"}],"wp:term":[{"taxonomy":"category","embeddable":true,"href":"https:\/\/www.elsinodaldetamaulipas.com.mx\/index.php?rest_route=%2Fwp%2Fv2%2Fcategories&post=221983"},{"taxonomy":"post_tag","embeddable":true,"href":"https:\/\/www.elsinodaldetamaulipas.com.mx\/index.php?rest_route=%2Fwp%2Fv2%2Ftags&post=221983"}],"curies":[{"name":"wp","href":"https:\/\/api.w.org\/{rel}","templated":true}]}}