{"id":221989,"date":"2026-04-26T17:33:01","date_gmt":"2026-04-26T21:33:01","guid":{"rendered":"https:\/\/www.elsinodaldetamaulipas.com.mx\/?p=221989"},"modified":"2026-04-26T17:33:01","modified_gmt":"2026-04-26T21:33:01","slug":"marcelo-olan-brindo-festejo-a-ninos-estudiosos","status":"publish","type":"post","link":"https:\/\/www.elsinodaldetamaulipas.com.mx\/?p=221989","title":{"rendered":"MARCELO OLAN, BRIND\u00d3 FESTEJO A NI\u00d1OS ESTUDIOSOS"},"content":{"rendered":"<p><em><strong>Por Gil Vicente Galindo\/EL SINODAL DE TAMAULIPAS<\/strong><\/em><\/p>\n<p>Reynosa, Tam.- A pesar de ser s\u00e1bado, cientos de ni\u00f1os fueron festejados por la fundaci\u00f3n \u201cMarcelo Ol\u00e1n Mendoza\u201d en la escuela primaria \u201cNissan 65\u201d turno matutino y el vespertino, \u201cSerapio Cant\u00fa Barrag\u00e1n\u201d del fraccionamiento Villa Florida.<\/p>\n<p>Al evento se sum\u00f3 la diputada local, Magaly De\u00e1ndar Robins\u00f3n, quien aprovech\u00f3 el momento para felicitar a la ni\u00f1ez presente a quienes les dijo, ustedes son el presente de M\u00e9xico.<\/p>\n<p><img loading=\"lazy\" decoding=\"async\" class=\"aligncenter wp-image-221991 size-full\" src=\"https:\/\/www.elsinodaldetamaulipas.com.mx\/wp-content\/uploads\/2026\/04\/MARCELO-2.jpg\" alt=\"\" width=\"894\" height=\"487\" srcset=\"https:\/\/www.elsinodaldetamaulipas.com.mx\/wp-content\/uploads\/2026\/04\/MARCELO-2.jpg 894w, https:\/\/www.elsinodaldetamaulipas.com.mx\/wp-content\/uploads\/2026\/04\/MARCELO-2-300x163.jpg 300w, https:\/\/www.elsinodaldetamaulipas.com.mx\/wp-content\/uploads\/2026\/04\/MARCELO-2-768x418.jpg 768w\" sizes=\"auto, (max-width: 894px) 100vw, 894px\" \/><\/p>\n<p>Marcelo Ol\u00e1n Mendoza, presidente de la fundaci\u00f3n que lleva su nombre, llev\u00f3 gran alegr\u00eda anticipada del \u201cD\u00eda del ni\u00f1o\u201d, quienes recibieron m\u00faltiples regalos, desde bicicletas, balones, carritos, mu\u00f1ecas, pizza, pi\u00f1atas y el show de payasitos, en jubiloso evento en el que estuvo acompa\u00f1ado por su esposa la licenciada Erika Patricia Salinas e hijos.<\/p>\n<p>Todo fue alegr\u00eda de ni\u00f1os y ni\u00f1as de ambas escuelas, padres de familia contentos con la fundaci\u00f3n \u201cMarcelo Ol\u00e1n Mendoza\u201d, que, por cierto, tuvo un recibimiento fenomenal, al grito de \u201cMarcelo, Marcelo, Marcelo\u201d, que retumbo en toda la colonia Villa Florida y Vista Hermosa.<\/p>\n<p><img loading=\"lazy\" decoding=\"async\" class=\"alignnone\" src=\"https:\/\/www.elsinodaldetamaulipas.com.mx\/wp-content\/uploads\/2026\/04\/MARCELO-3.jpg\" alt=\"\" width=\"894\" height=\"487\" \/>\u00a0 \u00a0 \u00a0 \u00a0 \u00a0 \u00a0 \u00a0 \u00a0 Hubo regalos para todos los ni\u00f1os y ni\u00f1as que asistieron al festejo y claro, un nutritivo desayuno que disfrutaron con su refresco y seguir disfrutado del d\u00eda, y con el compromiso de echarle m\u00e1s ganas al estudio.<\/p>\n<p>El director de la Escuela #Dr. Serapio Cant\u00fa Barrag\u00e1n\u201d, profesor Martin Antonio S\u00e1nchez M\u00e1rquez, durante el acto reconoci\u00f3 la incansable labor que Marcelo ha realizado en beneficio de este plantel a la que recientemente con recursos propios y un apoyo de padres de familia se le dot\u00f3 de una cisterna que ha acabado con los problemas de escasez del agua.<\/p>\n<p><img loading=\"lazy\" decoding=\"async\" class=\"aligncenter wp-image-221993 size-full\" src=\"https:\/\/www.elsinodaldetamaulipas.com.mx\/wp-content\/uploads\/2026\/04\/MARCELO-4.jpg\" alt=\"\" width=\"894\" height=\"487\" srcset=\"https:\/\/www.elsinodaldetamaulipas.com.mx\/wp-content\/uploads\/2026\/04\/MARCELO-4.jpg 894w, https:\/\/www.elsinodaldetamaulipas.com.mx\/wp-content\/uploads\/2026\/04\/MARCELO-4-300x163.jpg 300w, https:\/\/www.elsinodaldetamaulipas.com.mx\/wp-content\/uploads\/2026\/04\/MARCELO-4-768x418.jpg 768w\" sizes=\"auto, (max-width: 894px) 100vw, 894px\" \/><\/p>\n<p>tambi\u00e9n el maestro Eduardo Gonz\u00e1lez Oliveros, director de, la Escuela Nissan 65, agradeci\u00f3 el apoyo siempre puntual del licenciado Ol\u00e1n Mendoza, quien ha estado presente en los \u00faltimos ocho a\u00f1os en ese populoso sector compuesto en su mayor\u00eda por obreros de la industria maquiladora.<\/p>\n<p>Menci\u00f3n aparte la presencia como invitado del profesor Juan Enrique Hern\u00e1ndez Alonso, Director de la Escuela Lauro Aguirre quien hizo menci\u00f3n de la meritoria labor del presidente honorario de la Fundaci\u00f3n Marcelo Ol\u00e1n y todo un equipo de colaboradores comprometidos con el desarrollo social de Reynosa.<\/p>\n<p><img loading=\"lazy\" decoding=\"async\" class=\"aligncenter wp-image-221994 size-full\" src=\"https:\/\/www.elsinodaldetamaulipas.com.mx\/wp-content\/uploads\/2026\/04\/MARCELO-5.jpg\" alt=\"\" width=\"894\" height=\"487\" srcset=\"https:\/\/www.elsinodaldetamaulipas.com.mx\/wp-content\/uploads\/2026\/04\/MARCELO-5.jpg 894w, https:\/\/www.elsinodaldetamaulipas.com.mx\/wp-content\/uploads\/2026\/04\/MARCELO-5-300x163.jpg 300w, https:\/\/www.elsinodaldetamaulipas.com.mx\/wp-content\/uploads\/2026\/04\/MARCELO-5-768x418.jpg 768w\" sizes=\"auto, (max-width: 894px) 100vw, 894px\" \/><\/p>\n<p>Por all\u00ed se cont\u00f3 con el extraordinario apoyo de miembros de la fundaci\u00f3n benefactora entre ellos la presidenta de la A.C., maestra Hilda Ortiz Casta\u00f1eda y elementos de gran val\u00eda como Miguel \u00c1ngel Ju\u00e1rez Duque, Arturo Ceccopieri Rojano, Agla\u00e9 Salinas, Esmeralda Torres, \u00c1ngeles Dom\u00ednguez,<\/p>\n","protected":false},"excerpt":{"rendered":"<p>Por Gil Vicente Galindo\/EL SINODAL DE TAMAULIPAS Reynosa, Tam.- A pesar de ser s\u00e1bado, cientos de ni\u00f1os fueron festejados por la fundaci\u00f3n \u201cMarcelo Ol\u00e1n Mendoza\u201d en la escuela primaria \u201cNissan 65\u201d turno matutino y el vespertino, \u201cSerapio Cant\u00fa Barrag\u00e1n\u201d del fraccionamiento Villa Florida. Al evento se sum\u00f3 la diputada local, Magaly De\u00e1ndar Robins\u00f3n, quien aprovech\u00f3 [&hellip;]<\/p>\n","protected":false},"author":1,"featured_media":221990,"comment_status":"closed","ping_status":"closed","sticky":false,"template":"","format":"standard","meta":{"footnotes":""},"categories":[1,2],"tags":[],"class_list":["post-221989","post","type-post","status-publish","format-standard","has-post-thumbnail","hentry","category-portada","category-reynosa"],"_links":{"self":[{"href":"https:\/\/www.elsinodaldetamaulipas.com.mx\/index.php?rest_route=\/wp\/v2\/posts\/221989","targetHints":{"allow":["GET"]}}],"collection":[{"href":"https:\/\/www.elsinodaldetamaulipas.com.mx\/index.php?rest_route=\/wp\/v2\/posts"}],"about":[{"href":"https:\/\/www.elsinodaldetamaulipas.com.mx\/index.php?rest_route=\/wp\/v2\/types\/post"}],"author":[{"embeddable":true,"href":"https:\/\/www.elsinodaldetamaulipas.com.mx\/index.php?rest_route=\/wp\/v2\/users\/1"}],"replies":[{"embeddable":true,"href":"https:\/\/www.elsinodaldetamaulipas.com.mx\/index.php?rest_route=%2Fwp%2Fv2%2Fcomments&post=221989"}],"version-history":[{"count":1,"href":"https:\/\/www.elsinodaldetamaulipas.com.mx\/index.php?rest_route=\/wp\/v2\/posts\/221989\/revisions"}],"predecessor-version":[{"id":221995,"href":"https:\/\/www.elsinodaldetamaulipas.com.mx\/index.php?rest_route=\/wp\/v2\/posts\/221989\/revisions\/221995"}],"wp:featuredmedia":[{"embeddable":true,"href":"https:\/\/www.elsinodaldetamaulipas.com.mx\/index.php?rest_route=\/wp\/v2\/media\/221990"}],"wp:attachment":[{"href":"https:\/\/www.elsinodaldetamaulipas.com.mx\/index.php?rest_route=%2Fwp%2Fv2%2Fmedia&parent=221989"}],"wp:term":[{"taxonomy":"category","embeddable":true,"href":"https:\/\/www.elsinodaldetamaulipas.com.mx\/index.php?rest_route=%2Fwp%2Fv2%2Fcategories&post=221989"},{"taxonomy":"post_tag","embeddable":true,"href":"https:\/\/www.elsinodaldetamaulipas.com.mx\/index.php?rest_route=%2Fwp%2Fv2%2Ftags&post=221989"}],"curies":[{"name":"wp","href":"https:\/\/api.w.org\/{rel}","templated":true}]}}