{"id":221996,"date":"2026-04-26T17:46:42","date_gmt":"2026-04-26T21:46:42","guid":{"rendered":"https:\/\/www.elsinodaldetamaulipas.com.mx\/?p=221996"},"modified":"2026-04-26T17:46:42","modified_gmt":"2026-04-26T21:46:42","slug":"se-aproxima-la-temporada-de-huracanes-2026","status":"publish","type":"post","link":"https:\/\/www.elsinodaldetamaulipas.com.mx\/?p=221996","title":{"rendered":"SE APROXIMA LA TEMPORADA DE HURACANES 2026"},"content":{"rendered":"<p><em><strong>Por Gil Vicente Galindo\/EL SINODAL DE TAMAULIPAS<\/strong><\/em><\/p>\n<p>Reynosa, Tam.- Ser\u00e1 hasta el primero de junio cuando entre la temporada de huracanes 2026 en el Oc\u00e9ano Atl\u00e1ntico y el 15 de mayo en el Pac\u00edfico y ya tienen nombre de acuerdo a como vayan form\u00e1ndose en ambos litorales.<\/p>\n<p>La primera tormenta tropical en el Pac\u00edfico se le denominar\u00e1 \u201cAmanda\u201d, el segundo ser\u00e1 \u201cBoris\u201d, \u201cCristina\u201d, \u201cDouglas\u201d, \u201cElida\u201d, \u201cFausto\u201d, \u201cGenevieve\u201d, \u201cHern\u00e1n\u201d, \u201cIselle\u201d, \u201cJulio\u201d y si el tiempo alcanza, se presentar\u00eda \u201cKarina\u201d.<\/p>\n<p>Mientras que ac\u00e1 en el Atl\u00e1ntico nacer\u00e1n las tormentas \u201cArthur\u201d, \u201cBertha\u201d, \u201cCrist\u00f3bal\u201d, \u201cDolly\u201d, \u201cEdouard\u201d, \u201cFay\u201d, despu\u00e9s estar\u00e1 llegando \u201cGonzalo\u201d y luego \u201cHanna\u201d, \u201cIsa\u00edas\u201d, \u201cJosephine\u201d y \u201cKyle\u201d de los cuales se espera que solo uno o dos alcances la m\u00e1xima categor\u00eda de cinco.<\/p>\n<p><img loading=\"lazy\" decoding=\"async\" class=\"aligncenter wp-image-221998 size-full\" src=\"https:\/\/www.elsinodaldetamaulipas.com.mx\/wp-content\/uploads\/2026\/04\/TEMOPORADA-4.jpg\" alt=\"\" width=\"400\" height=\"155\" srcset=\"https:\/\/www.elsinodaldetamaulipas.com.mx\/wp-content\/uploads\/2026\/04\/TEMOPORADA-4.jpg 400w, https:\/\/www.elsinodaldetamaulipas.com.mx\/wp-content\/uploads\/2026\/04\/TEMOPORADA-4-300x116.jpg 300w\" sizes=\"auto, (max-width: 400px) 100vw, 400px\" \/><\/p>\n<p>De acuerdo al pron\u00f3stico de expertos en huracanes ser\u00e1 el \u201cni\u00f1o\u201d el que este provocando toda esta inestabilidad ambiental por lo que autoridades de protecci\u00f3n civil, Sedena, cruz roja, federaci\u00f3n, estados y municipios, ya preparan estrategias para hacer frente a la temporada.<\/p>\n<p>De manera anticipada, municipios y estado siguen convocando a ciudadanos a no tirar basura a la calle, prevenir alej\u00e1ndose de drenes, r\u00edos, canales, calicheras e ir preparando su kit de emergencia.<\/p>\n","protected":false},"excerpt":{"rendered":"<p>Por Gil Vicente Galindo\/EL SINODAL DE TAMAULIPAS Reynosa, Tam.- Ser\u00e1 hasta el primero de junio cuando entre la temporada de huracanes 2026 en el Oc\u00e9ano Atl\u00e1ntico y el 15 de mayo en el Pac\u00edfico y ya tienen nombre de acuerdo a como vayan form\u00e1ndose en ambos litorales. La primera tormenta tropical en el Pac\u00edfico se [&hellip;]<\/p>\n","protected":false},"author":1,"featured_media":221997,"comment_status":"closed","ping_status":"closed","sticky":false,"template":"","format":"standard","meta":{"footnotes":""},"categories":[1,2],"tags":[],"class_list":["post-221996","post","type-post","status-publish","format-standard","has-post-thumbnail","hentry","category-portada","category-reynosa"],"_links":{"self":[{"href":"https:\/\/www.elsinodaldetamaulipas.com.mx\/index.php?rest_route=\/wp\/v2\/posts\/221996","targetHints":{"allow":["GET"]}}],"collection":[{"href":"https:\/\/www.elsinodaldetamaulipas.com.mx\/index.php?rest_route=\/wp\/v2\/posts"}],"about":[{"href":"https:\/\/www.elsinodaldetamaulipas.com.mx\/index.php?rest_route=\/wp\/v2\/types\/post"}],"author":[{"embeddable":true,"href":"https:\/\/www.elsinodaldetamaulipas.com.mx\/index.php?rest_route=\/wp\/v2\/users\/1"}],"replies":[{"embeddable":true,"href":"https:\/\/www.elsinodaldetamaulipas.com.mx\/index.php?rest_route=%2Fwp%2Fv2%2Fcomments&post=221996"}],"version-history":[{"count":1,"href":"https:\/\/www.elsinodaldetamaulipas.com.mx\/index.php?rest_route=\/wp\/v2\/posts\/221996\/revisions"}],"predecessor-version":[{"id":221999,"href":"https:\/\/www.elsinodaldetamaulipas.com.mx\/index.php?rest_route=\/wp\/v2\/posts\/221996\/revisions\/221999"}],"wp:featuredmedia":[{"embeddable":true,"href":"https:\/\/www.elsinodaldetamaulipas.com.mx\/index.php?rest_route=\/wp\/v2\/media\/221997"}],"wp:attachment":[{"href":"https:\/\/www.elsinodaldetamaulipas.com.mx\/index.php?rest_route=%2Fwp%2Fv2%2Fmedia&parent=221996"}],"wp:term":[{"taxonomy":"category","embeddable":true,"href":"https:\/\/www.elsinodaldetamaulipas.com.mx\/index.php?rest_route=%2Fwp%2Fv2%2Fcategories&post=221996"},{"taxonomy":"post_tag","embeddable":true,"href":"https:\/\/www.elsinodaldetamaulipas.com.mx\/index.php?rest_route=%2Fwp%2Fv2%2Ftags&post=221996"}],"curies":[{"name":"wp","href":"https:\/\/api.w.org\/{rel}","templated":true}]}}