{"id":222000,"date":"2026-04-26T17:57:26","date_gmt":"2026-04-26T21:57:26","guid":{"rendered":"https:\/\/www.elsinodaldetamaulipas.com.mx\/?p=222000"},"modified":"2026-04-26T17:57:26","modified_gmt":"2026-04-26T21:57:26","slug":"estrategia-caracter-y-futuro-en-movimiento","status":"publish","type":"post","link":"https:\/\/www.elsinodaldetamaulipas.com.mx\/?p=222000","title":{"rendered":"ESTRATEGIA, CAR\u00c1CTER Y FUTURO EN MOVIMIENTO"},"content":{"rendered":"<p>EL SINODAL DE TAMAULIPAS<\/p>\n<p>Hoy no se trata solo de crecer, se trata de trascender. El Dr. Francisco Chavira Mart\u00ednez, rector de la UNT M\u00e9xico Global University, se posiciona en el centro de la conversaci\u00f3n binacional al participar en la cumbre estrat\u00e9gica entre empresarios de M\u00e9xico y Estados Unidos en Canc\u00fan, donde se define el rumbo econ\u00f3mico de la regi\u00f3n. Su presencia no es casualidad, es liderazgo con visi\u00f3n: Fuerza y Car\u00e1cter que se traduce en resultados reales.<\/p>\n<p>Cuando la educaci\u00f3n se convierte en estrategia, el futuro deja de ser promesa y se vuelve destino. En este foro internacional, Chavira impulsa la integraci\u00f3n econ\u00f3mica del Valle del R\u00edo Grande con M\u00e9xico, promoviendo conexiones directas para inversi\u00f3n, comercio y cooperaci\u00f3n institucional. No es solo di\u00e1logo, es construcci\u00f3n de poder regional con sentido social: Firmeza y Convicci\u00f3n al servicio del desarrollo.<\/p>\n<p>Donde otros ven fronteras, \u00e9l construye oportunidades. La expansi\u00f3n de la UNT M\u00e9xico Global University hacia Texas y otras ciudades de Estados Unidos marca un paso decisivo en la internacionalizaci\u00f3n educativa, acercando formaci\u00f3n innovadora a trabajadores y empresarios. Esto no solo eleva la competitividad, redefine el acceso al progreso: Futuro con Causa para quienes quieren avanzar.<\/p>\n<p>El desarrollo no ocurre por accidente, se dirige con prop\u00f3sito. \u201cLa educaci\u00f3n es el motor del crecimiento de nuestras comunidades\u201d, afirma Chavira, consolidando a la UNT como agente de transformaci\u00f3n real en un entorno global. Su visi\u00f3n no es discursiva, es ejecutiva: generar oportunidades donde antes hab\u00eda l\u00edmites.<\/p>\n<p>Cuando se alinean visi\u00f3n, alianzas y liderazgo, nacen las grandes transformaciones. La cumbre se consolida como plataforma de diplomacia econ\u00f3mica que articula gobiernos, empresarios e inversionistas internacionales en sectores clave como log\u00edstica, comercio, infraestructura y desarrollo inmobiliario. En ese escenario, Chavira no participa: incide.<\/p>\n<p>Este es el momento de construir el ma\u00f1ana, con decisi\u00f3n y liderazgo. La integraci\u00f3n econ\u00f3mica, la inversi\u00f3n extranjera y el crecimiento sostenible encuentran en Francisco Chavira una figura que no solo entiende el cambio, sino que lo encabeza. Porque cuando hay Fortaleza que Cumple, el futuro deja de esperar\u2026 y comienza a construirse.<\/p>\n","protected":false},"excerpt":{"rendered":"<p>EL SINODAL DE TAMAULIPAS Hoy no se trata solo de crecer, se trata de trascender. El Dr. Francisco Chavira Mart\u00ednez, rector de la UNT M\u00e9xico Global University, se posiciona en el centro de la conversaci\u00f3n binacional al participar en la cumbre estrat\u00e9gica entre empresarios de M\u00e9xico y Estados Unidos en Canc\u00fan, donde se define el [&hellip;]<\/p>\n","protected":false},"author":1,"featured_media":222001,"comment_status":"closed","ping_status":"closed","sticky":false,"template":"","format":"standard","meta":{"footnotes":""},"categories":[1,2],"tags":[],"class_list":["post-222000","post","type-post","status-publish","format-standard","has-post-thumbnail","hentry","category-portada","category-reynosa"],"_links":{"self":[{"href":"https:\/\/www.elsinodaldetamaulipas.com.mx\/index.php?rest_route=\/wp\/v2\/posts\/222000","targetHints":{"allow":["GET"]}}],"collection":[{"href":"https:\/\/www.elsinodaldetamaulipas.com.mx\/index.php?rest_route=\/wp\/v2\/posts"}],"about":[{"href":"https:\/\/www.elsinodaldetamaulipas.com.mx\/index.php?rest_route=\/wp\/v2\/types\/post"}],"author":[{"embeddable":true,"href":"https:\/\/www.elsinodaldetamaulipas.com.mx\/index.php?rest_route=\/wp\/v2\/users\/1"}],"replies":[{"embeddable":true,"href":"https:\/\/www.elsinodaldetamaulipas.com.mx\/index.php?rest_route=%2Fwp%2Fv2%2Fcomments&post=222000"}],"version-history":[{"count":1,"href":"https:\/\/www.elsinodaldetamaulipas.com.mx\/index.php?rest_route=\/wp\/v2\/posts\/222000\/revisions"}],"predecessor-version":[{"id":222002,"href":"https:\/\/www.elsinodaldetamaulipas.com.mx\/index.php?rest_route=\/wp\/v2\/posts\/222000\/revisions\/222002"}],"wp:featuredmedia":[{"embeddable":true,"href":"https:\/\/www.elsinodaldetamaulipas.com.mx\/index.php?rest_route=\/wp\/v2\/media\/222001"}],"wp:attachment":[{"href":"https:\/\/www.elsinodaldetamaulipas.com.mx\/index.php?rest_route=%2Fwp%2Fv2%2Fmedia&parent=222000"}],"wp:term":[{"taxonomy":"category","embeddable":true,"href":"https:\/\/www.elsinodaldetamaulipas.com.mx\/index.php?rest_route=%2Fwp%2Fv2%2Fcategories&post=222000"},{"taxonomy":"post_tag","embeddable":true,"href":"https:\/\/www.elsinodaldetamaulipas.com.mx\/index.php?rest_route=%2Fwp%2Fv2%2Ftags&post=222000"}],"curies":[{"name":"wp","href":"https:\/\/api.w.org\/{rel}","templated":true}]}}