{"id":222003,"date":"2026-04-27T18:07:25","date_gmt":"2026-04-27T22:07:25","guid":{"rendered":"https:\/\/www.elsinodaldetamaulipas.com.mx\/?p=222003"},"modified":"2026-04-27T18:07:25","modified_gmt":"2026-04-27T22:07:25","slug":"clima-de-desolacion-en-el-agro-tamaulipeco-cnc","status":"publish","type":"post","link":"https:\/\/www.elsinodaldetamaulipas.com.mx\/?p=222003","title":{"rendered":"CLIMA DE DESOLACI\u00d3N EN EL AGRO TAMAULIPECO: CNC"},"content":{"rendered":"<p><em><strong>Por Gil Vicente Galindo\/EL SINODAL DE TAMAULIPAS<\/strong><\/em><\/p>\n<p>Reynosa, Tam.- Estamos en la ruina, no hay conque trabajar las tierras, son miles las hect\u00e1reas que est\u00e1n abandonadas, incluso unas parcelas tienen a\u00f1os que no se puede sembrar nada, los huizaches han invadido los predios, as\u00ed de triste est\u00e1, la situaci\u00f3n\u2026\u201d<\/p>\n<p>El dirigente del 14avo Comit\u00e9 Municipal Agrario, Javier Garza Sosa revel\u00f3 lo anterior, subrayando que pr\u00e1cticamente el ejido, est\u00e1 agonizando, en temporal se qued\u00f3 sin sembrar, m\u00e1s que unas pocas hect\u00e1reas aprovechando las lluvias de hace 15 d\u00edas.<\/p>\n<p><img loading=\"lazy\" decoding=\"async\" class=\"aligncenter wp-image-222005 size-full\" src=\"https:\/\/www.elsinodaldetamaulipas.com.mx\/wp-content\/uploads\/2026\/04\/SIEMBRAS-1.jpg\" alt=\"\" width=\"1600\" height=\"1219\" srcset=\"https:\/\/www.elsinodaldetamaulipas.com.mx\/wp-content\/uploads\/2026\/04\/SIEMBRAS-1.jpg 1600w, https:\/\/www.elsinodaldetamaulipas.com.mx\/wp-content\/uploads\/2026\/04\/SIEMBRAS-1-300x229.jpg 300w, https:\/\/www.elsinodaldetamaulipas.com.mx\/wp-content\/uploads\/2026\/04\/SIEMBRAS-1-1024x780.jpg 1024w, https:\/\/www.elsinodaldetamaulipas.com.mx\/wp-content\/uploads\/2026\/04\/SIEMBRAS-1-768x585.jpg 768w, https:\/\/www.elsinodaldetamaulipas.com.mx\/wp-content\/uploads\/2026\/04\/SIEMBRAS-1-1536x1170.jpg 1536w\" sizes=\"auto, (max-width: 1600px) 100vw, 1600px\" \/><\/p>\n<p>\u201cEl gobierno federal no tiene tiempo para voltear a vernos, sabemos que tienen muchos problemas, pero nos urge la atenci\u00f3n con apoyos para semilla, di\u00e9sel y precio de garant\u00eda, por lo pronto, no habr\u00e1 mucha cosecha\u201d, dijo.<\/p>\n<p>Son muchas las parcelas que las ves y est\u00e1n a media tasa, otras de plano, enteramente \u201csecas\u201d, te digo, los huizaches ya crecen dentro donde deber\u00eda haber plant\u00edos, pero da tristeza y coraje, pero estamos de pie si se\u00f1or,-arremeti\u00f3- Javier Garza Sosa.<\/p>\n<p>\u201cVamos a unirnos y as\u00ed tocar puertas en el estado, municipio y claro, ante la federaci\u00f3n para que nos ayuden de manera urgente, ojala y los pol\u00edticos se acuerden del campo, ac\u00e1 estamos esperando a que nos apoyen\u201d, reitero el l\u00edder de la CNC Reynosa.<\/p>\n","protected":false},"excerpt":{"rendered":"<p>Por Gil Vicente Galindo\/EL SINODAL DE TAMAULIPAS Reynosa, Tam.- Estamos en la ruina, no hay conque trabajar las tierras, son miles las hect\u00e1reas que est\u00e1n abandonadas, incluso unas parcelas tienen a\u00f1os que no se puede sembrar nada, los huizaches han invadido los predios, as\u00ed de triste est\u00e1, la situaci\u00f3n\u2026\u201d El dirigente del 14avo Comit\u00e9 Municipal [&hellip;]<\/p>\n","protected":false},"author":1,"featured_media":222004,"comment_status":"closed","ping_status":"closed","sticky":false,"template":"","format":"standard","meta":{"footnotes":""},"categories":[1,2],"tags":[],"class_list":["post-222003","post","type-post","status-publish","format-standard","has-post-thumbnail","hentry","category-portada","category-reynosa"],"_links":{"self":[{"href":"https:\/\/www.elsinodaldetamaulipas.com.mx\/index.php?rest_route=\/wp\/v2\/posts\/222003","targetHints":{"allow":["GET"]}}],"collection":[{"href":"https:\/\/www.elsinodaldetamaulipas.com.mx\/index.php?rest_route=\/wp\/v2\/posts"}],"about":[{"href":"https:\/\/www.elsinodaldetamaulipas.com.mx\/index.php?rest_route=\/wp\/v2\/types\/post"}],"author":[{"embeddable":true,"href":"https:\/\/www.elsinodaldetamaulipas.com.mx\/index.php?rest_route=\/wp\/v2\/users\/1"}],"replies":[{"embeddable":true,"href":"https:\/\/www.elsinodaldetamaulipas.com.mx\/index.php?rest_route=%2Fwp%2Fv2%2Fcomments&post=222003"}],"version-history":[{"count":1,"href":"https:\/\/www.elsinodaldetamaulipas.com.mx\/index.php?rest_route=\/wp\/v2\/posts\/222003\/revisions"}],"predecessor-version":[{"id":222006,"href":"https:\/\/www.elsinodaldetamaulipas.com.mx\/index.php?rest_route=\/wp\/v2\/posts\/222003\/revisions\/222006"}],"wp:featuredmedia":[{"embeddable":true,"href":"https:\/\/www.elsinodaldetamaulipas.com.mx\/index.php?rest_route=\/wp\/v2\/media\/222004"}],"wp:attachment":[{"href":"https:\/\/www.elsinodaldetamaulipas.com.mx\/index.php?rest_route=%2Fwp%2Fv2%2Fmedia&parent=222003"}],"wp:term":[{"taxonomy":"category","embeddable":true,"href":"https:\/\/www.elsinodaldetamaulipas.com.mx\/index.php?rest_route=%2Fwp%2Fv2%2Fcategories&post=222003"},{"taxonomy":"post_tag","embeddable":true,"href":"https:\/\/www.elsinodaldetamaulipas.com.mx\/index.php?rest_route=%2Fwp%2Fv2%2Ftags&post=222003"}],"curies":[{"name":"wp","href":"https:\/\/api.w.org\/{rel}","templated":true}]}}