{"id":222008,"date":"2026-04-27T23:05:17","date_gmt":"2026-04-28T03:05:17","guid":{"rendered":"https:\/\/www.elsinodaldetamaulipas.com.mx\/?p=222008"},"modified":"2026-04-27T23:05:17","modified_gmt":"2026-04-28T03:05:17","slug":"dejad-que-los-ninos-se-acerquen-a-mi-ava","status":"publish","type":"post","link":"https:\/\/www.elsinodaldetamaulipas.com.mx\/?p=222008","title":{"rendered":"DEJAD QUE LOS NI\u00d1OS SE ACERQUEN A MI: AVA"},"content":{"rendered":"<p><strong>*.\u2014KARL BECKER Y LUIS GARC\u00cdA PARTICIPAN EN PERROTON CANINO VICTORENSE 2026. AMBOS ASPIRAN A LA ALCALD\u00cdA.<\/strong><\/p>\n<p>El entusiasmo y la buena vibra en su estado mas puro, se le entreg\u00f3 al gobernador Am\u00e9rico Villarreal Anaya, este lunes al llegar a la escuela primaria \u201cRep\u00fablica de M\u00e9xico\u201d. En este plantel se llev\u00f3 a cabo la ceremonia de honores a los s\u00edmbolos patrios.<\/p>\n<p>AVA fue ovacionado por cientos de ni\u00f1as y de ni\u00f1os que gritaron a todo pulm\u00f3n arengas a favor del cardi\u00f3logo que se encamina hacia el cuarto a\u00f1o de su administraci\u00f3n, con muy buenos resultados e indicadores.<\/p>\n<p>\u2014\u00a1Gobernador!, \u00a1gobernador!, \u00a1gobernador!.<\/p>\n<p>La semana que reci\u00e9n concluy\u00f3 fue dominada por una agenda gubernamental de apapachos a favor de los ni\u00f1os y adolescentes. Miles de ellos participaron en el festival Difzania organizado por el DIF tamaulipeco.<\/p>\n<p>Este lunes de honores, para coronar con broche de oro, el gobernador AVA presidi\u00f3 la entrega simb\u00f3lica de un apoyo por 4 millones de pesos en material de apoyo a la comunidad escolar de nuestro estado. Hablamos de varios camiones con 700 pupitres nuevos y mil 400 latas de pintura, destinados al remozamiento de la infraestructura educativa. Todo este apoyo ser\u00e1 distribuido en los 43 municipios.<\/p>\n<p>\u2013Que disfruten ustedes de esta ni\u00f1ez, que es lo m\u00e1s importante que tenemos los adultos. Y verlos crecer sanos y verlos crecer fuertes. Y verlos crecer con mucho conocimiento, para que en un futuro sean y contribuyan ustedes tambi\u00e9n al desarrollo de este gran estado, les dijo a sus peque\u00f1ines anfitriones, un emotivo titular del Ejecutivo estatal.<\/p>\n<p>Uno de los ganones de esta ma\u00f1ana de abril en la escuela primaria \u201cRep\u00fablica de M\u00e9xico\u201d, fue su Director Emmanuel de la Garza Garc\u00eda. Am\u00e9rico le cumpli\u00f3 a su escuela , todas y cada una de anteriores peticiones. Desde ahora ya cuentan con una cancha digna, material deportivo, pintura para el plantel, mobiliario escolar, unidad de ba\u00f1os para ni\u00f1as y ni\u00f1os. As\u00ed como el equipamiento de un aula escolar.<\/p>\n<p>Por otra parte, trascendi\u00f3 que derivado de la reuni\u00f3n con la Uni\u00f3n Ganadera Regional de Tamaulipas, la administraci\u00f3n estatal destinar\u00e1 15 millones de pesos para combatir al gusano barrenador.<\/p>\n<p>\u2014SIGUE AM\u00c9RICO CONSTRUYENDO CON ACCIONES CONCRETAS LA PAZ SOCIAL\u2014-<\/p>\n<p>Sabemos de antemano que el tema duro de la inseguridad, es altamente complejo, y ning\u00fan gobierno de todos los niveles se ve exento de sus riesgos y amenazas. Sin embargo, tambi\u00e9n corroboramos en este sentido, el esfuerzo diario por parte de las instituciones estatales presididas por el gobernador AVA.<\/p>\n<p>Este lunes, desde la plataforma X, el gobernador texteo:<\/p>\n<p>\u2014En la mesa de paz, junto al equipo, revisamos los temas prioritarios de Tamaulipas. Seguimos fortaleciendo los operativos con resultados claros en seguridad, y una mayor presencia en territorio. Nuestra prioridad es la tranquilidad de las familias tamaulipecas.<\/p>\n<p>Por cierto, este lunes la Fiscal\u00eda General de la Rep\u00fablica inform\u00f3 a trav\u00e9s de un bolet\u00edn, sobre una serie de acciones en un municipio de la frontera tamaulipeca. De igual manera la vocer\u00eda tamaulipeca inform\u00f3 sobre estos hechos que generaron una serie de bloqueos algunos sectores de la ciudad de Reynosa. Posteriormente los espacios p\u00fablicos fueron despejados.<\/p>\n<p>El gobernador AVA reiter\u00f3 el compromiso de su administraci\u00f3n de mantener la coordinaci\u00f3n para mantener el orden y la seguridad. Y ante todo la tranquilidad de la poblaci\u00f3n.<\/p>\n<p>\u2014ENTREGALALO GATTAS OBRAS EN LA SECUNDARIA OCHO\u2014<\/p>\n<p>El alcalde victorense Eduardo Gattas Baez regres\u00f3 a la escuela secundaria ocho, \u201cBlas Uvalle\u201d, para entregar un paquete de obras, destinadas a fortalecer la infraestructura y equipo de esa instituci\u00f3n educativa.<\/p>\n<p>\u2013Sabemos que el bienestar, la seguridad, y la salud de los j\u00f3venes estudiantes son fundamentales para que aprendan en mejores condiciones. Seguimos trabajando para que cada espacio de Victoria, sea un espacio digno y seguro, escribi\u00f3 LG.<\/p>\n<p>\u2014\u2014\u2014LUIS GARC\u00cdA Y KARL HEINZ BECKER HERNANDEZ ORGANIZAN PERROTON\u2014-<\/p>\n<p>El titular de la Comisi\u00f3n de Caza y Pesca del estado Luis Garc\u00eda y el Secretario de SEDUMA, Karl Heinz Becker se sumaron este fin de semana a las actividades en pro de las mascotas. Y fueron las figuras p\u00fablicas m\u00e1s sobresalientes del llamado perrot\u00f3n K nino 2026.<\/p>\n","protected":false},"excerpt":{"rendered":"<p>*.\u2014KARL BECKER Y LUIS GARC\u00cdA PARTICIPAN EN PERROTON CANINO VICTORENSE 2026. AMBOS ASPIRAN A LA ALCALD\u00cdA. El entusiasmo y la buena vibra en su estado mas puro, se le entreg\u00f3 al gobernador Am\u00e9rico Villarreal Anaya, este lunes al llegar a la escuela primaria \u201cRep\u00fablica de M\u00e9xico\u201d. En este plantel se llev\u00f3 a cabo la ceremonia [&hellip;]<\/p>\n","protected":false},"author":1,"featured_media":213888,"comment_status":"closed","ping_status":"closed","sticky":false,"template":"","format":"standard","meta":{"footnotes":""},"categories":[16],"tags":[],"class_list":["post-222008","post","type-post","status-publish","format-standard","has-post-thumbnail","hentry","category-opinion"],"_links":{"self":[{"href":"https:\/\/www.elsinodaldetamaulipas.com.mx\/index.php?rest_route=\/wp\/v2\/posts\/222008","targetHints":{"allow":["GET"]}}],"collection":[{"href":"https:\/\/www.elsinodaldetamaulipas.com.mx\/index.php?rest_route=\/wp\/v2\/posts"}],"about":[{"href":"https:\/\/www.elsinodaldetamaulipas.com.mx\/index.php?rest_route=\/wp\/v2\/types\/post"}],"author":[{"embeddable":true,"href":"https:\/\/www.elsinodaldetamaulipas.com.mx\/index.php?rest_route=\/wp\/v2\/users\/1"}],"replies":[{"embeddable":true,"href":"https:\/\/www.elsinodaldetamaulipas.com.mx\/index.php?rest_route=%2Fwp%2Fv2%2Fcomments&post=222008"}],"version-history":[{"count":1,"href":"https:\/\/www.elsinodaldetamaulipas.com.mx\/index.php?rest_route=\/wp\/v2\/posts\/222008\/revisions"}],"predecessor-version":[{"id":222045,"href":"https:\/\/www.elsinodaldetamaulipas.com.mx\/index.php?rest_route=\/wp\/v2\/posts\/222008\/revisions\/222045"}],"wp:featuredmedia":[{"embeddable":true,"href":"https:\/\/www.elsinodaldetamaulipas.com.mx\/index.php?rest_route=\/wp\/v2\/media\/213888"}],"wp:attachment":[{"href":"https:\/\/www.elsinodaldetamaulipas.com.mx\/index.php?rest_route=%2Fwp%2Fv2%2Fmedia&parent=222008"}],"wp:term":[{"taxonomy":"category","embeddable":true,"href":"https:\/\/www.elsinodaldetamaulipas.com.mx\/index.php?rest_route=%2Fwp%2Fv2%2Fcategories&post=222008"},{"taxonomy":"post_tag","embeddable":true,"href":"https:\/\/www.elsinodaldetamaulipas.com.mx\/index.php?rest_route=%2Fwp%2Fv2%2Ftags&post=222008"}],"curies":[{"name":"wp","href":"https:\/\/api.w.org\/{rel}","templated":true}]}}