{"id":222009,"date":"2026-04-27T21:25:18","date_gmt":"2026-04-28T01:25:18","guid":{"rendered":"https:\/\/www.elsinodaldetamaulipas.com.mx\/?p=222009"},"modified":"2026-04-27T21:25:18","modified_gmt":"2026-04-28T01:25:18","slug":"itr-cumple-con-temas-transparencia-y-austeridad","status":"publish","type":"post","link":"https:\/\/www.elsinodaldetamaulipas.com.mx\/?p=222009","title":{"rendered":"ITR CUMPLE CON TEMAS TRANSPARENCIA Y AUSTERIDAD"},"content":{"rendered":"<p><em><strong>Por Gil Vicente Galindo\/EL SINODAL DE TAMAULIPAS<\/strong><\/em><\/p>\n<p>Reynosa, Tam.- Con el objetivo de mantener informada a su comunidad tecnol\u00f3gica y fortalecer la transparencia institucional, el director del TecNM Reynosa, maestro Ludovico Hern\u00e1ndez Aguilar, present\u00f3 su Rendici\u00f3n de Cuentas 2025.<\/p>\n<p>El evento dio inicio con la bienvenida y presentaci\u00f3n de invitados, para posteriormente dar paso a la exposici\u00f3n del informe a cargo del director del Instituto, maestro Ludovico Hern\u00e1ndez Aguilar, quien destac\u00f3 los resultados, avances y acciones m\u00e1s relevantes del periodo. La ceremonia concluy\u00f3 con el mensaje de despedida.<img loading=\"lazy\" decoding=\"async\" class=\"aligncenter wp-image-222022 size-full\" src=\"https:\/\/www.elsinodaldetamaulipas.com.mx\/wp-content\/uploads\/2026\/04\/LUDOVICO-2.jpg\" alt=\"\" width=\"894\" height=\"487\" srcset=\"https:\/\/www.elsinodaldetamaulipas.com.mx\/wp-content\/uploads\/2026\/04\/LUDOVICO-2.jpg 894w, https:\/\/www.elsinodaldetamaulipas.com.mx\/wp-content\/uploads\/2026\/04\/LUDOVICO-2-300x163.jpg 300w, https:\/\/www.elsinodaldetamaulipas.com.mx\/wp-content\/uploads\/2026\/04\/LUDOVICO-2-768x418.jpg 768w\" sizes=\"auto, (max-width: 894px) 100vw, 894px\" \/><\/p>\n<p>Durante el acto se cont\u00f3 con la asistencia de estudiantes, personal docente, administrativo y jefes de departamento, as\u00ed como del ingeniero Jos\u00e9 Mart\u00edn Sena S\u00e1nchez, Secretario General de la Delegaci\u00f3n Sindical D-V-104, reforzando la participaci\u00f3n de la comunidad en este ejercicio institucional.<\/p>\n<p>-Agradezco su confianza y el trabajo realizado en equipo, todos estos grandes avances tanto acad\u00e9micos, infraestructura, logros deportivos, tecnol\u00f3gicos es para beneficio y orgullo TecNM, gracias comunidad-, dijo en su mensaje el director del plantel.<\/p>\n<p>Para el maestro Ludovico Hern\u00e1ndez Aguilar, el dar fiel cumplimiento a planes y programas, as\u00ed como establecer la transparencia, ahorro y austeridad del plantel que marca la direcci\u00f3n general del maestro Ram\u00f3n Jim\u00e9nez L\u00f3pez.<\/p>\n","protected":false},"excerpt":{"rendered":"<p>Por Gil Vicente Galindo\/EL SINODAL DE TAMAULIPAS Reynosa, Tam.- Con el objetivo de mantener informada a su comunidad tecnol\u00f3gica y fortalecer la transparencia institucional, el director del TecNM Reynosa, maestro Ludovico Hern\u00e1ndez Aguilar, present\u00f3 su Rendici\u00f3n de Cuentas 2025. El evento dio inicio con la bienvenida y presentaci\u00f3n de invitados, para posteriormente dar paso a [&hellip;]<\/p>\n","protected":false},"author":1,"featured_media":222021,"comment_status":"closed","ping_status":"closed","sticky":false,"template":"","format":"standard","meta":{"footnotes":""},"categories":[1,2],"tags":[],"class_list":["post-222009","post","type-post","status-publish","format-standard","has-post-thumbnail","hentry","category-portada","category-reynosa"],"_links":{"self":[{"href":"https:\/\/www.elsinodaldetamaulipas.com.mx\/index.php?rest_route=\/wp\/v2\/posts\/222009","targetHints":{"allow":["GET"]}}],"collection":[{"href":"https:\/\/www.elsinodaldetamaulipas.com.mx\/index.php?rest_route=\/wp\/v2\/posts"}],"about":[{"href":"https:\/\/www.elsinodaldetamaulipas.com.mx\/index.php?rest_route=\/wp\/v2\/types\/post"}],"author":[{"embeddable":true,"href":"https:\/\/www.elsinodaldetamaulipas.com.mx\/index.php?rest_route=\/wp\/v2\/users\/1"}],"replies":[{"embeddable":true,"href":"https:\/\/www.elsinodaldetamaulipas.com.mx\/index.php?rest_route=%2Fwp%2Fv2%2Fcomments&post=222009"}],"version-history":[{"count":1,"href":"https:\/\/www.elsinodaldetamaulipas.com.mx\/index.php?rest_route=\/wp\/v2\/posts\/222009\/revisions"}],"predecessor-version":[{"id":222023,"href":"https:\/\/www.elsinodaldetamaulipas.com.mx\/index.php?rest_route=\/wp\/v2\/posts\/222009\/revisions\/222023"}],"wp:featuredmedia":[{"embeddable":true,"href":"https:\/\/www.elsinodaldetamaulipas.com.mx\/index.php?rest_route=\/wp\/v2\/media\/222021"}],"wp:attachment":[{"href":"https:\/\/www.elsinodaldetamaulipas.com.mx\/index.php?rest_route=%2Fwp%2Fv2%2Fmedia&parent=222009"}],"wp:term":[{"taxonomy":"category","embeddable":true,"href":"https:\/\/www.elsinodaldetamaulipas.com.mx\/index.php?rest_route=%2Fwp%2Fv2%2Fcategories&post=222009"},{"taxonomy":"post_tag","embeddable":true,"href":"https:\/\/www.elsinodaldetamaulipas.com.mx\/index.php?rest_route=%2Fwp%2Fv2%2Ftags&post=222009"}],"curies":[{"name":"wp","href":"https:\/\/api.w.org\/{rel}","templated":true}]}}