{"id":222024,"date":"2026-04-27T21:55:29","date_gmt":"2026-04-28T01:55:29","guid":{"rendered":"https:\/\/www.elsinodaldetamaulipas.com.mx\/?p=222024"},"modified":"2026-04-27T21:55:29","modified_gmt":"2026-04-28T01:55:29","slug":"fomentan-desde-el-congreso-inclusion-educativa","status":"publish","type":"post","link":"https:\/\/www.elsinodaldetamaulipas.com.mx\/?p=222024","title":{"rendered":"FOMENTAN DESDE EL CONGRESO INCLUSI\u00d3N EDUCATIVA"},"content":{"rendered":"<p>EL SINODAL DE TAMAULIPAS<\/p>\n<p>Ciudad Victoria, Tam.- En el Congreso local se desarrollaron los trabajos del Segundo Parlamento Infantil del Consejo Consultivo del Observatorio Participativo e Inclusivo de Ni\u00f1as, Ni\u00f1os y Adolescentes de Tamaulipas, donde los infantes vivieron una jornada legislativa que incluy\u00f3 reuni\u00f3n de comisiones y sesi\u00f3n plenaria, en la que presentaron, analizaron y aprobaron una iniciativa orientada a fortalecer la inclusi\u00f3n educativa.<\/p>\n<p>&nbsp;<\/p>\n<p>Durante la ceremonia inaugural, el presidente de la Junta de Gobierno, diputado Humberto Prieto Herrera, destac\u00f3 la importancia de escuchar a las infancias como parte fundamental en la construcci\u00f3n de un mejor Tamaulipas.<\/p>\n<p>&nbsp;<\/p>\n<p>\u201cHoy este Congreso les da voz, los escucha con seriedad y con la convicci\u00f3n de que muchas de las mejores respuestas a los desaf\u00edos que enfrentamos pueden venir precisamente de ustedes\u201d, expres\u00f3.<\/p>\n<p><img loading=\"lazy\" decoding=\"async\" class=\"aligncenter wp-image-222026 size-full\" src=\"https:\/\/www.elsinodaldetamaulipas.com.mx\/wp-content\/uploads\/2026\/04\/PARLAMENTO-2.jpg\" alt=\"\" width=\"894\" height=\"487\" srcset=\"https:\/\/www.elsinodaldetamaulipas.com.mx\/wp-content\/uploads\/2026\/04\/PARLAMENTO-2.jpg 894w, https:\/\/www.elsinodaldetamaulipas.com.mx\/wp-content\/uploads\/2026\/04\/PARLAMENTO-2-300x163.jpg 300w, https:\/\/www.elsinodaldetamaulipas.com.mx\/wp-content\/uploads\/2026\/04\/PARLAMENTO-2-768x418.jpg 768w\" sizes=\"auto, (max-width: 894px) 100vw, 894px\" \/><\/p>\n<p>Como parte de las actividades parlamentarias, se llev\u00f3 a cabo una reuni\u00f3n de comisi\u00f3n integrada por las y los diputados infantiles Fernanda Sol\u00eds Alaffa, Ad\u00e1n Noel Dom\u00ednguez Mart\u00ednez, Denssel Alesandro G\u00f3mez Maldonado, C\u00e9sar Eduardo De La Garza Sald\u00edvar y Julia Nirvana Trujillo Mart\u00ednez, donde fue analizada y dictaminada la iniciativa con Proyecto de Decreto para incorporar la figura del \u201cmaestro sombra\u201d en la legislaci\u00f3n estatal, como apoyo especializado para ni\u00f1as, ni\u00f1os y adolescentes con condici\u00f3n del espectro autista y trastornos del neurodesarrollo.<\/p>\n<p>&nbsp;<\/p>\n<p>En este marco, la legisladora Yuriria Iturbe V\u00e1zquez reconoci\u00f3 la participaci\u00f3n responsable de las y los integrantes del Parlamento Infantil y subray\u00f3 que sus ideas son fundamentales para la labor legislativa.<\/p>\n<p>\u201cCada vez que ustedes opinan y dicen lo que piensan es muy valioso; participen siempre, porque sus voces importan y ayudan a construir un mejor entorno para todas y todos\u201d, resalt\u00f3.<\/p>\n<p>&nbsp;<\/p>\n<p>Posteriormente, en sesi\u00f3n plenaria, las y los parlamentarios infantiles aprobaron la propuesta para fortalecer el marco jur\u00eddico estatal mediante el reconocimiento del \u201cmaestro sombra\u201d, iniciativa encaminada a garantizar mayores apoyos para la inclusi\u00f3n y permanencia escolar de estudiantes con necesidades espec\u00edficas.<\/p>\n<p>&nbsp;<\/p>\n<p>Durante la sesi\u00f3n, el diputado y consejero infantil, Diego Estrada Navarro, del municipio de Ciudad Madero, agradeci\u00f3 al Congreso del Estado por brindar este espacio de participaci\u00f3n y destac\u00f3 que este ejercicio demuestra que en Tamaulipas las voces de ni\u00f1as, ni\u00f1os y adolescentes son escuchadas y tomadas en cuenta en la construcci\u00f3n de pol\u00edticas p\u00fablicas.<\/p>\n","protected":false},"excerpt":{"rendered":"<p>EL SINODAL DE TAMAULIPAS Ciudad Victoria, Tam.- En el Congreso local se desarrollaron los trabajos del Segundo Parlamento Infantil del Consejo Consultivo del Observatorio Participativo e Inclusivo de Ni\u00f1as, Ni\u00f1os y Adolescentes de Tamaulipas, donde los infantes vivieron una jornada legislativa que incluy\u00f3 reuni\u00f3n de comisiones y sesi\u00f3n plenaria, en la que presentaron, analizaron y [&hellip;]<\/p>\n","protected":false},"author":1,"featured_media":222025,"comment_status":"closed","ping_status":"closed","sticky":false,"template":"","format":"standard","meta":{"footnotes":""},"categories":[1,3],"tags":[],"class_list":["post-222024","post","type-post","status-publish","format-standard","has-post-thumbnail","hentry","category-portada","category-tamaulipas"],"_links":{"self":[{"href":"https:\/\/www.elsinodaldetamaulipas.com.mx\/index.php?rest_route=\/wp\/v2\/posts\/222024","targetHints":{"allow":["GET"]}}],"collection":[{"href":"https:\/\/www.elsinodaldetamaulipas.com.mx\/index.php?rest_route=\/wp\/v2\/posts"}],"about":[{"href":"https:\/\/www.elsinodaldetamaulipas.com.mx\/index.php?rest_route=\/wp\/v2\/types\/post"}],"author":[{"embeddable":true,"href":"https:\/\/www.elsinodaldetamaulipas.com.mx\/index.php?rest_route=\/wp\/v2\/users\/1"}],"replies":[{"embeddable":true,"href":"https:\/\/www.elsinodaldetamaulipas.com.mx\/index.php?rest_route=%2Fwp%2Fv2%2Fcomments&post=222024"}],"version-history":[{"count":1,"href":"https:\/\/www.elsinodaldetamaulipas.com.mx\/index.php?rest_route=\/wp\/v2\/posts\/222024\/revisions"}],"predecessor-version":[{"id":222027,"href":"https:\/\/www.elsinodaldetamaulipas.com.mx\/index.php?rest_route=\/wp\/v2\/posts\/222024\/revisions\/222027"}],"wp:featuredmedia":[{"embeddable":true,"href":"https:\/\/www.elsinodaldetamaulipas.com.mx\/index.php?rest_route=\/wp\/v2\/media\/222025"}],"wp:attachment":[{"href":"https:\/\/www.elsinodaldetamaulipas.com.mx\/index.php?rest_route=%2Fwp%2Fv2%2Fmedia&parent=222024"}],"wp:term":[{"taxonomy":"category","embeddable":true,"href":"https:\/\/www.elsinodaldetamaulipas.com.mx\/index.php?rest_route=%2Fwp%2Fv2%2Fcategories&post=222024"},{"taxonomy":"post_tag","embeddable":true,"href":"https:\/\/www.elsinodaldetamaulipas.com.mx\/index.php?rest_route=%2Fwp%2Fv2%2Ftags&post=222024"}],"curies":[{"name":"wp","href":"https:\/\/api.w.org\/{rel}","templated":true}]}}